{"id":370735,"date":"2025-11-13T10:32:25","date_gmt":"2025-11-13T13:32:25","guid":{"rendered":"https:\/\/www.notibras.com\/site\/?p=370735"},"modified":"2025-11-13T12:36:30","modified_gmt":"2025-11-13T15:36:30","slug":"nordestinos-transformam-saudade-em-poesia","status":"publish","type":"post","link":"https:\/\/www.notibras.com\/site\/nordestinos-transformam-saudade-em-poesia\/","title":{"rendered":"Nordestinos transformam saudade em poesia"},"content":{"rendered":"<p>No Nordeste, at\u00e9 a saudade tem ritmo. Ela se mistura ao som do vento que dan\u00e7a no coqueiral, \u00e0s lembran\u00e7as de um forr\u00f3 tocado no terreiro e \u00e0 voz rouca do sanfoneiro que insiste em cantar o amor que partiu, mas nunca foi embora de verdade.<\/p>\n<p>Ser nordestino \u00e9 transformar aus\u00eancia em presen\u00e7a \u2014 \u00e9 fazer da saudade um verso, um cordel, uma cantiga. \u00c9 lembrar do que ficou pra tr\u00e1s e, ainda assim, sorrir, porque a lembran\u00e7a n\u00e3o d\u00f3i: ensina. O sertanejo que v\u00ea o sol rachar o ch\u00e3o aprende cedo que a vida n\u00e3o \u00e9 feita s\u00f3 de fartura, mas de resist\u00eancia e f\u00e9.<\/p>\n<p>Na beira da cal\u00e7ada, o poeta improvisa: fala da seca, do amor e da esperan\u00e7a, como quem fala de velhos conhecidos. A mulher rendeira, entre linhas e agulhas, borda o tempo com a mesma delicadeza com que guarda as mem\u00f3rias. E o vaqueiro, montado no seu cavalo, sabe que cada jornada \u00e9 tamb\u00e9m uma forma de ora\u00e7\u00e3o.<\/p>\n<p>No Nordeste, o cora\u00e7\u00e3o pulsa diferente. A saudade n\u00e3o \u00e9 peso \u2014 \u00e9 mat\u00e9ria-prima de arte. Porque o nordestino n\u00e3o se conforma com o sil\u00eancio: ele o preenche com palavras, melodias e sonhos. E assim, entre o ontem e o amanh\u00e3, transforma dor em beleza, aus\u00eancia em presen\u00e7a e saudade&#8230; em poesia.<\/p>\n","protected":false},"excerpt":{"rendered":"<p>No Nordeste, at\u00e9 a saudade tem ritmo. Ela se mistura ao som do vento que dan\u00e7a no coqueiral, \u00e0s lembran\u00e7as de um forr\u00f3 tocado no terreiro e \u00e0 voz rouca do sanfoneiro que insiste em cantar o amor que partiu, mas nunca foi embora de verdade. Ser nordestino \u00e9 transformar aus\u00eancia em presen\u00e7a \u2014 \u00e9 [&hellip;]<\/p>\n","protected":false},"author":2,"featured_media":370736,"comment_status":"closed","ping_status":"closed","sticky":false,"template":"","format":"standard","meta":{"_acf_changed":false,"footnotes":""},"categories":[165],"tags":[],"class_list":["post-370735","post","type-post","status-publish","format-standard","has-post-thumbnail","hentry","category-nordeste"],"acf":[],"_links":{"self":[{"href":"https:\/\/www.notibras.com\/site\/wp-json\/wp\/v2\/posts\/370735","targetHints":{"allow":["GET"]}}],"collection":[{"href":"https:\/\/www.notibras.com\/site\/wp-json\/wp\/v2\/posts"}],"about":[{"href":"https:\/\/www.notibras.com\/site\/wp-json\/wp\/v2\/types\/post"}],"author":[{"embeddable":true,"href":"https:\/\/www.notibras.com\/site\/wp-json\/wp\/v2\/users\/2"}],"replies":[{"embeddable":true,"href":"https:\/\/www.notibras.com\/site\/wp-json\/wp\/v2\/comments?post=370735"}],"version-history":[{"count":1,"href":"https:\/\/www.notibras.com\/site\/wp-json\/wp\/v2\/posts\/370735\/revisions"}],"predecessor-version":[{"id":370737,"href":"https:\/\/www.notibras.com\/site\/wp-json\/wp\/v2\/posts\/370735\/revisions\/370737"}],"wp:featuredmedia":[{"embeddable":true,"href":"https:\/\/www.notibras.com\/site\/wp-json\/wp\/v2\/media\/370736"}],"wp:attachment":[{"href":"https:\/\/www.notibras.com\/site\/wp-json\/wp\/v2\/media?parent=370735"}],"wp:term":[{"taxonomy":"category","embeddable":true,"href":"https:\/\/www.notibras.com\/site\/wp-json\/wp\/v2\/categories?post=370735"},{"taxonomy":"post_tag","embeddable":true,"href":"https:\/\/www.notibras.com\/site\/wp-json\/wp\/v2\/tags?post=370735"}],"curies":[{"name":"wp","href":"https:\/\/api.w.org\/{rel}","templated":true}]}}