{"id":370738,"date":"2025-11-13T09:36:36","date_gmt":"2025-11-13T12:36:36","guid":{"rendered":"https:\/\/www.notibras.com\/site\/?p=370738"},"modified":"2025-11-13T12:39:28","modified_gmt":"2025-11-13T15:39:28","slug":"tomografos-em-natal-ficam-sem-funcionar-pela-terceira-vez-em-dois-meses","status":"publish","type":"post","link":"https:\/\/www.notibras.com\/site\/tomografos-em-natal-ficam-sem-funcionar-pela-terceira-vez-em-dois-meses\/","title":{"rendered":"Tom\u00f3grafos em Natal ficam sem funcionar pela terceira vez em dois meses"},"content":{"rendered":"<p>Os tom\u00f3grafos do Hospital Monsenhor Walfredo Gurgel, em Natal, voltaram a apresentar problemas e est\u00e3o fora de funcionamento pela terceira vez em menos de dois meses. A paralisa\u00e7\u00e3o dos equipamentos tem causado atrasos em exames e impacto direto no atendimento a pacientes que dependem do servi\u00e7o de diagn\u00f3stico por imagem na principal unidade de urg\u00eancia e emerg\u00eancia do Rio Grande do Norte.<\/p>\n<p>De acordo com profissionais do hospital, a falta de manuten\u00e7\u00e3o adequada e falhas t\u00e9cnicas recorrentes s\u00e3o as principais causas das interrup\u00e7\u00f5es. Sem os tom\u00f3grafos, pacientes em estado grave precisam ser transferidos para outras unidades de sa\u00fade, o que aumenta o tempo de espera e o risco de agravamento dos quadros cl\u00ednicos.<\/p>\n<p>O Sindicato dos Servidores da Sa\u00fade do Rio Grande do Norte (Sindsa\u00fade-RN) denunciou a situa\u00e7\u00e3o e cobrou provid\u00eancias imediatas da Secretaria Estadual de Sa\u00fade P\u00fablica (Sesap). Segundo a entidade, a situa\u00e7\u00e3o \u00e9 \u201cinadmiss\u00edvel\u201d e demonstra falta de planejamento na gest\u00e3o hospitalar.<\/p>\n<p>Em nota, a Sesap informou que t\u00e9cnicos da empresa respons\u00e1vel pela manuten\u00e7\u00e3o dos equipamentos j\u00e1 foram acionados e que trabalha para restabelecer o funcionamento dos tom\u00f3grafos \u201co mais r\u00e1pido poss\u00edvel\u201d. A secretaria destacou ainda que os pacientes que necessitam de exames urgentes est\u00e3o sendo encaminhados para unidades de refer\u00eancia conveniadas.<\/p>\n<p>Esta \u00e9 a terceira vez em menos de dois meses que os aparelhos apresentam falhas. A recorr\u00eancia do problema tem gerado preocupa\u00e7\u00e3o entre m\u00e9dicos e pacientes, que relatam dificuldades constantes para realizar exames de imagem essenciais ao diagn\u00f3stico e tratamento de casos graves, como acidentes e AVCs.<\/p>\n<p>O Hospital Walfredo Gurgel \u00e9 a principal porta de entrada para urg\u00eancias e emerg\u00eancias do estado e atende diariamente centenas de pessoas vindas de v\u00e1rias regi\u00f5es do Rio Grande do Norte.<\/p>\n","protected":false},"excerpt":{"rendered":"<p>Os tom\u00f3grafos do Hospital Monsenhor Walfredo Gurgel, em Natal, voltaram a apresentar problemas e est\u00e3o fora de funcionamento pela terceira vez em menos de dois meses. A paralisa\u00e7\u00e3o dos equipamentos tem causado atrasos em exames e impacto direto no atendimento a pacientes que dependem do servi\u00e7o de diagn\u00f3stico por imagem na principal unidade de urg\u00eancia [&hellip;]<\/p>\n","protected":false},"author":2,"featured_media":370739,"comment_status":"closed","ping_status":"closed","sticky":false,"template":"","format":"standard","meta":{"_acf_changed":false,"footnotes":""},"categories":[165],"tags":[],"class_list":["post-370738","post","type-post","status-publish","format-standard","has-post-thumbnail","hentry","category-nordeste"],"acf":[],"_links":{"self":[{"href":"https:\/\/www.notibras.com\/site\/wp-json\/wp\/v2\/posts\/370738","targetHints":{"allow":["GET"]}}],"collection":[{"href":"https:\/\/www.notibras.com\/site\/wp-json\/wp\/v2\/posts"}],"about":[{"href":"https:\/\/www.notibras.com\/site\/wp-json\/wp\/v2\/types\/post"}],"author":[{"embeddable":true,"href":"https:\/\/www.notibras.com\/site\/wp-json\/wp\/v2\/users\/2"}],"replies":[{"embeddable":true,"href":"https:\/\/www.notibras.com\/site\/wp-json\/wp\/v2\/comments?post=370738"}],"version-history":[{"count":1,"href":"https:\/\/www.notibras.com\/site\/wp-json\/wp\/v2\/posts\/370738\/revisions"}],"predecessor-version":[{"id":370740,"href":"https:\/\/www.notibras.com\/site\/wp-json\/wp\/v2\/posts\/370738\/revisions\/370740"}],"wp:featuredmedia":[{"embeddable":true,"href":"https:\/\/www.notibras.com\/site\/wp-json\/wp\/v2\/media\/370739"}],"wp:attachment":[{"href":"https:\/\/www.notibras.com\/site\/wp-json\/wp\/v2\/media?parent=370738"}],"wp:term":[{"taxonomy":"category","embeddable":true,"href":"https:\/\/www.notibras.com\/site\/wp-json\/wp\/v2\/categories?post=370738"},{"taxonomy":"post_tag","embeddable":true,"href":"https:\/\/www.notibras.com\/site\/wp-json\/wp\/v2\/tags?post=370738"}],"curies":[{"name":"wp","href":"https:\/\/api.w.org\/{rel}","templated":true}]}}