{"id":370827,"date":"2025-11-14T07:03:25","date_gmt":"2025-11-14T10:03:25","guid":{"rendered":"https:\/\/www.notibras.com\/site\/?p=370827"},"modified":"2025-11-14T07:09:36","modified_gmt":"2025-11-14T10:09:36","slug":"o-mago-alquimista-da-ciencia-medicina-e-ocultismo-na-franca-do-seculo-xix","status":"publish","type":"post","link":"https:\/\/www.notibras.com\/site\/o-mago-alquimista-da-ciencia-medicina-e-ocultismo-na-franca-do-seculo-xix\/","title":{"rendered":"O Mago Alquimista da Ci\u00eancia, Medicina e Ocultismo na Fran\u00e7a do S\u00e9culo XIX"},"content":{"rendered":"<p>G\u00e9rard Anaclet Vincent Encausse, mais conhecido pelo nome inici\u00e1tico Papus (1865\u20131916), foi uma das figuras mais proeminentes do esoterismo europeu moderno. Nascido em La Coru\u00f1a, na Espanha. Filho de um qu\u00edmico franc\u00eas e m\u00e3e espanhola, Papus foi educado na Fran\u00e7a, onde formou-se em Medicina pela Universidade de Paris. Seu pseud\u00f4nimo \u201cPapus\u201d prov\u00e9m do Nuctemeron de Apol\u00f4nio de Tiana, express\u00e3o grega que significa \u201cm\u00e9dico dos homens\u201d, t\u00edtulo que sintetiza sua miss\u00e3o espiritual: unir a ci\u00eancia material e a sabedoria oculta em um mesmo corpo de conhecimento.<\/p>\n<p>Desde a mais tenra idade, Papus interessou-se pelos mist\u00e9rios da natureza e pelas tradi\u00e7\u00f5es herm\u00e9ticas. Em meio \u00e0 efervesc\u00eancia intelectual da Belle \u00c9poque, tornou-se uma ponte entre a ci\u00eancia m\u00e9dica, a magia tradicional e a alquimia espiritual, defendendo a compatibilidade entre o m\u00e9todo experimental e o simbolismo esot\u00e9rico. Em 1887, fundou a Sociedade Teos\u00f3fica Herm\u00e9tica e, dois anos depois, o Ordre Martiniste, inspirado nas doutrinas de Louis-Claude de Saint-Martin e na teurgia crist\u00e3. Essas institui\u00e7\u00f5es tinham como objetivo restaurar o ideal de uma sabedoria inici\u00e1tica ocidental, em conson\u00e2ncia com os princ\u00edpios universais da alquimia e da cabala.<\/p>\n<p>Sua forma\u00e7\u00e3o m\u00e9dica conferiu-lhe rigor anal\u00edtico e um profundo respeito pelos fen\u00f4menos naturais, que ele interpretava como manifesta\u00e7\u00f5es do \u201cesp\u00edrito vital\u201d ou anima mundi. Para Papus, a alquimia n\u00e3o era apenas uma protoqu\u00edmica, mas uma ci\u00eancia espiritual de transforma\u00e7\u00e3o interior. Em sua obra Trait\u00e9 \u00e9l\u00e9mentaire de science occulte (1893), ele descreve os tr\u00eas reinos da alquimia \u2014 o f\u00edsico, o astral e o espiritual \u2014 relacionando-os com as fun\u00e7\u00f5es do corpo, da alma e do esp\u00edrito. Essa vis\u00e3o tripartida ecoa a tradi\u00e7\u00e3o herm\u00e9tica segundo a qual \u201co que est\u00e1 em cima \u00e9 como o que est\u00e1 embaixo\u201d, conectando o microcosmo humano ao macrocosmo universal. Neste livro, Papus lembra que \u201cpoucas s\u00e3o as pessoas que sabem dirigir sua vontade e evoluir de modo a influenciar o destino\u201d.<\/p>\n<p>Para o autoconhecimento e orienta\u00e7\u00e3o das pessoas, Papus criou o Tarot des Boh\u00e9miens (1889), associando os 22 arcanos maiores do Tarot \u00e0s letras do alfabeto hebraico e \u00e0s vias da \u00c1rvore da Vida cabal\u00edstica, estabelecendo uma ponte entre os s\u00edmbolos adivinhat\u00f3rios e a filosofia esot\u00e9rica. Seu m\u00e9todo de leitura e interpreta\u00e7\u00e3o dos arcanos tornou-se uma das bases da cartomancia herm\u00e9tica moderna. J\u00e1 em La Science des Mages (1892) e Le Livre des Formules (1895), ele defendeu a ideia de que a magia \u00e9 a ci\u00eancia das rela\u00e7\u00f5es ocultas entre todas as coisas, e o mago, o \u201coperador consciente\u201d dessas for\u00e7as.<\/p>\n<p>Como m\u00e9dico, Papus aplicou os princ\u00edpios do magnetismo e da medicina vibracional, antecipando a psicossom\u00e1tica moderna. Atendeu durante anos no hospital de La Charit\u00e9, em Paris, onde procurava conciliar o diagn\u00f3stico cl\u00ednico com a an\u00e1lise energ\u00e9tica dos pacientes. Para ele, a sa\u00fade n\u00e3o era apenas aus\u00eancia de doen\u00e7a, mas o equil\u00edbrio entre corpo, mente e esp\u00edrito \u2014 uma vis\u00e3o hol\u00edstica que, mais de um s\u00e9culo depois, ainda encontra resson\u00e2ncia nas medicinas integrativas contempor\u00e2neas.<\/p>\n<p>Entre suas publica\u00e7\u00f5es mais importantes destacam-se tamb\u00e9m Trait\u00e9 m\u00e9thodique de science occulte (1891), La Kabbale (1892), Le Diable et l\u2019occultisme (1895) e L\u2019Occultisme contemporain (1905). Nelas, Papus aborda temas que v\u00e3o da astrologia \u00e0 teurgia, sempre com o prop\u00f3sito de restaurar a tradi\u00e7\u00e3o herm\u00e9tica em linguagem acess\u00edvel e cient\u00edfica. Al\u00e9m disso, manteve intensa correspond\u00eancia com outros pensadores ocultistas, como \u00c9liphas L\u00e9vi, Stanislas de Guaita e Jos\u00e9phin P\u00e9ladan, com os quais participou ativamente da Renascen\u00e7a Ocultista Francesa do final do s\u00e9culo XIX.<\/p>\n<p>Durante a Primeira Guerra Mundial, Papus serviu como m\u00e9dico militar, atendendo feridos nas linhas de frente, o que acabou por agravar sua sa\u00fade. Faleceu em Paris, em 25 de outubro de 1916, aos 51 anos, vitimado por uma epidemia de gripe contra\u00edda em servi\u00e7o.<\/p>\n<p>A influ\u00eancia de Papus estende-se at\u00e9 hoje nos c\u00edrculos herm\u00e9ticos e martinistas, sendo considerado o \u201cMago da Alquimia\u201d por sua capacidade de transformar o conhecimento cient\u00edfico em sabedoria espiritual. Ele ensinou que o verdadeiro alquimista n\u00e3o busca apenas o ouro dos metais, mas o ouro do esp\u00edrito, a lapis philosophorum interior que transfigura o ser humano em mediador entre o c\u00e9u e a terra.<\/p>\n<p>&#8230;&#8230;&#8230;&#8230;..<\/p>\n<p><strong>Giovanni Seabra<\/strong><br \/>\n<strong>@giovanniseabra.esoterico<\/strong><br \/>\n<strong>Gr\u00e3o-Mestre do Col\u00e9gio dos Magos e Sacerdotisas<\/strong><br \/>\n<strong>@colegiodosmagosesacerdotisas<\/strong><\/p>\n<p>&#8230;&#8230;&#8230;&#8230;.<\/p>\n<p><strong>O Col\u00e9gio dos Magos e Sacerdotisas est\u00e1 aberto aos novos membros, ne\u00f3fitos e iniciados, para o aprendizado e aprimoramento das Ci\u00eancias Ocultas. Os interessados podem entrar em contato direto atrav\u00e9s da Bio, Direct e o Whatsapp: 81 997302139.<\/strong><\/p>\n","protected":false},"excerpt":{"rendered":"<p>G\u00e9rard Anaclet Vincent Encausse, mais conhecido pelo nome inici\u00e1tico Papus (1865\u20131916), foi uma das figuras mais proeminentes do esoterismo europeu moderno. Nascido em La Coru\u00f1a, na Espanha. Filho de um qu\u00edmico franc\u00eas e m\u00e3e espanhola, Papus foi educado na Fran\u00e7a, onde formou-se em Medicina pela Universidade de Paris. Seu pseud\u00f4nimo \u201cPapus\u201d prov\u00e9m do Nuctemeron de [&hellip;]<\/p>\n","protected":false},"author":2,"featured_media":370828,"comment_status":"closed","ping_status":"closed","sticky":false,"template":"","format":"standard","meta":{"_acf_changed":false,"footnotes":""},"categories":[237],"tags":[],"class_list":["post-370827","post","type-post","status-publish","format-standard","has-post-thumbnail","hentry","category-oraculos"],"acf":[],"yoast_head":"<!-- This site is optimized with the Yoast SEO plugin v27.2 - https:\/\/yoast.com\/product\/yoast-seo-wordpress\/ -->\n<title>O Mago Alquimista da Ci\u00eancia, Medicina e Ocultismo na Fran\u00e7a do S\u00e9culo XIX - Notibras<\/title>\n<meta name=\"robots\" content=\"index, follow, max-snippet:-1, max-image-preview:large, max-video-preview:-1\" \/>\n<link rel=\"canonical\" href=\"https:\/\/www.notibras.com\/site\/o-mago-alquimista-da-ciencia-medicina-e-ocultismo-na-franca-do-seculo-xix\/\" \/>\n<meta property=\"og:locale\" content=\"pt_BR\" \/>\n<meta property=\"og:type\" content=\"article\" \/>\n<meta property=\"og:title\" content=\"O Mago Alquimista da Ci\u00eancia, Medicina e Ocultismo na Fran\u00e7a do S\u00e9culo XIX - Notibras\" \/>\n<meta property=\"og:description\" content=\"G\u00e9rard Anaclet Vincent Encausse, mais conhecido pelo nome inici\u00e1tico Papus (1865\u20131916), foi uma das figuras mais proeminentes do esoterismo europeu moderno. Nascido em La Coru\u00f1a, na Espanha. Filho de um qu\u00edmico franc\u00eas e m\u00e3e espanhola, Papus foi educado na Fran\u00e7a, onde formou-se em Medicina pela Universidade de Paris. Seu pseud\u00f4nimo \u201cPapus\u201d prov\u00e9m do Nuctemeron de [&hellip;]\" \/>\n<meta property=\"og:url\" content=\"https:\/\/www.notibras.com\/site\/o-mago-alquimista-da-ciencia-medicina-e-ocultismo-na-franca-do-seculo-xix\/\" \/>\n<meta property=\"og:site_name\" content=\"Notibras\" \/>\n<meta property=\"article:publisher\" content=\"https:\/\/www.facebook.com\/notibras\/\" \/>\n<meta property=\"article:published_time\" content=\"2025-11-14T10:03:25+00:00\" \/>\n<meta property=\"article:modified_time\" content=\"2025-11-14T10:09:36+00:00\" \/>\n<meta property=\"og:image\" content=\"https:\/\/www.notibras.com\/site\/wp-content\/uploads\/2025\/11\/f556bdf0-133d-4f98-9a47-a1e2c788d913.jpeg\" \/>\n\t<meta property=\"og:image:width\" content=\"1200\" \/>\n\t<meta property=\"og:image:height\" content=\"945\" \/>\n\t<meta property=\"og:image:type\" content=\"image\/jpeg\" \/>\n<meta name=\"author\" content=\"Reda\u00e7\u00e3o\" \/>\n<meta name=\"twitter:card\" content=\"summary_large_image\" \/>\n<meta name=\"twitter:creator\" content=\"@Notibras\" \/>\n<meta name=\"twitter:site\" content=\"@Notibras\" \/>\n<meta name=\"twitter:label1\" content=\"Escrito por\" \/>\n\t<meta name=\"twitter:data1\" content=\"Reda\u00e7\u00e3o\" \/>\n\t<meta name=\"twitter:label2\" content=\"Est. tempo de leitura\" \/>\n\t<meta name=\"twitter:data2\" content=\"5 minutos\" \/>\n<script type=\"application\/ld+json\" class=\"yoast-schema-graph\">{\"@context\":\"https:\/\/schema.org\",\"@graph\":[{\"@type\":\"Article\",\"@id\":\"https:\/\/www.notibras.com\/site\/o-mago-alquimista-da-ciencia-medicina-e-ocultismo-na-franca-do-seculo-xix\/#article\",\"isPartOf\":{\"@id\":\"https:\/\/www.notibras.com\/site\/o-mago-alquimista-da-ciencia-medicina-e-ocultismo-na-franca-do-seculo-xix\/\"},\"author\":{\"name\":\"Reda\u00e7\u00e3o\",\"@id\":\"https:\/\/www.notibras.com\/site\/#\/schema\/person\/36ab0979449956132d3e5b517ea76ac8\"},\"headline\":\"O Mago Alquimista da Ci\u00eancia, Medicina e Ocultismo na Fran\u00e7a do S\u00e9culo XIX\",\"datePublished\":\"2025-11-14T10:03:25+00:00\",\"dateModified\":\"2025-11-14T10:09:36+00:00\",\"mainEntityOfPage\":{\"@id\":\"https:\/\/www.notibras.com\/site\/o-mago-alquimista-da-ciencia-medicina-e-ocultismo-na-franca-do-seculo-xix\/\"},\"wordCount\":826,\"publisher\":{\"@id\":\"https:\/\/www.notibras.com\/site\/#organization\"},\"image\":{\"@id\":\"https:\/\/www.notibras.com\/site\/o-mago-alquimista-da-ciencia-medicina-e-ocultismo-na-franca-do-seculo-xix\/#primaryimage\"},\"thumbnailUrl\":\"https:\/\/www.notibras.com\/site\/wp-content\/uploads\/2025\/11\/f556bdf0-133d-4f98-9a47-a1e2c788d913.jpeg\",\"articleSection\":[\"Or\u00e1culos\"],\"inLanguage\":\"pt-BR\"},{\"@type\":\"WebPage\",\"@id\":\"https:\/\/www.notibras.com\/site\/o-mago-alquimista-da-ciencia-medicina-e-ocultismo-na-franca-do-seculo-xix\/\",\"url\":\"https:\/\/www.notibras.com\/site\/o-mago-alquimista-da-ciencia-medicina-e-ocultismo-na-franca-do-seculo-xix\/\",\"name\":\"O Mago Alquimista da Ci\u00eancia, Medicina e Ocultismo na Fran\u00e7a do S\u00e9culo XIX - Notibras\",\"isPartOf\":{\"@id\":\"https:\/\/www.notibras.com\/site\/#website\"},\"primaryImageOfPage\":{\"@id\":\"https:\/\/www.notibras.com\/site\/o-mago-alquimista-da-ciencia-medicina-e-ocultismo-na-franca-do-seculo-xix\/#primaryimage\"},\"image\":{\"@id\":\"https:\/\/www.notibras.com\/site\/o-mago-alquimista-da-ciencia-medicina-e-ocultismo-na-franca-do-seculo-xix\/#primaryimage\"},\"thumbnailUrl\":\"https:\/\/www.notibras.com\/site\/wp-content\/uploads\/2025\/11\/f556bdf0-133d-4f98-9a47-a1e2c788d913.jpeg\",\"datePublished\":\"2025-11-14T10:03:25+00:00\",\"dateModified\":\"2025-11-14T10:09:36+00:00\",\"breadcrumb\":{\"@id\":\"https:\/\/www.notibras.com\/site\/o-mago-alquimista-da-ciencia-medicina-e-ocultismo-na-franca-do-seculo-xix\/#breadcrumb\"},\"inLanguage\":\"pt-BR\",\"potentialAction\":[{\"@type\":\"ReadAction\",\"target\":[\"https:\/\/www.notibras.com\/site\/o-mago-alquimista-da-ciencia-medicina-e-ocultismo-na-franca-do-seculo-xix\/\"]}]},{\"@type\":\"ImageObject\",\"inLanguage\":\"pt-BR\",\"@id\":\"https:\/\/www.notibras.com\/site\/o-mago-alquimista-da-ciencia-medicina-e-ocultismo-na-franca-do-seculo-xix\/#primaryimage\",\"url\":\"https:\/\/www.notibras.com\/site\/wp-content\/uploads\/2025\/11\/f556bdf0-133d-4f98-9a47-a1e2c788d913.jpeg\",\"contentUrl\":\"https:\/\/www.notibras.com\/site\/wp-content\/uploads\/2025\/11\/f556bdf0-133d-4f98-9a47-a1e2c788d913.jpeg\",\"width\":1200,\"height\":945},{\"@type\":\"BreadcrumbList\",\"@id\":\"https:\/\/www.notibras.com\/site\/o-mago-alquimista-da-ciencia-medicina-e-ocultismo-na-franca-do-seculo-xix\/#breadcrumb\",\"itemListElement\":[{\"@type\":\"ListItem\",\"position\":1,\"name\":\"In\u00edcio\",\"item\":\"https:\/\/www.notibras.com\/site\/\"},{\"@type\":\"ListItem\",\"position\":2,\"name\":\"O Mago Alquimista da Ci\u00eancia, Medicina e Ocultismo na Fran\u00e7a do S\u00e9culo XIX\"}]},{\"@type\":\"WebSite\",\"@id\":\"https:\/\/www.notibras.com\/site\/#website\",\"url\":\"https:\/\/www.notibras.com\/site\/\",\"name\":\"Notibras\",\"description\":\"Not\u00edcias de Bras\u00edlia, do Brasil e do Mundo\",\"publisher\":{\"@id\":\"https:\/\/www.notibras.com\/site\/#organization\"},\"potentialAction\":[{\"@type\":\"SearchAction\",\"target\":{\"@type\":\"EntryPoint\",\"urlTemplate\":\"https:\/\/www.notibras.com\/site\/?s={search_term_string}\"},\"query-input\":{\"@type\":\"PropertyValueSpecification\",\"valueRequired\":true,\"valueName\":\"search_term_string\"}}],\"inLanguage\":\"pt-BR\"},{\"@type\":\"Organization\",\"@id\":\"https:\/\/www.notibras.com\/site\/#organization\",\"name\":\"Grupo Notibras de Comunica\u00e7\u00e3o\",\"url\":\"https:\/\/www.notibras.com\/site\/\",\"logo\":{\"@type\":\"ImageObject\",\"inLanguage\":\"pt-BR\",\"@id\":\"https:\/\/www.notibras.com\/site\/#\/schema\/logo\/image\/\",\"url\":\"https:\/\/www.notibras.com\/site\/wp-content\/uploads\/2023\/01\/notibras23.png\",\"contentUrl\":\"https:\/\/www.notibras.com\/site\/wp-content\/uploads\/2023\/01\/notibras23.png\",\"width\":350,\"height\":87,\"caption\":\"Grupo Notibras de Comunica\u00e7\u00e3o\"},\"image\":{\"@id\":\"https:\/\/www.notibras.com\/site\/#\/schema\/logo\/image\/\"},\"sameAs\":[\"https:\/\/www.facebook.com\/notibras\/\",\"https:\/\/x.com\/Notibras\",\"https:\/\/www.instagram.com\/notibras\/\"]},{\"@type\":\"Person\",\"@id\":\"https:\/\/www.notibras.com\/site\/#\/schema\/person\/36ab0979449956132d3e5b517ea76ac8\",\"name\":\"Reda\u00e7\u00e3o\",\"image\":{\"@type\":\"ImageObject\",\"inLanguage\":\"pt-BR\",\"@id\":\"https:\/\/secure.gravatar.com\/avatar\/e0a867bdedb85fd243eadf09663511f96fc81e0720a4a42581f334ad4303aa6b?s=96&d=mm&r=g\",\"url\":\"https:\/\/secure.gravatar.com\/avatar\/e0a867bdedb85fd243eadf09663511f96fc81e0720a4a42581f334ad4303aa6b?s=96&d=mm&r=g\",\"contentUrl\":\"https:\/\/secure.gravatar.com\/avatar\/e0a867bdedb85fd243eadf09663511f96fc81e0720a4a42581f334ad4303aa6b?s=96&d=mm&r=g\",\"caption\":\"Reda\u00e7\u00e3o\"}}]}<\/script>\n<!-- \/ Yoast SEO plugin. -->","yoast_head_json":{"title":"O Mago Alquimista da Ci\u00eancia, Medicina e Ocultismo na Fran\u00e7a do S\u00e9culo XIX - Notibras","robots":{"index":"index","follow":"follow","max-snippet":"max-snippet:-1","max-image-preview":"max-image-preview:large","max-video-preview":"max-video-preview:-1"},"canonical":"https:\/\/www.notibras.com\/site\/o-mago-alquimista-da-ciencia-medicina-e-ocultismo-na-franca-do-seculo-xix\/","og_locale":"pt_BR","og_type":"article","og_title":"O Mago Alquimista da Ci\u00eancia, Medicina e Ocultismo na Fran\u00e7a do S\u00e9culo XIX - Notibras","og_description":"G\u00e9rard Anaclet Vincent Encausse, mais conhecido pelo nome inici\u00e1tico Papus (1865\u20131916), foi uma das figuras mais proeminentes do esoterismo europeu moderno. Nascido em La Coru\u00f1a, na Espanha. Filho de um qu\u00edmico franc\u00eas e m\u00e3e espanhola, Papus foi educado na Fran\u00e7a, onde formou-se em Medicina pela Universidade de Paris. Seu pseud\u00f4nimo \u201cPapus\u201d prov\u00e9m do Nuctemeron de [&hellip;]","og_url":"https:\/\/www.notibras.com\/site\/o-mago-alquimista-da-ciencia-medicina-e-ocultismo-na-franca-do-seculo-xix\/","og_site_name":"Notibras","article_publisher":"https:\/\/www.facebook.com\/notibras\/","article_published_time":"2025-11-14T10:03:25+00:00","article_modified_time":"2025-11-14T10:09:36+00:00","og_image":[{"width":1200,"height":945,"url":"https:\/\/www.notibras.com\/site\/wp-content\/uploads\/2025\/11\/f556bdf0-133d-4f98-9a47-a1e2c788d913.jpeg","type":"image\/jpeg"}],"author":"Reda\u00e7\u00e3o","twitter_card":"summary_large_image","twitter_creator":"@Notibras","twitter_site":"@Notibras","twitter_misc":{"Escrito por":"Reda\u00e7\u00e3o","Est. tempo de leitura":"5 minutos"},"schema":{"@context":"https:\/\/schema.org","@graph":[{"@type":"Article","@id":"https:\/\/www.notibras.com\/site\/o-mago-alquimista-da-ciencia-medicina-e-ocultismo-na-franca-do-seculo-xix\/#article","isPartOf":{"@id":"https:\/\/www.notibras.com\/site\/o-mago-alquimista-da-ciencia-medicina-e-ocultismo-na-franca-do-seculo-xix\/"},"author":{"name":"Reda\u00e7\u00e3o","@id":"https:\/\/www.notibras.com\/site\/#\/schema\/person\/36ab0979449956132d3e5b517ea76ac8"},"headline":"O Mago Alquimista da Ci\u00eancia, Medicina e Ocultismo na Fran\u00e7a do S\u00e9culo XIX","datePublished":"2025-11-14T10:03:25+00:00","dateModified":"2025-11-14T10:09:36+00:00","mainEntityOfPage":{"@id":"https:\/\/www.notibras.com\/site\/o-mago-alquimista-da-ciencia-medicina-e-ocultismo-na-franca-do-seculo-xix\/"},"wordCount":826,"publisher":{"@id":"https:\/\/www.notibras.com\/site\/#organization"},"image":{"@id":"https:\/\/www.notibras.com\/site\/o-mago-alquimista-da-ciencia-medicina-e-ocultismo-na-franca-do-seculo-xix\/#primaryimage"},"thumbnailUrl":"https:\/\/www.notibras.com\/site\/wp-content\/uploads\/2025\/11\/f556bdf0-133d-4f98-9a47-a1e2c788d913.jpeg","articleSection":["Or\u00e1culos"],"inLanguage":"pt-BR"},{"@type":"WebPage","@id":"https:\/\/www.notibras.com\/site\/o-mago-alquimista-da-ciencia-medicina-e-ocultismo-na-franca-do-seculo-xix\/","url":"https:\/\/www.notibras.com\/site\/o-mago-alquimista-da-ciencia-medicina-e-ocultismo-na-franca-do-seculo-xix\/","name":"O Mago Alquimista da Ci\u00eancia, Medicina e Ocultismo na Fran\u00e7a do S\u00e9culo XIX - Notibras","isPartOf":{"@id":"https:\/\/www.notibras.com\/site\/#website"},"primaryImageOfPage":{"@id":"https:\/\/www.notibras.com\/site\/o-mago-alquimista-da-ciencia-medicina-e-ocultismo-na-franca-do-seculo-xix\/#primaryimage"},"image":{"@id":"https:\/\/www.notibras.com\/site\/o-mago-alquimista-da-ciencia-medicina-e-ocultismo-na-franca-do-seculo-xix\/#primaryimage"},"thumbnailUrl":"https:\/\/www.notibras.com\/site\/wp-content\/uploads\/2025\/11\/f556bdf0-133d-4f98-9a47-a1e2c788d913.jpeg","datePublished":"2025-11-14T10:03:25+00:00","dateModified":"2025-11-14T10:09:36+00:00","breadcrumb":{"@id":"https:\/\/www.notibras.com\/site\/o-mago-alquimista-da-ciencia-medicina-e-ocultismo-na-franca-do-seculo-xix\/#breadcrumb"},"inLanguage":"pt-BR","potentialAction":[{"@type":"ReadAction","target":["https:\/\/www.notibras.com\/site\/o-mago-alquimista-da-ciencia-medicina-e-ocultismo-na-franca-do-seculo-xix\/"]}]},{"@type":"ImageObject","inLanguage":"pt-BR","@id":"https:\/\/www.notibras.com\/site\/o-mago-alquimista-da-ciencia-medicina-e-ocultismo-na-franca-do-seculo-xix\/#primaryimage","url":"https:\/\/www.notibras.com\/site\/wp-content\/uploads\/2025\/11\/f556bdf0-133d-4f98-9a47-a1e2c788d913.jpeg","contentUrl":"https:\/\/www.notibras.com\/site\/wp-content\/uploads\/2025\/11\/f556bdf0-133d-4f98-9a47-a1e2c788d913.jpeg","width":1200,"height":945},{"@type":"BreadcrumbList","@id":"https:\/\/www.notibras.com\/site\/o-mago-alquimista-da-ciencia-medicina-e-ocultismo-na-franca-do-seculo-xix\/#breadcrumb","itemListElement":[{"@type":"ListItem","position":1,"name":"In\u00edcio","item":"https:\/\/www.notibras.com\/site\/"},{"@type":"ListItem","position":2,"name":"O Mago Alquimista da Ci\u00eancia, Medicina e Ocultismo na Fran\u00e7a do S\u00e9culo XIX"}]},{"@type":"WebSite","@id":"https:\/\/www.notibras.com\/site\/#website","url":"https:\/\/www.notibras.com\/site\/","name":"Notibras","description":"Not\u00edcias de Bras\u00edlia, do Brasil e do Mundo","publisher":{"@id":"https:\/\/www.notibras.com\/site\/#organization"},"potentialAction":[{"@type":"SearchAction","target":{"@type":"EntryPoint","urlTemplate":"https:\/\/www.notibras.com\/site\/?s={search_term_string}"},"query-input":{"@type":"PropertyValueSpecification","valueRequired":true,"valueName":"search_term_string"}}],"inLanguage":"pt-BR"},{"@type":"Organization","@id":"https:\/\/www.notibras.com\/site\/#organization","name":"Grupo Notibras de Comunica\u00e7\u00e3o","url":"https:\/\/www.notibras.com\/site\/","logo":{"@type":"ImageObject","inLanguage":"pt-BR","@id":"https:\/\/www.notibras.com\/site\/#\/schema\/logo\/image\/","url":"https:\/\/www.notibras.com\/site\/wp-content\/uploads\/2023\/01\/notibras23.png","contentUrl":"https:\/\/www.notibras.com\/site\/wp-content\/uploads\/2023\/01\/notibras23.png","width":350,"height":87,"caption":"Grupo Notibras de Comunica\u00e7\u00e3o"},"image":{"@id":"https:\/\/www.notibras.com\/site\/#\/schema\/logo\/image\/"},"sameAs":["https:\/\/www.facebook.com\/notibras\/","https:\/\/x.com\/Notibras","https:\/\/www.instagram.com\/notibras\/"]},{"@type":"Person","@id":"https:\/\/www.notibras.com\/site\/#\/schema\/person\/36ab0979449956132d3e5b517ea76ac8","name":"Reda\u00e7\u00e3o","image":{"@type":"ImageObject","inLanguage":"pt-BR","@id":"https:\/\/secure.gravatar.com\/avatar\/e0a867bdedb85fd243eadf09663511f96fc81e0720a4a42581f334ad4303aa6b?s=96&d=mm&r=g","url":"https:\/\/secure.gravatar.com\/avatar\/e0a867bdedb85fd243eadf09663511f96fc81e0720a4a42581f334ad4303aa6b?s=96&d=mm&r=g","contentUrl":"https:\/\/secure.gravatar.com\/avatar\/e0a867bdedb85fd243eadf09663511f96fc81e0720a4a42581f334ad4303aa6b?s=96&d=mm&r=g","caption":"Reda\u00e7\u00e3o"}}]}},"amp_enabled":true,"_links":{"self":[{"href":"https:\/\/www.notibras.com\/site\/wp-json\/wp\/v2\/posts\/370827","targetHints":{"allow":["GET"]}}],"collection":[{"href":"https:\/\/www.notibras.com\/site\/wp-json\/wp\/v2\/posts"}],"about":[{"href":"https:\/\/www.notibras.com\/site\/wp-json\/wp\/v2\/types\/post"}],"author":[{"embeddable":true,"href":"https:\/\/www.notibras.com\/site\/wp-json\/wp\/v2\/users\/2"}],"replies":[{"embeddable":true,"href":"https:\/\/www.notibras.com\/site\/wp-json\/wp\/v2\/comments?post=370827"}],"version-history":[{"count":3,"href":"https:\/\/www.notibras.com\/site\/wp-json\/wp\/v2\/posts\/370827\/revisions"}],"predecessor-version":[{"id":370831,"href":"https:\/\/www.notibras.com\/site\/wp-json\/wp\/v2\/posts\/370827\/revisions\/370831"}],"wp:featuredmedia":[{"embeddable":true,"href":"https:\/\/www.notibras.com\/site\/wp-json\/wp\/v2\/media\/370828"}],"wp:attachment":[{"href":"https:\/\/www.notibras.com\/site\/wp-json\/wp\/v2\/media?parent=370827"}],"wp:term":[{"taxonomy":"category","embeddable":true,"href":"https:\/\/www.notibras.com\/site\/wp-json\/wp\/v2\/categories?post=370827"},{"taxonomy":"post_tag","embeddable":true,"href":"https:\/\/www.notibras.com\/site\/wp-json\/wp\/v2\/tags?post=370827"}],"curies":[{"name":"wp","href":"https:\/\/api.w.org\/{rel}","templated":true}]}}