{"id":370856,"date":"2025-11-14T00:00:11","date_gmt":"2025-11-14T03:00:11","guid":{"rendered":"https:\/\/www.notibras.com\/site\/?p=370856"},"modified":"2025-11-14T08:58:39","modified_gmt":"2025-11-14T11:58:39","slug":"o-nordeste-nao-e-um-lugar-e-um-jeito-diferente-de-viver","status":"publish","type":"post","link":"https:\/\/www.notibras.com\/site\/o-nordeste-nao-e-um-lugar-e-um-jeito-diferente-de-viver\/","title":{"rendered":"&#8216;O Nordeste n\u00e3o \u00e9 um lugar; \u00e9 um jeito diferente de viver&#8217;"},"content":{"rendered":"<p>No Nordeste, o sol n\u00e3o apenas ilumina \u2014 ele ensina. Ensina a acordar cedo, a plantar esperan\u00e7a mesmo em terra seca, a sorrir com o cora\u00e7\u00e3o aberto, mesmo quando a vida insiste em ser dura. O vento que sopra da caatinga traz hist\u00f3rias de f\u00e9, de luta e de amor \u2014 mem\u00f3rias que o tempo n\u00e3o apaga.<\/p>\n<p>Ser nordestino \u00e9 mais do que nascer em um peda\u00e7o de mapa. \u00c9 carregar no peito o ritmo do forr\u00f3, o cheiro de caf\u00e9 coado e o som distante de um aboio. \u00c9 transformar cada dificuldade em poesia, cada l\u00e1grima em riso, cada seca em recome\u00e7o.<\/p>\n<p>O Nordeste \u00e9 o abra\u00e7o quente da vizinha, a conversa na cal\u00e7ada, o \u201coxente\u201d que diz tudo sem precisar explicar nada. \u00c9 o vaqueiro que enfrenta o sol, a rendeira que cria arte com as m\u00e3os, o pescador que confia no mar e na f\u00e9.<\/p>\n<p>Por isso, o Nordeste n\u00e3o \u00e9 um lugar \u2014 \u00e9 um sentimento que mora dentro de quem aprendeu a resistir sem perder a ternura. \u00c9 um jeito de viver: simples, bonito e cheio de alma.<\/p>\n","protected":false},"excerpt":{"rendered":"<p>No Nordeste, o sol n\u00e3o apenas ilumina \u2014 ele ensina. Ensina a acordar cedo, a plantar esperan\u00e7a mesmo em terra seca, a sorrir com o cora\u00e7\u00e3o aberto, mesmo quando a vida insiste em ser dura. O vento que sopra da caatinga traz hist\u00f3rias de f\u00e9, de luta e de amor \u2014 mem\u00f3rias que o tempo [&hellip;]<\/p>\n","protected":false},"author":2,"featured_media":370857,"comment_status":"closed","ping_status":"closed","sticky":false,"template":"","format":"standard","meta":{"_acf_changed":false,"footnotes":""},"categories":[165],"tags":[],"class_list":["post-370856","post","type-post","status-publish","format-standard","has-post-thumbnail","hentry","category-nordeste"],"acf":[],"_links":{"self":[{"href":"https:\/\/www.notibras.com\/site\/wp-json\/wp\/v2\/posts\/370856","targetHints":{"allow":["GET"]}}],"collection":[{"href":"https:\/\/www.notibras.com\/site\/wp-json\/wp\/v2\/posts"}],"about":[{"href":"https:\/\/www.notibras.com\/site\/wp-json\/wp\/v2\/types\/post"}],"author":[{"embeddable":true,"href":"https:\/\/www.notibras.com\/site\/wp-json\/wp\/v2\/users\/2"}],"replies":[{"embeddable":true,"href":"https:\/\/www.notibras.com\/site\/wp-json\/wp\/v2\/comments?post=370856"}],"version-history":[{"count":1,"href":"https:\/\/www.notibras.com\/site\/wp-json\/wp\/v2\/posts\/370856\/revisions"}],"predecessor-version":[{"id":370858,"href":"https:\/\/www.notibras.com\/site\/wp-json\/wp\/v2\/posts\/370856\/revisions\/370858"}],"wp:featuredmedia":[{"embeddable":true,"href":"https:\/\/www.notibras.com\/site\/wp-json\/wp\/v2\/media\/370857"}],"wp:attachment":[{"href":"https:\/\/www.notibras.com\/site\/wp-json\/wp\/v2\/media?parent=370856"}],"wp:term":[{"taxonomy":"category","embeddable":true,"href":"https:\/\/www.notibras.com\/site\/wp-json\/wp\/v2\/categories?post=370856"},{"taxonomy":"post_tag","embeddable":true,"href":"https:\/\/www.notibras.com\/site\/wp-json\/wp\/v2\/tags?post=370856"}],"curies":[{"name":"wp","href":"https:\/\/api.w.org\/{rel}","templated":true}]}}