{"id":370859,"date":"2025-11-14T00:01:12","date_gmt":"2025-11-14T03:01:12","guid":{"rendered":"https:\/\/www.notibras.com\/site\/?p=370859"},"modified":"2025-11-14T09:04:30","modified_gmt":"2025-11-14T12:04:30","slug":"galpao-que-desabou-nao-tinha-alvara-duas-pessoas-morreram","status":"publish","type":"post","link":"https:\/\/www.notibras.com\/site\/galpao-que-desabou-nao-tinha-alvara-duas-pessoas-morreram\/","title":{"rendered":"Galp\u00e3o que desabou n\u00e3o tinha alvar\u00e1; duas pessoas morreram"},"content":{"rendered":"<p>O galp\u00e3o que desabou no \u00faltimo fim de semana em S\u00e3o Gon\u00e7alo do Amarante, na Grande Natal, n\u00e3o possu\u00eda alvar\u00e1 de constru\u00e7\u00e3o emitido pela prefeitura do munic\u00edpio. O desabamento deixou duas pessoas mortas e outras feridas, segundo informa\u00e7\u00f5es confirmadas pelo Corpo de Bombeiros.<\/p>\n<p>De acordo com a Prefeitura de S\u00e3o Gon\u00e7alo do Amarante, a obra estava em andamento de forma irregular, sem autoriza\u00e7\u00e3o dos \u00f3rg\u00e3os competentes. T\u00e9cnicos da Secretaria Municipal de Infraestrutura foram ao local e constataram que n\u00e3o havia registro de licenciamento ou acompanhamento t\u00e9cnico da constru\u00e7\u00e3o.<\/p>\n<p>O acidente ocorreu por volta das 14h, em uma \u00e1rea industrial pr\u00f3xima \u00e0 BR-406. Parte da estrutura met\u00e1lica do galp\u00e3o cedeu enquanto oper\u00e1rios trabalhavam na montagem. Equipes do Corpo de Bombeiros, Samu e Defesa Civil foram mobilizadas para o resgate das v\u00edtimas e o isolamento da \u00e1rea.<\/p>\n<p>Testemunhas relataram que o colapso da estrutura foi repentino e que alguns trabalhadores conseguiram sair a tempo, enquanto outros ficaram presos sob os escombros. As duas v\u00edtimas fatais foram encontradas ap\u00f3s horas de buscas.<\/p>\n<p>A Defesa Civil Estadual informou que ir\u00e1 realizar uma per\u00edcia para identificar as causas do desabamento e avaliar se houve falhas estruturais ou neglig\u00eancia na execu\u00e7\u00e3o da obra. O Minist\u00e9rio P\u00fablico e a Pol\u00edcia Civil tamb\u00e9m devem instaurar inqu\u00e9ritos para apurar responsabilidades.<\/p>\n<p>Em nota, a Prefeitura lamentou as mortes e refor\u00e7ou que intensificar\u00e1 a fiscaliza\u00e7\u00e3o de obras irregulares no munic\u00edpio. \u201c\u00c9 fundamental que toda constru\u00e7\u00e3o siga as normas de seguran\u00e7a e tenha a devida autoriza\u00e7\u00e3o para evitar trag\u00e9dias como esta\u201d, destacou o comunicado.<\/p>\n<p>Os corpos das v\u00edtimas foram encaminhados ao Instituto T\u00e9cnico-Cient\u00edfico de Per\u00edcia (Itep) para identifica\u00e7\u00e3o oficial. As investiga\u00e7\u00f5es devem apontar se houve erro t\u00e9cnico ou uso de materiais inadequados na estrutura do galp\u00e3o.<\/p>\n","protected":false},"excerpt":{"rendered":"<p>O galp\u00e3o que desabou no \u00faltimo fim de semana em S\u00e3o Gon\u00e7alo do Amarante, na Grande Natal, n\u00e3o possu\u00eda alvar\u00e1 de constru\u00e7\u00e3o emitido pela prefeitura do munic\u00edpio. O desabamento deixou duas pessoas mortas e outras feridas, segundo informa\u00e7\u00f5es confirmadas pelo Corpo de Bombeiros. De acordo com a Prefeitura de S\u00e3o Gon\u00e7alo do Amarante, a obra [&hellip;]<\/p>\n","protected":false},"author":2,"featured_media":370860,"comment_status":"closed","ping_status":"closed","sticky":false,"template":"","format":"standard","meta":{"_acf_changed":false,"footnotes":""},"categories":[165],"tags":[],"class_list":["post-370859","post","type-post","status-publish","format-standard","has-post-thumbnail","hentry","category-nordeste"],"acf":[],"_links":{"self":[{"href":"https:\/\/www.notibras.com\/site\/wp-json\/wp\/v2\/posts\/370859","targetHints":{"allow":["GET"]}}],"collection":[{"href":"https:\/\/www.notibras.com\/site\/wp-json\/wp\/v2\/posts"}],"about":[{"href":"https:\/\/www.notibras.com\/site\/wp-json\/wp\/v2\/types\/post"}],"author":[{"embeddable":true,"href":"https:\/\/www.notibras.com\/site\/wp-json\/wp\/v2\/users\/2"}],"replies":[{"embeddable":true,"href":"https:\/\/www.notibras.com\/site\/wp-json\/wp\/v2\/comments?post=370859"}],"version-history":[{"count":3,"href":"https:\/\/www.notibras.com\/site\/wp-json\/wp\/v2\/posts\/370859\/revisions"}],"predecessor-version":[{"id":370863,"href":"https:\/\/www.notibras.com\/site\/wp-json\/wp\/v2\/posts\/370859\/revisions\/370863"}],"wp:featuredmedia":[{"embeddable":true,"href":"https:\/\/www.notibras.com\/site\/wp-json\/wp\/v2\/media\/370860"}],"wp:attachment":[{"href":"https:\/\/www.notibras.com\/site\/wp-json\/wp\/v2\/media?parent=370859"}],"wp:term":[{"taxonomy":"category","embeddable":true,"href":"https:\/\/www.notibras.com\/site\/wp-json\/wp\/v2\/categories?post=370859"},{"taxonomy":"post_tag","embeddable":true,"href":"https:\/\/www.notibras.com\/site\/wp-json\/wp\/v2\/tags?post=370859"}],"curies":[{"name":"wp","href":"https:\/\/api.w.org\/{rel}","templated":true}]}}