{"id":370907,"date":"2025-11-15T01:30:56","date_gmt":"2025-11-15T04:30:56","guid":{"rendered":"https:\/\/www.notibras.com\/site\/?p=370907"},"modified":"2025-11-15T07:26:00","modified_gmt":"2025-11-15T10:26:00","slug":"aulao-gratuito-para-2-mil-participantes","status":"publish","type":"post","link":"https:\/\/www.notibras.com\/site\/aulao-gratuito-para-2-mil-participantes\/","title":{"rendered":"Aul\u00e3o gratuito para 2 mil participantes"},"content":{"rendered":"<p>O Programa Prepara\u00e7\u00e3oDF, promovido pela Secretaria de Desenvolvimento Econ\u00f4mico, Trabalho e Renda do Distrito Federal (Sedet-DF), encerrou sua primeira edi\u00e7\u00e3o e se firmou como uma das maiores iniciativas preparat\u00f3rias para alunos do DF.<\/p>\n<p>Foram oferecidas 10 mil vagas gratuitas para aulas preparat\u00f3rias para o Enem e vestibulares, com 240 horas\/aula, distribu\u00eddas entre os polos em Ceil\u00e2ndia, Taguatinga, Asa Sul, Planaltina e Gama. Os participantes contaram com kit educacional completo, uniforme, lanche di\u00e1rio, transporte gratuito e certificado de conclus\u00e3o.<\/p>\n<p>Para encerrar as a\u00e7\u00f5es de incentivo \u00e0 educa\u00e7\u00e3o e \u00e0 prepara\u00e7\u00e3o dos jovens para a \u00faltima etapa de prova, ser\u00e1 realizado neste s\u00e1bado\u00a0 (15) o aul\u00e3o Prepara\u00e7\u00e3o Final Enem.<\/p>\n<p>O evento ocorrer\u00e1 a partir das 9h, no Arena Hall, localizado no Jockey, em Vicente Pires, com entrada gratuita e aberta ao p\u00fablico. A expectativa \u00e9 reunir 2 mil estudantes que se preparam para o Exame Nacional do Ensino M\u00e9dio (Enem).<\/p>\n<p><strong>Ser\u00e1 oferecido transporte gratuito saindo de alguns pontos. Confira abaixo:<\/strong><\/p>\n<p>* Taguatinga \u2014 CSA 01, lote 18, loja 02A (Atr\u00e1s do Posto Nenen&#8217;s, em frente ao Polo do Prepara\u00e7\u00e3oDF)<\/p>\n<p>* Plano Piloto \u2014 Rodovi\u00e1ria do Plano Piloto<\/p>\n<p>* Ceil\u00e2ndia \u2014 Em frente \u00e0 Esta\u00e7\u00e3o Centro do Metr\u00f4<\/p>\n<p>* Ceil\u00e2ndia \u2014 CED 6, em frente \u00e0 escola<\/p>\n<p>* Gama \u2014 Ao lado do Est\u00e1dio Bezerr\u00e3o, pr\u00f3ximo ao Gama Shopping<\/p>\n<p>* Planaltina \u2014 Ao lado da Feira, em frente \u00e0 Polyelle (Quadra 4, Conjunto J, Lote 60 &#8211; Lado Leste Buritis)<\/p>\n<p>* N\u00facleo Bandeirante \u2014 CED Urso Branco, em frente \u00e0 escola<\/p>\n<p>De acordo com a Sedet-DF, o aul\u00e3o busca oferecer uma \u00faltima oportunidade de revis\u00e3o e refor\u00e7o aos candidatos, reafirmando o compromisso deste GDF com a educa\u00e7\u00e3o p\u00fablica de qualidade e o acesso igualit\u00e1rio \u00e0s oportunidades.<\/p>\n","protected":false},"excerpt":{"rendered":"<p>O Programa Prepara\u00e7\u00e3oDF, promovido pela Secretaria de Desenvolvimento Econ\u00f4mico, Trabalho e Renda do Distrito Federal (Sedet-DF), encerrou sua primeira edi\u00e7\u00e3o e se firmou como uma das maiores iniciativas preparat\u00f3rias para alunos do DF. Foram oferecidas 10 mil vagas gratuitas para aulas preparat\u00f3rias para o Enem e vestibulares, com 240 horas\/aula, distribu\u00eddas entre os polos em [&hellip;]<\/p>\n","protected":false},"author":21,"featured_media":370908,"comment_status":"closed","ping_status":"closed","sticky":false,"template":"","format":"standard","meta":{"_acf_changed":false,"footnotes":""},"categories":[161],"tags":[],"class_list":["post-370907","post","type-post","status-publish","format-standard","has-post-thumbnail","hentry","category-quadradinho-em-foco"],"acf":[],"_links":{"self":[{"href":"https:\/\/www.notibras.com\/site\/wp-json\/wp\/v2\/posts\/370907","targetHints":{"allow":["GET"]}}],"collection":[{"href":"https:\/\/www.notibras.com\/site\/wp-json\/wp\/v2\/posts"}],"about":[{"href":"https:\/\/www.notibras.com\/site\/wp-json\/wp\/v2\/types\/post"}],"author":[{"embeddable":true,"href":"https:\/\/www.notibras.com\/site\/wp-json\/wp\/v2\/users\/21"}],"replies":[{"embeddable":true,"href":"https:\/\/www.notibras.com\/site\/wp-json\/wp\/v2\/comments?post=370907"}],"version-history":[{"count":2,"href":"https:\/\/www.notibras.com\/site\/wp-json\/wp\/v2\/posts\/370907\/revisions"}],"predecessor-version":[{"id":370935,"href":"https:\/\/www.notibras.com\/site\/wp-json\/wp\/v2\/posts\/370907\/revisions\/370935"}],"wp:featuredmedia":[{"embeddable":true,"href":"https:\/\/www.notibras.com\/site\/wp-json\/wp\/v2\/media\/370908"}],"wp:attachment":[{"href":"https:\/\/www.notibras.com\/site\/wp-json\/wp\/v2\/media?parent=370907"}],"wp:term":[{"taxonomy":"category","embeddable":true,"href":"https:\/\/www.notibras.com\/site\/wp-json\/wp\/v2\/categories?post=370907"},{"taxonomy":"post_tag","embeddable":true,"href":"https:\/\/www.notibras.com\/site\/wp-json\/wp\/v2\/tags?post=370907"}],"curies":[{"name":"wp","href":"https:\/\/api.w.org\/{rel}","templated":true}]}}