{"id":37092,"date":"2015-02-14T15:15:06","date_gmt":"2015-02-14T18:15:06","guid":{"rendered":"http:\/\/www.notibras.com\/site\/?p=37092"},"modified":"2015-02-14T15:17:27","modified_gmt":"2015-02-14T18:17:27","slug":"carnaval-baiano-troca-glamour-por-briga-xixi-e-coco","status":"publish","type":"post","link":"https:\/\/www.notibras.com\/site\/carnaval-baiano-troca-glamour-por-briga-xixi-e-coco\/","title":{"rendered":"Carnaval baiano perde tradi\u00e7\u00e3o; sem glamour, ganha briga, xixi e coc\u00f4"},"content":{"rendered":"<p class=\"text\">Foi-se o tempo em que os baianos brincavam o carnaval com mais energia. Imagens mostram que hoje n\u00e3o s\u00f3 de glamour, brilho e alegria consiste a folia em Salvador.<\/p>\n<p class=\"text\">No Circuito Dod\u00f4 (Barra-Ondina), houve uma confus\u00e3o entre cordeiros &#8211; que controlam a corda que separa os foli\u00f5es e os pagantes &#8211; e os visitantes. Al\u00e9m disso, muitas pessoas foram flagradas urinando e defecando em lugares p\u00fablicos.<\/p>\n<p class=\"text\">Na madrugada deste s\u00e1bado (14), foi registrada a primeira ocorr\u00eancia de agress\u00e3o por arma de fogo, de acordo com a prefeitura de Salvador.<\/p>\n<blockquote>\n<p class=\"text\">Ap\u00f3s\u00a0 os primeiros dias de folia, a Coordenadoria de Salvamento Mar\u00edtimo (Salvamar) j\u00e1 contabilizou 60 ocorr\u00eancias em seus 60 postos de trabalho, com registro de um afogamento na praia do Farol da Barra, e outro \u00f3bito na regi\u00e3o da Pedra do Sal, onde o corpo de um homem foi encontrado no mar, com sinais de espancamento.<\/p>\n<\/blockquote>\n<p class=\"text\">Nesta sexta-feira, a Salvamar registrou 26 ocorr\u00eancias envolvendo banhistas envolvendo banhistas nas praias do Circuito Barra \u2013 Ondina e entre o trecho que compreende o Jardim de Alah e a Praia de Aleluia. Foram dez ocorr\u00eancias nas praias que compreendem o Circuito Dod\u00f4 (Barra-Ondina). J\u00e1 entre o Jardim de Alah e Aleluia, foram contabilizadas 16 ocorr\u00eancias.<\/p>\n","protected":false},"excerpt":{"rendered":"<p>Foi-se o tempo em que os baianos brincavam o carnaval com mais energia. Imagens mostram que hoje n\u00e3o s\u00f3 de glamour, brilho e alegria consiste a folia em Salvador. No Circuito Dod\u00f4 (Barra-Ondina), houve uma confus\u00e3o entre cordeiros &#8211; que controlam a corda que separa os foli\u00f5es e os pagantes &#8211; e os visitantes. Al\u00e9m [&hellip;]<\/p>\n","protected":false},"author":2,"featured_media":37093,"comment_status":"open","ping_status":"closed","sticky":false,"template":"","format":"standard","meta":{"_acf_changed":false,"footnotes":""},"categories":[16],"tags":[],"class_list":["post-37092","post","type-post","status-publish","format-standard","has-post-thumbnail","hentry","category-brasil"],"acf":[],"yoast_head":"<!-- This site is optimized with the Yoast SEO plugin v27.2 - https:\/\/yoast.com\/product\/yoast-seo-wordpress\/ -->\n<title>Carnaval baiano perde tradi\u00e7\u00e3o; sem glamour, ganha briga, xixi e coc\u00f4 - Notibras<\/title>\n<meta name=\"robots\" content=\"index, follow, max-snippet:-1, max-image-preview:large, max-video-preview:-1\" \/>\n<link rel=\"canonical\" href=\"https:\/\/www.notibras.com\/site\/carnaval-baiano-troca-glamour-por-briga-xixi-e-coco\/\" \/>\n<meta property=\"og:locale\" content=\"pt_BR\" \/>\n<meta property=\"og:type\" content=\"article\" \/>\n<meta property=\"og:title\" content=\"Carnaval baiano perde tradi\u00e7\u00e3o; sem glamour, ganha briga, xixi e coc\u00f4 - Notibras\" \/>\n<meta property=\"og:description\" content=\"Foi-se o tempo em que os baianos brincavam o carnaval com mais energia. Imagens mostram que hoje n\u00e3o s\u00f3 de glamour, brilho e alegria consiste a folia em Salvador. No Circuito Dod\u00f4 (Barra-Ondina), houve uma confus\u00e3o entre cordeiros &#8211; que controlam a corda que separa os foli\u00f5es e os pagantes &#8211; e os visitantes. Al\u00e9m [&hellip;]\" \/>\n<meta property=\"og:url\" content=\"https:\/\/www.notibras.com\/site\/carnaval-baiano-troca-glamour-por-briga-xixi-e-coco\/\" \/>\n<meta property=\"og:site_name\" content=\"Notibras\" \/>\n<meta property=\"article:publisher\" content=\"https:\/\/www.facebook.com\/notibras\/\" \/>\n<meta property=\"article:published_time\" content=\"2015-02-14T18:15:06+00:00\" \/>\n<meta property=\"article:modified_time\" content=\"2015-02-14T18:17:27+00:00\" \/>\n<meta property=\"og:image\" content=\"https:\/\/www.notibras.com\/site\/wp-content\/uploads\/2015\/02\/ba.jpg\" \/>\n\t<meta property=\"og:image:width\" content=\"460\" \/>\n\t<meta property=\"og:image:height\" content=\"307\" \/>\n\t<meta property=\"og:image:type\" content=\"image\/jpeg\" \/>\n<meta name=\"author\" content=\"Reda\u00e7\u00e3o\" \/>\n<meta name=\"twitter:card\" content=\"summary_large_image\" \/>\n<meta name=\"twitter:creator\" content=\"@Notibras\" \/>\n<meta name=\"twitter:site\" content=\"@Notibras\" \/>\n<meta name=\"twitter:label1\" content=\"Escrito por\" \/>\n\t<meta name=\"twitter:data1\" content=\"Reda\u00e7\u00e3o\" \/>\n\t<meta name=\"twitter:label2\" content=\"Est. tempo de leitura\" \/>\n\t<meta name=\"twitter:data2\" content=\"1 minuto\" \/>\n<script type=\"application\/ld+json\" class=\"yoast-schema-graph\">{\"@context\":\"https:\/\/schema.org\",\"@graph\":[{\"@type\":\"Article\",\"@id\":\"https:\/\/www.notibras.com\/site\/carnaval-baiano-troca-glamour-por-briga-xixi-e-coco\/#article\",\"isPartOf\":{\"@id\":\"https:\/\/www.notibras.com\/site\/carnaval-baiano-troca-glamour-por-briga-xixi-e-coco\/\"},\"author\":{\"name\":\"Reda\u00e7\u00e3o\",\"@id\":\"https:\/\/www.notibras.com\/site\/#\/schema\/person\/36ab0979449956132d3e5b517ea76ac8\"},\"headline\":\"Carnaval baiano perde tradi\u00e7\u00e3o; sem glamour, ganha briga, xixi e coc\u00f4\",\"datePublished\":\"2015-02-14T18:15:06+00:00\",\"dateModified\":\"2015-02-14T18:17:27+00:00\",\"mainEntityOfPage\":{\"@id\":\"https:\/\/www.notibras.com\/site\/carnaval-baiano-troca-glamour-por-briga-xixi-e-coco\/\"},\"wordCount\":222,\"commentCount\":0,\"publisher\":{\"@id\":\"https:\/\/www.notibras.com\/site\/#organization\"},\"image\":{\"@id\":\"https:\/\/www.notibras.com\/site\/carnaval-baiano-troca-glamour-por-briga-xixi-e-coco\/#primaryimage\"},\"thumbnailUrl\":\"https:\/\/www.notibras.com\/site\/wp-content\/uploads\/2015\/02\/ba.jpg\",\"articleSection\":[\"Brasil\"],\"inLanguage\":\"pt-BR\",\"potentialAction\":[{\"@type\":\"CommentAction\",\"name\":\"Comment\",\"target\":[\"https:\/\/www.notibras.com\/site\/carnaval-baiano-troca-glamour-por-briga-xixi-e-coco\/#respond\"]}]},{\"@type\":\"WebPage\",\"@id\":\"https:\/\/www.notibras.com\/site\/carnaval-baiano-troca-glamour-por-briga-xixi-e-coco\/\",\"url\":\"https:\/\/www.notibras.com\/site\/carnaval-baiano-troca-glamour-por-briga-xixi-e-coco\/\",\"name\":\"Carnaval baiano perde tradi\u00e7\u00e3o; sem glamour, ganha briga, xixi e coc\u00f4 - Notibras\",\"isPartOf\":{\"@id\":\"https:\/\/www.notibras.com\/site\/#website\"},\"primaryImageOfPage\":{\"@id\":\"https:\/\/www.notibras.com\/site\/carnaval-baiano-troca-glamour-por-briga-xixi-e-coco\/#primaryimage\"},\"image\":{\"@id\":\"https:\/\/www.notibras.com\/site\/carnaval-baiano-troca-glamour-por-briga-xixi-e-coco\/#primaryimage\"},\"thumbnailUrl\":\"https:\/\/www.notibras.com\/site\/wp-content\/uploads\/2015\/02\/ba.jpg\",\"datePublished\":\"2015-02-14T18:15:06+00:00\",\"dateModified\":\"2015-02-14T18:17:27+00:00\",\"breadcrumb\":{\"@id\":\"https:\/\/www.notibras.com\/site\/carnaval-baiano-troca-glamour-por-briga-xixi-e-coco\/#breadcrumb\"},\"inLanguage\":\"pt-BR\",\"potentialAction\":[{\"@type\":\"ReadAction\",\"target\":[\"https:\/\/www.notibras.com\/site\/carnaval-baiano-troca-glamour-por-briga-xixi-e-coco\/\"]}]},{\"@type\":\"ImageObject\",\"inLanguage\":\"pt-BR\",\"@id\":\"https:\/\/www.notibras.com\/site\/carnaval-baiano-troca-glamour-por-briga-xixi-e-coco\/#primaryimage\",\"url\":\"https:\/\/www.notibras.com\/site\/wp-content\/uploads\/2015\/02\/ba.jpg\",\"contentUrl\":\"https:\/\/www.notibras.com\/site\/wp-content\/uploads\/2015\/02\/ba.jpg\",\"width\":460,\"height\":307},{\"@type\":\"BreadcrumbList\",\"@id\":\"https:\/\/www.notibras.com\/site\/carnaval-baiano-troca-glamour-por-briga-xixi-e-coco\/#breadcrumb\",\"itemListElement\":[{\"@type\":\"ListItem\",\"position\":1,\"name\":\"In\u00edcio\",\"item\":\"https:\/\/www.notibras.com\/site\/\"},{\"@type\":\"ListItem\",\"position\":2,\"name\":\"Carnaval baiano perde tradi\u00e7\u00e3o; sem glamour, ganha briga, xixi e coc\u00f4\"}]},{\"@type\":\"WebSite\",\"@id\":\"https:\/\/www.notibras.com\/site\/#website\",\"url\":\"https:\/\/www.notibras.com\/site\/\",\"name\":\"Notibras\",\"description\":\"Not\u00edcias de Bras\u00edlia, do Brasil e do Mundo\",\"publisher\":{\"@id\":\"https:\/\/www.notibras.com\/site\/#organization\"},\"potentialAction\":[{\"@type\":\"SearchAction\",\"target\":{\"@type\":\"EntryPoint\",\"urlTemplate\":\"https:\/\/www.notibras.com\/site\/?s={search_term_string}\"},\"query-input\":{\"@type\":\"PropertyValueSpecification\",\"valueRequired\":true,\"valueName\":\"search_term_string\"}}],\"inLanguage\":\"pt-BR\"},{\"@type\":\"Organization\",\"@id\":\"https:\/\/www.notibras.com\/site\/#organization\",\"name\":\"Grupo Notibras de Comunica\u00e7\u00e3o\",\"url\":\"https:\/\/www.notibras.com\/site\/\",\"logo\":{\"@type\":\"ImageObject\",\"inLanguage\":\"pt-BR\",\"@id\":\"https:\/\/www.notibras.com\/site\/#\/schema\/logo\/image\/\",\"url\":\"https:\/\/www.notibras.com\/site\/wp-content\/uploads\/2023\/01\/notibras23.png\",\"contentUrl\":\"https:\/\/www.notibras.com\/site\/wp-content\/uploads\/2023\/01\/notibras23.png\",\"width\":350,\"height\":87,\"caption\":\"Grupo Notibras de Comunica\u00e7\u00e3o\"},\"image\":{\"@id\":\"https:\/\/www.notibras.com\/site\/#\/schema\/logo\/image\/\"},\"sameAs\":[\"https:\/\/www.facebook.com\/notibras\/\",\"https:\/\/x.com\/Notibras\",\"https:\/\/www.instagram.com\/notibras\/\"]},{\"@type\":\"Person\",\"@id\":\"https:\/\/www.notibras.com\/site\/#\/schema\/person\/36ab0979449956132d3e5b517ea76ac8\",\"name\":\"Reda\u00e7\u00e3o\",\"image\":{\"@type\":\"ImageObject\",\"inLanguage\":\"pt-BR\",\"@id\":\"https:\/\/secure.gravatar.com\/avatar\/e0a867bdedb85fd243eadf09663511f96fc81e0720a4a42581f334ad4303aa6b?s=96&d=mm&r=g\",\"url\":\"https:\/\/secure.gravatar.com\/avatar\/e0a867bdedb85fd243eadf09663511f96fc81e0720a4a42581f334ad4303aa6b?s=96&d=mm&r=g\",\"contentUrl\":\"https:\/\/secure.gravatar.com\/avatar\/e0a867bdedb85fd243eadf09663511f96fc81e0720a4a42581f334ad4303aa6b?s=96&d=mm&r=g\",\"caption\":\"Reda\u00e7\u00e3o\"}}]}<\/script>\n<!-- \/ Yoast SEO plugin. -->","yoast_head_json":{"title":"Carnaval baiano perde tradi\u00e7\u00e3o; sem glamour, ganha briga, xixi e coc\u00f4 - Notibras","robots":{"index":"index","follow":"follow","max-snippet":"max-snippet:-1","max-image-preview":"max-image-preview:large","max-video-preview":"max-video-preview:-1"},"canonical":"https:\/\/www.notibras.com\/site\/carnaval-baiano-troca-glamour-por-briga-xixi-e-coco\/","og_locale":"pt_BR","og_type":"article","og_title":"Carnaval baiano perde tradi\u00e7\u00e3o; sem glamour, ganha briga, xixi e coc\u00f4 - Notibras","og_description":"Foi-se o tempo em que os baianos brincavam o carnaval com mais energia. Imagens mostram que hoje n\u00e3o s\u00f3 de glamour, brilho e alegria consiste a folia em Salvador. No Circuito Dod\u00f4 (Barra-Ondina), houve uma confus\u00e3o entre cordeiros &#8211; que controlam a corda que separa os foli\u00f5es e os pagantes &#8211; e os visitantes. Al\u00e9m [&hellip;]","og_url":"https:\/\/www.notibras.com\/site\/carnaval-baiano-troca-glamour-por-briga-xixi-e-coco\/","og_site_name":"Notibras","article_publisher":"https:\/\/www.facebook.com\/notibras\/","article_published_time":"2015-02-14T18:15:06+00:00","article_modified_time":"2015-02-14T18:17:27+00:00","og_image":[{"width":460,"height":307,"url":"https:\/\/www.notibras.com\/site\/wp-content\/uploads\/2015\/02\/ba.jpg","type":"image\/jpeg"}],"author":"Reda\u00e7\u00e3o","twitter_card":"summary_large_image","twitter_creator":"@Notibras","twitter_site":"@Notibras","twitter_misc":{"Escrito por":"Reda\u00e7\u00e3o","Est. tempo de leitura":"1 minuto"},"schema":{"@context":"https:\/\/schema.org","@graph":[{"@type":"Article","@id":"https:\/\/www.notibras.com\/site\/carnaval-baiano-troca-glamour-por-briga-xixi-e-coco\/#article","isPartOf":{"@id":"https:\/\/www.notibras.com\/site\/carnaval-baiano-troca-glamour-por-briga-xixi-e-coco\/"},"author":{"name":"Reda\u00e7\u00e3o","@id":"https:\/\/www.notibras.com\/site\/#\/schema\/person\/36ab0979449956132d3e5b517ea76ac8"},"headline":"Carnaval baiano perde tradi\u00e7\u00e3o; sem glamour, ganha briga, xixi e coc\u00f4","datePublished":"2015-02-14T18:15:06+00:00","dateModified":"2015-02-14T18:17:27+00:00","mainEntityOfPage":{"@id":"https:\/\/www.notibras.com\/site\/carnaval-baiano-troca-glamour-por-briga-xixi-e-coco\/"},"wordCount":222,"commentCount":0,"publisher":{"@id":"https:\/\/www.notibras.com\/site\/#organization"},"image":{"@id":"https:\/\/www.notibras.com\/site\/carnaval-baiano-troca-glamour-por-briga-xixi-e-coco\/#primaryimage"},"thumbnailUrl":"https:\/\/www.notibras.com\/site\/wp-content\/uploads\/2015\/02\/ba.jpg","articleSection":["Brasil"],"inLanguage":"pt-BR","potentialAction":[{"@type":"CommentAction","name":"Comment","target":["https:\/\/www.notibras.com\/site\/carnaval-baiano-troca-glamour-por-briga-xixi-e-coco\/#respond"]}]},{"@type":"WebPage","@id":"https:\/\/www.notibras.com\/site\/carnaval-baiano-troca-glamour-por-briga-xixi-e-coco\/","url":"https:\/\/www.notibras.com\/site\/carnaval-baiano-troca-glamour-por-briga-xixi-e-coco\/","name":"Carnaval baiano perde tradi\u00e7\u00e3o; sem glamour, ganha briga, xixi e coc\u00f4 - Notibras","isPartOf":{"@id":"https:\/\/www.notibras.com\/site\/#website"},"primaryImageOfPage":{"@id":"https:\/\/www.notibras.com\/site\/carnaval-baiano-troca-glamour-por-briga-xixi-e-coco\/#primaryimage"},"image":{"@id":"https:\/\/www.notibras.com\/site\/carnaval-baiano-troca-glamour-por-briga-xixi-e-coco\/#primaryimage"},"thumbnailUrl":"https:\/\/www.notibras.com\/site\/wp-content\/uploads\/2015\/02\/ba.jpg","datePublished":"2015-02-14T18:15:06+00:00","dateModified":"2015-02-14T18:17:27+00:00","breadcrumb":{"@id":"https:\/\/www.notibras.com\/site\/carnaval-baiano-troca-glamour-por-briga-xixi-e-coco\/#breadcrumb"},"inLanguage":"pt-BR","potentialAction":[{"@type":"ReadAction","target":["https:\/\/www.notibras.com\/site\/carnaval-baiano-troca-glamour-por-briga-xixi-e-coco\/"]}]},{"@type":"ImageObject","inLanguage":"pt-BR","@id":"https:\/\/www.notibras.com\/site\/carnaval-baiano-troca-glamour-por-briga-xixi-e-coco\/#primaryimage","url":"https:\/\/www.notibras.com\/site\/wp-content\/uploads\/2015\/02\/ba.jpg","contentUrl":"https:\/\/www.notibras.com\/site\/wp-content\/uploads\/2015\/02\/ba.jpg","width":460,"height":307},{"@type":"BreadcrumbList","@id":"https:\/\/www.notibras.com\/site\/carnaval-baiano-troca-glamour-por-briga-xixi-e-coco\/#breadcrumb","itemListElement":[{"@type":"ListItem","position":1,"name":"In\u00edcio","item":"https:\/\/www.notibras.com\/site\/"},{"@type":"ListItem","position":2,"name":"Carnaval baiano perde tradi\u00e7\u00e3o; sem glamour, ganha briga, xixi e coc\u00f4"}]},{"@type":"WebSite","@id":"https:\/\/www.notibras.com\/site\/#website","url":"https:\/\/www.notibras.com\/site\/","name":"Notibras","description":"Not\u00edcias de Bras\u00edlia, do Brasil e do Mundo","publisher":{"@id":"https:\/\/www.notibras.com\/site\/#organization"},"potentialAction":[{"@type":"SearchAction","target":{"@type":"EntryPoint","urlTemplate":"https:\/\/www.notibras.com\/site\/?s={search_term_string}"},"query-input":{"@type":"PropertyValueSpecification","valueRequired":true,"valueName":"search_term_string"}}],"inLanguage":"pt-BR"},{"@type":"Organization","@id":"https:\/\/www.notibras.com\/site\/#organization","name":"Grupo Notibras de Comunica\u00e7\u00e3o","url":"https:\/\/www.notibras.com\/site\/","logo":{"@type":"ImageObject","inLanguage":"pt-BR","@id":"https:\/\/www.notibras.com\/site\/#\/schema\/logo\/image\/","url":"https:\/\/www.notibras.com\/site\/wp-content\/uploads\/2023\/01\/notibras23.png","contentUrl":"https:\/\/www.notibras.com\/site\/wp-content\/uploads\/2023\/01\/notibras23.png","width":350,"height":87,"caption":"Grupo Notibras de Comunica\u00e7\u00e3o"},"image":{"@id":"https:\/\/www.notibras.com\/site\/#\/schema\/logo\/image\/"},"sameAs":["https:\/\/www.facebook.com\/notibras\/","https:\/\/x.com\/Notibras","https:\/\/www.instagram.com\/notibras\/"]},{"@type":"Person","@id":"https:\/\/www.notibras.com\/site\/#\/schema\/person\/36ab0979449956132d3e5b517ea76ac8","name":"Reda\u00e7\u00e3o","image":{"@type":"ImageObject","inLanguage":"pt-BR","@id":"https:\/\/secure.gravatar.com\/avatar\/e0a867bdedb85fd243eadf09663511f96fc81e0720a4a42581f334ad4303aa6b?s=96&d=mm&r=g","url":"https:\/\/secure.gravatar.com\/avatar\/e0a867bdedb85fd243eadf09663511f96fc81e0720a4a42581f334ad4303aa6b?s=96&d=mm&r=g","contentUrl":"https:\/\/secure.gravatar.com\/avatar\/e0a867bdedb85fd243eadf09663511f96fc81e0720a4a42581f334ad4303aa6b?s=96&d=mm&r=g","caption":"Reda\u00e7\u00e3o"}}]}},"amp_enabled":true,"_links":{"self":[{"href":"https:\/\/www.notibras.com\/site\/wp-json\/wp\/v2\/posts\/37092","targetHints":{"allow":["GET"]}}],"collection":[{"href":"https:\/\/www.notibras.com\/site\/wp-json\/wp\/v2\/posts"}],"about":[{"href":"https:\/\/www.notibras.com\/site\/wp-json\/wp\/v2\/types\/post"}],"author":[{"embeddable":true,"href":"https:\/\/www.notibras.com\/site\/wp-json\/wp\/v2\/users\/2"}],"replies":[{"embeddable":true,"href":"https:\/\/www.notibras.com\/site\/wp-json\/wp\/v2\/comments?post=37092"}],"version-history":[{"count":0,"href":"https:\/\/www.notibras.com\/site\/wp-json\/wp\/v2\/posts\/37092\/revisions"}],"wp:featuredmedia":[{"embeddable":true,"href":"https:\/\/www.notibras.com\/site\/wp-json\/wp\/v2\/media\/37093"}],"wp:attachment":[{"href":"https:\/\/www.notibras.com\/site\/wp-json\/wp\/v2\/media?parent=37092"}],"wp:term":[{"taxonomy":"category","embeddable":true,"href":"https:\/\/www.notibras.com\/site\/wp-json\/wp\/v2\/categories?post=37092"},{"taxonomy":"post_tag","embeddable":true,"href":"https:\/\/www.notibras.com\/site\/wp-json\/wp\/v2\/tags?post=37092"}],"curies":[{"name":"wp","href":"https:\/\/api.w.org\/{rel}","templated":true}]}}