{"id":370963,"date":"2025-11-15T00:02:02","date_gmt":"2025-11-15T03:02:02","guid":{"rendered":"https:\/\/www.notibras.com\/site\/?p=370963"},"modified":"2025-11-15T09:04:37","modified_gmt":"2025-11-15T12:04:37","slug":"prf-apreende-750-kg-de-queijo-transportado-sem-refrigeracao","status":"publish","type":"post","link":"https:\/\/www.notibras.com\/site\/prf-apreende-750-kg-de-queijo-transportado-sem-refrigeracao\/","title":{"rendered":"PRF apreende 750 kg de queijo transportado sem refrigera\u00e7\u00e3o"},"content":{"rendered":"<p>A Pol\u00edcia Rodovi\u00e1ria Federal (PRF) apreendeu mais de 750 quilos de queijo que eram transportados sem refrigera\u00e7\u00e3o adequada em um ve\u00edculo de carga na BR-135, no interior do Maranh\u00e3o. O produto foi encontrado durante uma fiscaliza\u00e7\u00e3o de rotina voltada ao combate do transporte irregular de alimentos perec\u00edveis.<\/p>\n<p>De acordo com informa\u00e7\u00f5es da PRF, o caminh\u00e3o foi abordado no munic\u00edpio de Itapecuru-Mirim, a cerca de 120 quil\u00f4metros de S\u00e3o Lu\u00eds. Durante a inspe\u00e7\u00e3o, os agentes constataram que a carga de queijo estava acondicionada em caixas de papel\u00e3o, sem qualquer tipo de refrigera\u00e7\u00e3o ou controle de temperatura, o que representa risco \u00e0 sa\u00fade p\u00fablica.<\/p>\n<p>O motorista informou aos policiais que o produto havia sa\u00eddo de uma cidade do interior com destino a feiras livres e pequenos com\u00e9rcios da capital maranhense. Ele n\u00e3o apresentou nota fiscal nem documenta\u00e7\u00e3o sanit\u00e1ria que comprovasse a origem e a regularidade do transporte.<\/p>\n<p>A PRF acionou a Vigil\u00e2ncia Sanit\u00e1ria Municipal, que confirmou que os queijos estavam impr\u00f3prios para consumo. Todo o material foi apreendido e deve ser descartado de forma adequada, conforme os procedimentos sanit\u00e1rios.<\/p>\n<p>Segundo a corpora\u00e7\u00e3o, o transporte de alimentos sem refrigera\u00e7\u00e3o \u00e9 uma infra\u00e7\u00e3o grave e pode caracterizar crime contra as rela\u00e7\u00f5es de consumo, previsto no artigo 7\u00ba da Lei n\u00ba 8.137\/1990. O caso foi encaminhado \u00e0 Pol\u00edcia Civil, que investigar\u00e1 a proced\u00eancia da carga e eventuais responsabilidades.<\/p>\n<p>A PRF refor\u00e7ou a import\u00e2ncia de que produtores e comerciantes sigam as normas sanit\u00e1rias e de transporte, garantindo a seguran\u00e7a dos alimentos que chegam \u00e0 mesa dos consumidores.<\/p>\n","protected":false},"excerpt":{"rendered":"<p>A Pol\u00edcia Rodovi\u00e1ria Federal (PRF) apreendeu mais de 750 quilos de queijo que eram transportados sem refrigera\u00e7\u00e3o adequada em um ve\u00edculo de carga na BR-135, no interior do Maranh\u00e3o. O produto foi encontrado durante uma fiscaliza\u00e7\u00e3o de rotina voltada ao combate do transporte irregular de alimentos perec\u00edveis. De acordo com informa\u00e7\u00f5es da PRF, o caminh\u00e3o [&hellip;]<\/p>\n","protected":false},"author":2,"featured_media":370964,"comment_status":"closed","ping_status":"closed","sticky":false,"template":"","format":"standard","meta":{"_acf_changed":false,"footnotes":""},"categories":[165],"tags":[],"class_list":["post-370963","post","type-post","status-publish","format-standard","has-post-thumbnail","hentry","category-nordeste"],"acf":[],"_links":{"self":[{"href":"https:\/\/www.notibras.com\/site\/wp-json\/wp\/v2\/posts\/370963","targetHints":{"allow":["GET"]}}],"collection":[{"href":"https:\/\/www.notibras.com\/site\/wp-json\/wp\/v2\/posts"}],"about":[{"href":"https:\/\/www.notibras.com\/site\/wp-json\/wp\/v2\/types\/post"}],"author":[{"embeddable":true,"href":"https:\/\/www.notibras.com\/site\/wp-json\/wp\/v2\/users\/2"}],"replies":[{"embeddable":true,"href":"https:\/\/www.notibras.com\/site\/wp-json\/wp\/v2\/comments?post=370963"}],"version-history":[{"count":1,"href":"https:\/\/www.notibras.com\/site\/wp-json\/wp\/v2\/posts\/370963\/revisions"}],"predecessor-version":[{"id":370965,"href":"https:\/\/www.notibras.com\/site\/wp-json\/wp\/v2\/posts\/370963\/revisions\/370965"}],"wp:featuredmedia":[{"embeddable":true,"href":"https:\/\/www.notibras.com\/site\/wp-json\/wp\/v2\/media\/370964"}],"wp:attachment":[{"href":"https:\/\/www.notibras.com\/site\/wp-json\/wp\/v2\/media?parent=370963"}],"wp:term":[{"taxonomy":"category","embeddable":true,"href":"https:\/\/www.notibras.com\/site\/wp-json\/wp\/v2\/categories?post=370963"},{"taxonomy":"post_tag","embeddable":true,"href":"https:\/\/www.notibras.com\/site\/wp-json\/wp\/v2\/tags?post=370963"}],"curies":[{"name":"wp","href":"https:\/\/api.w.org\/{rel}","templated":true}]}}