{"id":370966,"date":"2025-11-15T00:00:27","date_gmt":"2025-11-15T03:00:27","guid":{"rendered":"https:\/\/www.notibras.com\/site\/?p=370966"},"modified":"2025-11-15T09:11:53","modified_gmt":"2025-11-15T12:11:53","slug":"bebes-sao-retirados-em-incubadoras-durante-incendio-em-hospital","status":"publish","type":"post","link":"https:\/\/www.notibras.com\/site\/bebes-sao-retirados-em-incubadoras-durante-incendio-em-hospital\/","title":{"rendered":"Beb\u00eas s\u00e3o retirados em incubadoras durante inc\u00eandio em hospital"},"content":{"rendered":"<p>Um inc\u00eandio atingiu o Hospital Estadual C\u00e9sar Cals, no Centro de Fortaleza, causando grande mobiliza\u00e7\u00e3o de equipes de sa\u00fade e do Corpo de Bombeiros. O fogo come\u00e7ou em uma \u00e1rea externa onde fica instalada a subesta\u00e7\u00e3o de energia da unidade.<\/p>\n<p>Apesar de as chamas n\u00e3o terem alcan\u00e7ado setores internos do hospital, a fuma\u00e7a se espalhou pelos corredores, obrigando profissionais a evacuarem diversos pacientes. Entre eles estavam rec\u00e9m-nascidos internados na UTI Neonatal, que precisaram ser retirados em incubadoras e levados para \u00e1reas externas, inclusive para a cal\u00e7ada e para um centro comercial pr\u00f3ximo, enquanto ambul\u00e2ncias eram organizadas para transfer\u00eancia.<\/p>\n<p>As equipes de sa\u00fade realizaram a remo\u00e7\u00e3o de forma r\u00e1pida para evitar riscos relacionados \u00e0 fuma\u00e7a e ao calor. As imagens da evacua\u00e7\u00e3o, que mostram beb\u00eas sendo transportados em incubadoras por servidores e socorristas, chamaram a aten\u00e7\u00e3o e geraram preocupa\u00e7\u00e3o nas redes sociais.<\/p>\n<p>O Corpo de Bombeiros conseguiu controlar o inc\u00eandio por volta das 11h20, evitando que as chamas se propagassem. Segundo a Secretaria da Sa\u00fade do Cear\u00e1, n\u00e3o houve feridos e nenhum paciente teve agravamento do quadro cl\u00ednico devido ao epis\u00f3dio. Como medida de seguran\u00e7a, os beb\u00eas e outros pacientes foram transferidos para outras unidades hospitalares da capital.<\/p>\n<p>O governo estadual informou que as causas do inc\u00eandio ser\u00e3o investigadas e que uma equipe t\u00e9cnica foi acionada para avaliar danos estruturais e prevenir novos incidentes. A dire\u00e7\u00e3o do hospital disse que atua para restabelecer a normalidade do funcionamento da unidade o mais breve poss\u00edvel.<\/p>\n<p>Apesar do susto, a atua\u00e7\u00e3o r\u00e1pida de bombeiros, profissionais de sa\u00fade e equipes de emerg\u00eancia evitou que o incidente resultasse em trag\u00e9dia. O caso reacende o debate sobre a necessidade de manuten\u00e7\u00e3o rigorosa de sistemas el\u00e9tricos em hospitais e de planos de conting\u00eancia eficientes \u2014 especialmente em unidades que atendem pacientes em estado cr\u00edtico, como rec\u00e9m-nascidos.<\/p>\n","protected":false},"excerpt":{"rendered":"<p>Um inc\u00eandio atingiu o Hospital Estadual C\u00e9sar Cals, no Centro de Fortaleza, causando grande mobiliza\u00e7\u00e3o de equipes de sa\u00fade e do Corpo de Bombeiros. O fogo come\u00e7ou em uma \u00e1rea externa onde fica instalada a subesta\u00e7\u00e3o de energia da unidade. Apesar de as chamas n\u00e3o terem alcan\u00e7ado setores internos do hospital, a fuma\u00e7a se espalhou [&hellip;]<\/p>\n","protected":false},"author":2,"featured_media":370967,"comment_status":"closed","ping_status":"closed","sticky":false,"template":"","format":"standard","meta":{"_acf_changed":false,"footnotes":""},"categories":[165],"tags":[],"class_list":["post-370966","post","type-post","status-publish","format-standard","has-post-thumbnail","hentry","category-nordeste"],"acf":[],"_links":{"self":[{"href":"https:\/\/www.notibras.com\/site\/wp-json\/wp\/v2\/posts\/370966","targetHints":{"allow":["GET"]}}],"collection":[{"href":"https:\/\/www.notibras.com\/site\/wp-json\/wp\/v2\/posts"}],"about":[{"href":"https:\/\/www.notibras.com\/site\/wp-json\/wp\/v2\/types\/post"}],"author":[{"embeddable":true,"href":"https:\/\/www.notibras.com\/site\/wp-json\/wp\/v2\/users\/2"}],"replies":[{"embeddable":true,"href":"https:\/\/www.notibras.com\/site\/wp-json\/wp\/v2\/comments?post=370966"}],"version-history":[{"count":1,"href":"https:\/\/www.notibras.com\/site\/wp-json\/wp\/v2\/posts\/370966\/revisions"}],"predecessor-version":[{"id":370968,"href":"https:\/\/www.notibras.com\/site\/wp-json\/wp\/v2\/posts\/370966\/revisions\/370968"}],"wp:featuredmedia":[{"embeddable":true,"href":"https:\/\/www.notibras.com\/site\/wp-json\/wp\/v2\/media\/370967"}],"wp:attachment":[{"href":"https:\/\/www.notibras.com\/site\/wp-json\/wp\/v2\/media?parent=370966"}],"wp:term":[{"taxonomy":"category","embeddable":true,"href":"https:\/\/www.notibras.com\/site\/wp-json\/wp\/v2\/categories?post=370966"},{"taxonomy":"post_tag","embeddable":true,"href":"https:\/\/www.notibras.com\/site\/wp-json\/wp\/v2\/tags?post=370966"}],"curies":[{"name":"wp","href":"https:\/\/api.w.org\/{rel}","templated":true}]}}