{"id":370969,"date":"2025-11-15T00:00:27","date_gmt":"2025-11-15T03:00:27","guid":{"rendered":"https:\/\/www.notibras.com\/site\/?p=370969"},"modified":"2025-11-15T09:16:50","modified_gmt":"2025-11-15T12:16:50","slug":"homem-morre-apos-susto-com-explosao-de-fabrica-clandestina-de-fogos","status":"publish","type":"post","link":"https:\/\/www.notibras.com\/site\/homem-morre-apos-susto-com-explosao-de-fabrica-clandestina-de-fogos\/","title":{"rendered":"Homem morre ap\u00f3s susto com explos\u00e3o de f\u00e1brica clandestina de fogos"},"content":{"rendered":"<p>Uma explos\u00e3o em uma f\u00e1brica clandestina de fogos de artif\u00edcio assustou moradores no Bairro Frei Dami\u00e3o, em Juazeiro do Norte, no Cariri cearense. O impacto da detona\u00e7\u00e3o foi t\u00e3o forte que, segundo autoridades, p\u00f4de ser ouvido a v\u00e1rios quil\u00f4metros de dist\u00e2ncia. Al\u00e9m dos feridos no local, um vizinho morreu ap\u00f3s passar mal ao presenciar o estrondo.<\/p>\n<p>De acordo com o Corpo de Bombeiros, a explos\u00e3o ocorreu por volta das 2h da madrugada de quinta-feira, 13, em um galp\u00e3o improvisado nos fundos de uma resid\u00eancia. No im\u00f3vel eram produzidos, sem qualquer autoriza\u00e7\u00e3o, fogos de artif\u00edcio armazenados de forma irregular. A for\u00e7a da explos\u00e3o destruiu completamente a estrutura, espalhando destro\u00e7os pelas casas vizinhas e provocando inc\u00eandios secund\u00e1rios.<\/p>\n<p>Equipes de bombeiros e policiais militares foram acionadas imediatamente por moradores da regi\u00e3o, que relataram tremores no ch\u00e3o e nuvens de fuma\u00e7a se formando sobre o bairro. Pelo menos tr\u00eas pessoas que trabalhavam no local ficaram feridas, duas delas em estado grave, com queimaduras extensas.<\/p>\n<p>A v\u00edtima fatal foi um idoso de 72 anos, morador da casa ao lado, que sofreu um mal s\u00fabito ap\u00f3s o susto. Vizinhos afirmaram que ele estava sentado na cal\u00e7ada quando ouviu o estrondo e caiu desacordado. Ele foi socorrido por familiares, mas n\u00e3o resistiu.<\/p>\n<p>A Defesa Civil isolou toda a \u00e1rea devido ao risco de novos focos de inc\u00eandio e \u00e0 presen\u00e7a de material qu\u00edmico inflam\u00e1vel entre os escombros. Segundo testemunhas, a movimenta\u00e7\u00e3o na f\u00e1brica clandestina era frequente, mas muitos moradores desconheciam que fogos eram armazenados ali.<\/p>\n<p>A Pol\u00edcia Civil abriu inqu\u00e9rito para investigar os respons\u00e1veis pela fabrica\u00e7\u00e3o ilegal. Os donos do im\u00f3vel ainda n\u00e3o foram localizados. A pr\u00e1tica \u00e9 considerada crime, e acidentes envolvendo dep\u00f3sitos irregulares de fogos t\u00eam se tornado cada vez mais comuns no pa\u00eds, especialmente em per\u00edodos festivos.<\/p>\n<p>As autoridades refor\u00e7aram o alerta para que a popula\u00e7\u00e3o denuncie locais suspeitos de armazenar explosivos ou materiais inflam\u00e1veis sem autoriza\u00e7\u00e3o, evitando novas trag\u00e9dias.<\/p>\n","protected":false},"excerpt":{"rendered":"<p>Uma explos\u00e3o em uma f\u00e1brica clandestina de fogos de artif\u00edcio assustou moradores no Bairro Frei Dami\u00e3o, em Juazeiro do Norte, no Cariri cearense. O impacto da detona\u00e7\u00e3o foi t\u00e3o forte que, segundo autoridades, p\u00f4de ser ouvido a v\u00e1rios quil\u00f4metros de dist\u00e2ncia. Al\u00e9m dos feridos no local, um vizinho morreu ap\u00f3s passar mal ao presenciar o [&hellip;]<\/p>\n","protected":false},"author":2,"featured_media":370970,"comment_status":"closed","ping_status":"closed","sticky":false,"template":"","format":"standard","meta":{"_acf_changed":false,"footnotes":""},"categories":[165],"tags":[],"class_list":["post-370969","post","type-post","status-publish","format-standard","has-post-thumbnail","hentry","category-nordeste"],"acf":[],"_links":{"self":[{"href":"https:\/\/www.notibras.com\/site\/wp-json\/wp\/v2\/posts\/370969","targetHints":{"allow":["GET"]}}],"collection":[{"href":"https:\/\/www.notibras.com\/site\/wp-json\/wp\/v2\/posts"}],"about":[{"href":"https:\/\/www.notibras.com\/site\/wp-json\/wp\/v2\/types\/post"}],"author":[{"embeddable":true,"href":"https:\/\/www.notibras.com\/site\/wp-json\/wp\/v2\/users\/2"}],"replies":[{"embeddable":true,"href":"https:\/\/www.notibras.com\/site\/wp-json\/wp\/v2\/comments?post=370969"}],"version-history":[{"count":1,"href":"https:\/\/www.notibras.com\/site\/wp-json\/wp\/v2\/posts\/370969\/revisions"}],"predecessor-version":[{"id":370971,"href":"https:\/\/www.notibras.com\/site\/wp-json\/wp\/v2\/posts\/370969\/revisions\/370971"}],"wp:featuredmedia":[{"embeddable":true,"href":"https:\/\/www.notibras.com\/site\/wp-json\/wp\/v2\/media\/370970"}],"wp:attachment":[{"href":"https:\/\/www.notibras.com\/site\/wp-json\/wp\/v2\/media?parent=370969"}],"wp:term":[{"taxonomy":"category","embeddable":true,"href":"https:\/\/www.notibras.com\/site\/wp-json\/wp\/v2\/categories?post=370969"},{"taxonomy":"post_tag","embeddable":true,"href":"https:\/\/www.notibras.com\/site\/wp-json\/wp\/v2\/tags?post=370969"}],"curies":[{"name":"wp","href":"https:\/\/api.w.org\/{rel}","templated":true}]}}