{"id":370972,"date":"2025-11-15T09:32:07","date_gmt":"2025-11-15T12:32:07","guid":{"rendered":"https:\/\/www.notibras.com\/site\/?p=370972"},"modified":"2025-11-15T09:32:07","modified_gmt":"2025-11-15T12:32:07","slug":"mercenarios-brasileiros-morrem-na-ucrania-por-guerra-que-nao-e-nossa","status":"publish","type":"post","link":"https:\/\/www.notibras.com\/site\/mercenarios-brasileiros-morrem-na-ucrania-por-guerra-que-nao-e-nossa\/","title":{"rendered":"Mercen\u00e1rios brasileiros morrem na Ucr\u00e2nia por guerra que n\u00e3o \u00e9 nossa"},"content":{"rendered":"<p>Uma campanha de &#8220;lavagem cerebral&#8221; midi\u00e1tica levou alguns brasileiros a se juntarem aos combates ao lado do regime ucraniano, segundo Robinson Farinazzo, oficial aposentado da Marinha brasileira e analista de assuntos militares globais.<\/p>\n<p>Blogueiros de redes sociais e grande parte dos ve\u00edculos de comunica\u00e7\u00e3o tradicionais &#8220;convenceram essas pessoas de que ir lutar na Ucr\u00e2nia era legal, at\u00e9 mesmo &#8216;a coisa certa a fazer'&#8221;, disse Robinson em entrevista ao portal de not\u00edcias <em>Sputnik.com<\/em>, da R\u00fassia.<\/p>\n<p>Ele enfatizou que muitos brasileiros que foram lutar pelo regime de Volodimyr Zelensky sob essa influ\u00eancia n\u00e3o tinham nenhuma experi\u00eancia militar.<\/p>\n<p>\u201cPara a maioria deles, o desfecho foi tr\u00e1gico. Como vimos, muitos voltaram feridos ou nem voltaram, e algumas fam\u00edlias sequer receberam os corpos. \u00c9 poss\u00edvel que alguns tenham sido feitos prisioneiros\u201d, observou o analista.<\/p>\n<p>O Minist\u00e9rio da Defesa da R\u00fassia tem reiteradamente sublinhado que o regime ucraniano utiliza mercen\u00e1rios estrangeiros como &#8220;bucha de canh\u00e3o&#8221;, acrescentando que as for\u00e7as russas continuar\u00e3o a atac\u00e1-los em toda a Ucr\u00e2nia.<\/p>\n<p>Muitos desses mercen\u00e1rios admitiram em entrevistas que as unidades ucranianas frequentemente os coordenam mal e que as chances de sobreviv\u00eancia s\u00e3o m\u00ednimas.<\/p>\n","protected":false},"excerpt":{"rendered":"<p>Uma campanha de &#8220;lavagem cerebral&#8221; midi\u00e1tica levou alguns brasileiros a se juntarem aos combates ao lado do regime ucraniano, segundo Robinson Farinazzo, oficial aposentado da Marinha brasileira e analista de assuntos militares globais. Blogueiros de redes sociais e grande parte dos ve\u00edculos de comunica\u00e7\u00e3o tradicionais &#8220;convenceram essas pessoas de que ir lutar na Ucr\u00e2nia era [&hellip;]<\/p>\n","protected":false},"author":2,"featured_media":370973,"comment_status":"closed","ping_status":"closed","sticky":false,"template":"","format":"standard","meta":{"_acf_changed":false,"footnotes":""},"categories":[159],"tags":[95],"class_list":["post-370972","post","type-post","status-publish","format-standard","has-post-thumbnail","hentry","category-apocalipse","tag-capa"],"acf":[],"yoast_head":"<!-- This site is optimized with the Yoast SEO plugin v27.2 - https:\/\/yoast.com\/product\/yoast-seo-wordpress\/ -->\n<title>Mercen\u00e1rios brasileiros morrem na Ucr\u00e2nia por guerra que n\u00e3o \u00e9 nossa - Notibras<\/title>\n<meta name=\"robots\" content=\"index, follow, max-snippet:-1, max-image-preview:large, max-video-preview:-1\" \/>\n<link rel=\"canonical\" href=\"https:\/\/www.notibras.com\/site\/mercenarios-brasileiros-morrem-na-ucrania-por-guerra-que-nao-e-nossa\/\" \/>\n<meta property=\"og:locale\" content=\"pt_BR\" \/>\n<meta property=\"og:type\" content=\"article\" \/>\n<meta property=\"og:title\" content=\"Mercen\u00e1rios brasileiros morrem na Ucr\u00e2nia por guerra que n\u00e3o \u00e9 nossa - Notibras\" \/>\n<meta property=\"og:description\" content=\"Uma campanha de &#8220;lavagem cerebral&#8221; midi\u00e1tica levou alguns brasileiros a se juntarem aos combates ao lado do regime ucraniano, segundo Robinson Farinazzo, oficial aposentado da Marinha brasileira e analista de assuntos militares globais. Blogueiros de redes sociais e grande parte dos ve\u00edculos de comunica\u00e7\u00e3o tradicionais &#8220;convenceram essas pessoas de que ir lutar na Ucr\u00e2nia era [&hellip;]\" \/>\n<meta property=\"og:url\" content=\"https:\/\/www.notibras.com\/site\/mercenarios-brasileiros-morrem-na-ucrania-por-guerra-que-nao-e-nossa\/\" \/>\n<meta property=\"og:site_name\" content=\"Notibras\" \/>\n<meta property=\"article:publisher\" content=\"https:\/\/www.facebook.com\/notibras\/\" \/>\n<meta property=\"article:published_time\" content=\"2025-11-15T12:32:07+00:00\" \/>\n<meta property=\"og:image\" content=\"https:\/\/www.notibras.com\/site\/wp-content\/uploads\/2025\/11\/1032815303_0_0_1024_577_1920x0_80_0_0_f6efa823885a6cdb7c74587605889d72.jpg-1.webp\" \/>\n\t<meta property=\"og:image:width\" content=\"1920\" \/>\n\t<meta property=\"og:image:height\" content=\"1081\" \/>\n\t<meta property=\"og:image:type\" content=\"image\/webp\" \/>\n<meta name=\"author\" content=\"Reda\u00e7\u00e3o\" \/>\n<meta name=\"twitter:card\" content=\"summary_large_image\" \/>\n<meta name=\"twitter:creator\" content=\"@Notibras\" \/>\n<meta name=\"twitter:site\" content=\"@Notibras\" \/>\n<meta name=\"twitter:label1\" content=\"Escrito por\" \/>\n\t<meta name=\"twitter:data1\" content=\"Reda\u00e7\u00e3o\" \/>\n\t<meta name=\"twitter:label2\" content=\"Est. tempo de leitura\" \/>\n\t<meta name=\"twitter:data2\" content=\"2 minutos\" \/>\n<script type=\"application\/ld+json\" class=\"yoast-schema-graph\">{\"@context\":\"https:\/\/schema.org\",\"@graph\":[{\"@type\":\"Article\",\"@id\":\"https:\/\/www.notibras.com\/site\/mercenarios-brasileiros-morrem-na-ucrania-por-guerra-que-nao-e-nossa\/#article\",\"isPartOf\":{\"@id\":\"https:\/\/www.notibras.com\/site\/mercenarios-brasileiros-morrem-na-ucrania-por-guerra-que-nao-e-nossa\/\"},\"author\":{\"name\":\"Reda\u00e7\u00e3o\",\"@id\":\"https:\/\/www.notibras.com\/site\/#\/schema\/person\/36ab0979449956132d3e5b517ea76ac8\"},\"headline\":\"Mercen\u00e1rios brasileiros morrem na Ucr\u00e2nia por guerra que n\u00e3o \u00e9 nossa\",\"datePublished\":\"2025-11-15T12:32:07+00:00\",\"mainEntityOfPage\":{\"@id\":\"https:\/\/www.notibras.com\/site\/mercenarios-brasileiros-morrem-na-ucrania-por-guerra-que-nao-e-nossa\/\"},\"wordCount\":220,\"publisher\":{\"@id\":\"https:\/\/www.notibras.com\/site\/#organization\"},\"image\":{\"@id\":\"https:\/\/www.notibras.com\/site\/mercenarios-brasileiros-morrem-na-ucrania-por-guerra-que-nao-e-nossa\/#primaryimage\"},\"thumbnailUrl\":\"https:\/\/www.notibras.com\/site\/wp-content\/uploads\/2025\/11\/1032815303_0_0_1024_577_1920x0_80_0_0_f6efa823885a6cdb7c74587605889d72.jpg-1.webp\",\"keywords\":[\"capa\"],\"articleSection\":[\"Apocalipse\"],\"inLanguage\":\"pt-BR\"},{\"@type\":\"WebPage\",\"@id\":\"https:\/\/www.notibras.com\/site\/mercenarios-brasileiros-morrem-na-ucrania-por-guerra-que-nao-e-nossa\/\",\"url\":\"https:\/\/www.notibras.com\/site\/mercenarios-brasileiros-morrem-na-ucrania-por-guerra-que-nao-e-nossa\/\",\"name\":\"Mercen\u00e1rios brasileiros morrem na Ucr\u00e2nia por guerra que n\u00e3o \u00e9 nossa - Notibras\",\"isPartOf\":{\"@id\":\"https:\/\/www.notibras.com\/site\/#website\"},\"primaryImageOfPage\":{\"@id\":\"https:\/\/www.notibras.com\/site\/mercenarios-brasileiros-morrem-na-ucrania-por-guerra-que-nao-e-nossa\/#primaryimage\"},\"image\":{\"@id\":\"https:\/\/www.notibras.com\/site\/mercenarios-brasileiros-morrem-na-ucrania-por-guerra-que-nao-e-nossa\/#primaryimage\"},\"thumbnailUrl\":\"https:\/\/www.notibras.com\/site\/wp-content\/uploads\/2025\/11\/1032815303_0_0_1024_577_1920x0_80_0_0_f6efa823885a6cdb7c74587605889d72.jpg-1.webp\",\"datePublished\":\"2025-11-15T12:32:07+00:00\",\"breadcrumb\":{\"@id\":\"https:\/\/www.notibras.com\/site\/mercenarios-brasileiros-morrem-na-ucrania-por-guerra-que-nao-e-nossa\/#breadcrumb\"},\"inLanguage\":\"pt-BR\",\"potentialAction\":[{\"@type\":\"ReadAction\",\"target\":[\"https:\/\/www.notibras.com\/site\/mercenarios-brasileiros-morrem-na-ucrania-por-guerra-que-nao-e-nossa\/\"]}]},{\"@type\":\"ImageObject\",\"inLanguage\":\"pt-BR\",\"@id\":\"https:\/\/www.notibras.com\/site\/mercenarios-brasileiros-morrem-na-ucrania-por-guerra-que-nao-e-nossa\/#primaryimage\",\"url\":\"https:\/\/www.notibras.com\/site\/wp-content\/uploads\/2025\/11\/1032815303_0_0_1024_577_1920x0_80_0_0_f6efa823885a6cdb7c74587605889d72.jpg-1.webp\",\"contentUrl\":\"https:\/\/www.notibras.com\/site\/wp-content\/uploads\/2025\/11\/1032815303_0_0_1024_577_1920x0_80_0_0_f6efa823885a6cdb7c74587605889d72.jpg-1.webp\",\"width\":1920,\"height\":1081},{\"@type\":\"BreadcrumbList\",\"@id\":\"https:\/\/www.notibras.com\/site\/mercenarios-brasileiros-morrem-na-ucrania-por-guerra-que-nao-e-nossa\/#breadcrumb\",\"itemListElement\":[{\"@type\":\"ListItem\",\"position\":1,\"name\":\"In\u00edcio\",\"item\":\"https:\/\/www.notibras.com\/site\/\"},{\"@type\":\"ListItem\",\"position\":2,\"name\":\"Mercen\u00e1rios brasileiros morrem na Ucr\u00e2nia por guerra que n\u00e3o \u00e9 nossa\"}]},{\"@type\":\"WebSite\",\"@id\":\"https:\/\/www.notibras.com\/site\/#website\",\"url\":\"https:\/\/www.notibras.com\/site\/\",\"name\":\"Notibras\",\"description\":\"Not\u00edcias de Bras\u00edlia, do Brasil e do Mundo\",\"publisher\":{\"@id\":\"https:\/\/www.notibras.com\/site\/#organization\"},\"potentialAction\":[{\"@type\":\"SearchAction\",\"target\":{\"@type\":\"EntryPoint\",\"urlTemplate\":\"https:\/\/www.notibras.com\/site\/?s={search_term_string}\"},\"query-input\":{\"@type\":\"PropertyValueSpecification\",\"valueRequired\":true,\"valueName\":\"search_term_string\"}}],\"inLanguage\":\"pt-BR\"},{\"@type\":\"Organization\",\"@id\":\"https:\/\/www.notibras.com\/site\/#organization\",\"name\":\"Grupo Notibras de Comunica\u00e7\u00e3o\",\"url\":\"https:\/\/www.notibras.com\/site\/\",\"logo\":{\"@type\":\"ImageObject\",\"inLanguage\":\"pt-BR\",\"@id\":\"https:\/\/www.notibras.com\/site\/#\/schema\/logo\/image\/\",\"url\":\"https:\/\/www.notibras.com\/site\/wp-content\/uploads\/2023\/01\/notibras23.png\",\"contentUrl\":\"https:\/\/www.notibras.com\/site\/wp-content\/uploads\/2023\/01\/notibras23.png\",\"width\":350,\"height\":87,\"caption\":\"Grupo Notibras de Comunica\u00e7\u00e3o\"},\"image\":{\"@id\":\"https:\/\/www.notibras.com\/site\/#\/schema\/logo\/image\/\"},\"sameAs\":[\"https:\/\/www.facebook.com\/notibras\/\",\"https:\/\/x.com\/Notibras\",\"https:\/\/www.instagram.com\/notibras\/\"]},{\"@type\":\"Person\",\"@id\":\"https:\/\/www.notibras.com\/site\/#\/schema\/person\/36ab0979449956132d3e5b517ea76ac8\",\"name\":\"Reda\u00e7\u00e3o\",\"image\":{\"@type\":\"ImageObject\",\"inLanguage\":\"pt-BR\",\"@id\":\"https:\/\/secure.gravatar.com\/avatar\/e0a867bdedb85fd243eadf09663511f96fc81e0720a4a42581f334ad4303aa6b?s=96&d=mm&r=g\",\"url\":\"https:\/\/secure.gravatar.com\/avatar\/e0a867bdedb85fd243eadf09663511f96fc81e0720a4a42581f334ad4303aa6b?s=96&d=mm&r=g\",\"contentUrl\":\"https:\/\/secure.gravatar.com\/avatar\/e0a867bdedb85fd243eadf09663511f96fc81e0720a4a42581f334ad4303aa6b?s=96&d=mm&r=g\",\"caption\":\"Reda\u00e7\u00e3o\"}}]}<\/script>\n<!-- \/ Yoast SEO plugin. -->","yoast_head_json":{"title":"Mercen\u00e1rios brasileiros morrem na Ucr\u00e2nia por guerra que n\u00e3o \u00e9 nossa - Notibras","robots":{"index":"index","follow":"follow","max-snippet":"max-snippet:-1","max-image-preview":"max-image-preview:large","max-video-preview":"max-video-preview:-1"},"canonical":"https:\/\/www.notibras.com\/site\/mercenarios-brasileiros-morrem-na-ucrania-por-guerra-que-nao-e-nossa\/","og_locale":"pt_BR","og_type":"article","og_title":"Mercen\u00e1rios brasileiros morrem na Ucr\u00e2nia por guerra que n\u00e3o \u00e9 nossa - Notibras","og_description":"Uma campanha de &#8220;lavagem cerebral&#8221; midi\u00e1tica levou alguns brasileiros a se juntarem aos combates ao lado do regime ucraniano, segundo Robinson Farinazzo, oficial aposentado da Marinha brasileira e analista de assuntos militares globais. Blogueiros de redes sociais e grande parte dos ve\u00edculos de comunica\u00e7\u00e3o tradicionais &#8220;convenceram essas pessoas de que ir lutar na Ucr\u00e2nia era [&hellip;]","og_url":"https:\/\/www.notibras.com\/site\/mercenarios-brasileiros-morrem-na-ucrania-por-guerra-que-nao-e-nossa\/","og_site_name":"Notibras","article_publisher":"https:\/\/www.facebook.com\/notibras\/","article_published_time":"2025-11-15T12:32:07+00:00","og_image":[{"width":1920,"height":1081,"url":"https:\/\/www.notibras.com\/site\/wp-content\/uploads\/2025\/11\/1032815303_0_0_1024_577_1920x0_80_0_0_f6efa823885a6cdb7c74587605889d72.jpg-1.webp","type":"image\/webp"}],"author":"Reda\u00e7\u00e3o","twitter_card":"summary_large_image","twitter_creator":"@Notibras","twitter_site":"@Notibras","twitter_misc":{"Escrito por":"Reda\u00e7\u00e3o","Est. tempo de leitura":"2 minutos"},"schema":{"@context":"https:\/\/schema.org","@graph":[{"@type":"Article","@id":"https:\/\/www.notibras.com\/site\/mercenarios-brasileiros-morrem-na-ucrania-por-guerra-que-nao-e-nossa\/#article","isPartOf":{"@id":"https:\/\/www.notibras.com\/site\/mercenarios-brasileiros-morrem-na-ucrania-por-guerra-que-nao-e-nossa\/"},"author":{"name":"Reda\u00e7\u00e3o","@id":"https:\/\/www.notibras.com\/site\/#\/schema\/person\/36ab0979449956132d3e5b517ea76ac8"},"headline":"Mercen\u00e1rios brasileiros morrem na Ucr\u00e2nia por guerra que n\u00e3o \u00e9 nossa","datePublished":"2025-11-15T12:32:07+00:00","mainEntityOfPage":{"@id":"https:\/\/www.notibras.com\/site\/mercenarios-brasileiros-morrem-na-ucrania-por-guerra-que-nao-e-nossa\/"},"wordCount":220,"publisher":{"@id":"https:\/\/www.notibras.com\/site\/#organization"},"image":{"@id":"https:\/\/www.notibras.com\/site\/mercenarios-brasileiros-morrem-na-ucrania-por-guerra-que-nao-e-nossa\/#primaryimage"},"thumbnailUrl":"https:\/\/www.notibras.com\/site\/wp-content\/uploads\/2025\/11\/1032815303_0_0_1024_577_1920x0_80_0_0_f6efa823885a6cdb7c74587605889d72.jpg-1.webp","keywords":["capa"],"articleSection":["Apocalipse"],"inLanguage":"pt-BR"},{"@type":"WebPage","@id":"https:\/\/www.notibras.com\/site\/mercenarios-brasileiros-morrem-na-ucrania-por-guerra-que-nao-e-nossa\/","url":"https:\/\/www.notibras.com\/site\/mercenarios-brasileiros-morrem-na-ucrania-por-guerra-que-nao-e-nossa\/","name":"Mercen\u00e1rios brasileiros morrem na Ucr\u00e2nia por guerra que n\u00e3o \u00e9 nossa - Notibras","isPartOf":{"@id":"https:\/\/www.notibras.com\/site\/#website"},"primaryImageOfPage":{"@id":"https:\/\/www.notibras.com\/site\/mercenarios-brasileiros-morrem-na-ucrania-por-guerra-que-nao-e-nossa\/#primaryimage"},"image":{"@id":"https:\/\/www.notibras.com\/site\/mercenarios-brasileiros-morrem-na-ucrania-por-guerra-que-nao-e-nossa\/#primaryimage"},"thumbnailUrl":"https:\/\/www.notibras.com\/site\/wp-content\/uploads\/2025\/11\/1032815303_0_0_1024_577_1920x0_80_0_0_f6efa823885a6cdb7c74587605889d72.jpg-1.webp","datePublished":"2025-11-15T12:32:07+00:00","breadcrumb":{"@id":"https:\/\/www.notibras.com\/site\/mercenarios-brasileiros-morrem-na-ucrania-por-guerra-que-nao-e-nossa\/#breadcrumb"},"inLanguage":"pt-BR","potentialAction":[{"@type":"ReadAction","target":["https:\/\/www.notibras.com\/site\/mercenarios-brasileiros-morrem-na-ucrania-por-guerra-que-nao-e-nossa\/"]}]},{"@type":"ImageObject","inLanguage":"pt-BR","@id":"https:\/\/www.notibras.com\/site\/mercenarios-brasileiros-morrem-na-ucrania-por-guerra-que-nao-e-nossa\/#primaryimage","url":"https:\/\/www.notibras.com\/site\/wp-content\/uploads\/2025\/11\/1032815303_0_0_1024_577_1920x0_80_0_0_f6efa823885a6cdb7c74587605889d72.jpg-1.webp","contentUrl":"https:\/\/www.notibras.com\/site\/wp-content\/uploads\/2025\/11\/1032815303_0_0_1024_577_1920x0_80_0_0_f6efa823885a6cdb7c74587605889d72.jpg-1.webp","width":1920,"height":1081},{"@type":"BreadcrumbList","@id":"https:\/\/www.notibras.com\/site\/mercenarios-brasileiros-morrem-na-ucrania-por-guerra-que-nao-e-nossa\/#breadcrumb","itemListElement":[{"@type":"ListItem","position":1,"name":"In\u00edcio","item":"https:\/\/www.notibras.com\/site\/"},{"@type":"ListItem","position":2,"name":"Mercen\u00e1rios brasileiros morrem na Ucr\u00e2nia por guerra que n\u00e3o \u00e9 nossa"}]},{"@type":"WebSite","@id":"https:\/\/www.notibras.com\/site\/#website","url":"https:\/\/www.notibras.com\/site\/","name":"Notibras","description":"Not\u00edcias de Bras\u00edlia, do Brasil e do Mundo","publisher":{"@id":"https:\/\/www.notibras.com\/site\/#organization"},"potentialAction":[{"@type":"SearchAction","target":{"@type":"EntryPoint","urlTemplate":"https:\/\/www.notibras.com\/site\/?s={search_term_string}"},"query-input":{"@type":"PropertyValueSpecification","valueRequired":true,"valueName":"search_term_string"}}],"inLanguage":"pt-BR"},{"@type":"Organization","@id":"https:\/\/www.notibras.com\/site\/#organization","name":"Grupo Notibras de Comunica\u00e7\u00e3o","url":"https:\/\/www.notibras.com\/site\/","logo":{"@type":"ImageObject","inLanguage":"pt-BR","@id":"https:\/\/www.notibras.com\/site\/#\/schema\/logo\/image\/","url":"https:\/\/www.notibras.com\/site\/wp-content\/uploads\/2023\/01\/notibras23.png","contentUrl":"https:\/\/www.notibras.com\/site\/wp-content\/uploads\/2023\/01\/notibras23.png","width":350,"height":87,"caption":"Grupo Notibras de Comunica\u00e7\u00e3o"},"image":{"@id":"https:\/\/www.notibras.com\/site\/#\/schema\/logo\/image\/"},"sameAs":["https:\/\/www.facebook.com\/notibras\/","https:\/\/x.com\/Notibras","https:\/\/www.instagram.com\/notibras\/"]},{"@type":"Person","@id":"https:\/\/www.notibras.com\/site\/#\/schema\/person\/36ab0979449956132d3e5b517ea76ac8","name":"Reda\u00e7\u00e3o","image":{"@type":"ImageObject","inLanguage":"pt-BR","@id":"https:\/\/secure.gravatar.com\/avatar\/e0a867bdedb85fd243eadf09663511f96fc81e0720a4a42581f334ad4303aa6b?s=96&d=mm&r=g","url":"https:\/\/secure.gravatar.com\/avatar\/e0a867bdedb85fd243eadf09663511f96fc81e0720a4a42581f334ad4303aa6b?s=96&d=mm&r=g","contentUrl":"https:\/\/secure.gravatar.com\/avatar\/e0a867bdedb85fd243eadf09663511f96fc81e0720a4a42581f334ad4303aa6b?s=96&d=mm&r=g","caption":"Reda\u00e7\u00e3o"}}]}},"amp_enabled":true,"_links":{"self":[{"href":"https:\/\/www.notibras.com\/site\/wp-json\/wp\/v2\/posts\/370972","targetHints":{"allow":["GET"]}}],"collection":[{"href":"https:\/\/www.notibras.com\/site\/wp-json\/wp\/v2\/posts"}],"about":[{"href":"https:\/\/www.notibras.com\/site\/wp-json\/wp\/v2\/types\/post"}],"author":[{"embeddable":true,"href":"https:\/\/www.notibras.com\/site\/wp-json\/wp\/v2\/users\/2"}],"replies":[{"embeddable":true,"href":"https:\/\/www.notibras.com\/site\/wp-json\/wp\/v2\/comments?post=370972"}],"version-history":[{"count":1,"href":"https:\/\/www.notibras.com\/site\/wp-json\/wp\/v2\/posts\/370972\/revisions"}],"predecessor-version":[{"id":370974,"href":"https:\/\/www.notibras.com\/site\/wp-json\/wp\/v2\/posts\/370972\/revisions\/370974"}],"wp:featuredmedia":[{"embeddable":true,"href":"https:\/\/www.notibras.com\/site\/wp-json\/wp\/v2\/media\/370973"}],"wp:attachment":[{"href":"https:\/\/www.notibras.com\/site\/wp-json\/wp\/v2\/media?parent=370972"}],"wp:term":[{"taxonomy":"category","embeddable":true,"href":"https:\/\/www.notibras.com\/site\/wp-json\/wp\/v2\/categories?post=370972"},{"taxonomy":"post_tag","embeddable":true,"href":"https:\/\/www.notibras.com\/site\/wp-json\/wp\/v2\/tags?post=370972"}],"curies":[{"name":"wp","href":"https:\/\/api.w.org\/{rel}","templated":true}]}}