{"id":371001,"date":"2025-11-16T00:30:37","date_gmt":"2025-11-16T03:30:37","guid":{"rendered":"https:\/\/www.notibras.com\/site\/?p=371001"},"modified":"2025-11-15T20:37:15","modified_gmt":"2025-11-15T23:37:15","slug":"acao-comunitaria-para-pessoas-idosas","status":"publish","type":"post","link":"https:\/\/www.notibras.com\/site\/acao-comunitaria-para-pessoas-idosas\/","title":{"rendered":"A\u00e7\u00e3o comunit\u00e1ria para pessoas idosas"},"content":{"rendered":"<p>O Centro de Refer\u00eancia de Assist\u00eancia Social (Cras) de Sobradinho I encerrou o m\u00eas de outubro com a 2\u00aa edi\u00e7\u00e3o da a\u00e7\u00e3o comunit\u00e1ria \u201cEnvelhe-SER compartilhando hist\u00f3rias de uma vida\u201d. O objetivo foi informar sobre os direitos da pessoa idosa e favorecer oportunidades de conviv\u00eancia com a comunidade, proporcionando momentos de lazer e cultura. O evento, realizado no dia 31, contou com um caf\u00e9 da manh\u00e3 especial, momento interativo com o Centro de Conviv\u00eancia e Fortalecimento de V\u00ednculos (Cecon) de Sobradinho e uma apresenta\u00e7\u00e3o musical feita pelas idosas.<\/p>\n<p>\u201cNossa miss\u00e3o \u00e9 promover o bem-estar e a valoriza\u00e7\u00e3o da pessoa idosa por meio de atividades que fortale\u00e7am os v\u00ednculos sociais, incentivando sua autonomia e proporcionando qualidade de vida\u201d, ressaltou a secret\u00e1ria de Desenvolvimento Social, Ana Paula Marra.<\/p>\n<p>Al\u00e9m do clima de descontra\u00e7\u00e3o e festa, o evento tamb\u00e9m foi marcado por momentos de aprendizado e orienta\u00e7\u00e3o. A assistente social do Cras de Sobradinho, Fernanda Costa, realizou uma din\u00e2mica sobre mitos e verdades, seguida por um bate-papo sobre prote\u00e7\u00e3o e direitos da pessoa idosa, mediada pela delegada \u00c2ngela Santos, da Delegacia Especial de Repress\u00e3o aos Crimes por Discrimina\u00e7\u00e3o Racial, Religiosa ou por Orienta\u00e7\u00e3o Sexual ou contra a Pessoa Idosa ou com Defici\u00eancia (Decrin).<\/p>\n<p>O evento, que reuniu mais de 80 pessoas, encerrou o m\u00eas de comemora\u00e7\u00f5es em alus\u00e3o ao Dia Internacional da Pessoa Idosa. Ao fim da atividade, cada participante recebeu um kit contendo edredom, toalha e alguns produtos de autocuidado.<\/p>\n<p>O Centro de Refer\u00eancia de Assist\u00eancia Social (Cras) \u00e9 um equipamento p\u00fablico que funciona como porta de entrada da assist\u00eancia social no Brasil, para fam\u00edlias e indiv\u00edduos em situa\u00e7\u00e3o de vulnerabilidade e risco social.<\/p>\n","protected":false},"excerpt":{"rendered":"<p>O Centro de Refer\u00eancia de Assist\u00eancia Social (Cras) de Sobradinho I encerrou o m\u00eas de outubro com a 2\u00aa edi\u00e7\u00e3o da a\u00e7\u00e3o comunit\u00e1ria \u201cEnvelhe-SER compartilhando hist\u00f3rias de uma vida\u201d. O objetivo foi informar sobre os direitos da pessoa idosa e favorecer oportunidades de conviv\u00eancia com a comunidade, proporcionando momentos de lazer e cultura. O evento, [&hellip;]<\/p>\n","protected":false},"author":21,"featured_media":371002,"comment_status":"closed","ping_status":"closed","sticky":false,"template":"","format":"standard","meta":{"_acf_changed":false,"footnotes":""},"categories":[161],"tags":[],"class_list":["post-371001","post","type-post","status-publish","format-standard","has-post-thumbnail","hentry","category-quadradinho-em-foco"],"acf":[],"_links":{"self":[{"href":"https:\/\/www.notibras.com\/site\/wp-json\/wp\/v2\/posts\/371001","targetHints":{"allow":["GET"]}}],"collection":[{"href":"https:\/\/www.notibras.com\/site\/wp-json\/wp\/v2\/posts"}],"about":[{"href":"https:\/\/www.notibras.com\/site\/wp-json\/wp\/v2\/types\/post"}],"author":[{"embeddable":true,"href":"https:\/\/www.notibras.com\/site\/wp-json\/wp\/v2\/users\/21"}],"replies":[{"embeddable":true,"href":"https:\/\/www.notibras.com\/site\/wp-json\/wp\/v2\/comments?post=371001"}],"version-history":[{"count":3,"href":"https:\/\/www.notibras.com\/site\/wp-json\/wp\/v2\/posts\/371001\/revisions"}],"predecessor-version":[{"id":371005,"href":"https:\/\/www.notibras.com\/site\/wp-json\/wp\/v2\/posts\/371001\/revisions\/371005"}],"wp:featuredmedia":[{"embeddable":true,"href":"https:\/\/www.notibras.com\/site\/wp-json\/wp\/v2\/media\/371002"}],"wp:attachment":[{"href":"https:\/\/www.notibras.com\/site\/wp-json\/wp\/v2\/media?parent=371001"}],"wp:term":[{"taxonomy":"category","embeddable":true,"href":"https:\/\/www.notibras.com\/site\/wp-json\/wp\/v2\/categories?post=371001"},{"taxonomy":"post_tag","embeddable":true,"href":"https:\/\/www.notibras.com\/site\/wp-json\/wp\/v2\/tags?post=371001"}],"curies":[{"name":"wp","href":"https:\/\/api.w.org\/{rel}","templated":true}]}}