{"id":371006,"date":"2025-11-16T00:45:53","date_gmt":"2025-11-16T03:45:53","guid":{"rendered":"https:\/\/www.notibras.com\/site\/?p=371006"},"modified":"2025-11-15T20:53:11","modified_gmt":"2025-11-15T23:53:11","slug":"gdf-entrega-energia-em-santa-luzia-e-autoriza-obras-de-saneamento","status":"publish","type":"post","link":"https:\/\/www.notibras.com\/site\/gdf-entrega-energia-em-santa-luzia-e-autoriza-obras-de-saneamento\/","title":{"rendered":"GDF entrega energia em Santa Luzia e autoriza obras de saneamento"},"content":{"rendered":"<p>Dia hist\u00f3rico para a popula\u00e7\u00e3o de Santa Luzia, na Estrutural. O governador Ibaneis Rocha assinou ontem (15), a ordem de servi\u00e7o para a implanta\u00e7\u00e3o de saneamento integrado no bairro, com investimento de R$ 92 milh\u00f5es, e promoveu a entrega das primeiras casas com fornecimento de energia el\u00e9trica regular na \u00e1rea, em parceria com a Neoenergia.<\/p>\n<p>\u201cEsse aqui foi um dos primeiros lugares que visitei na campanha de 2018, e eu vi a situa\u00e7\u00e3o de extrema pobreza que essas pessoas viviam. E, todas as vezes que a gente conversava, a solu\u00e7\u00e3o que se dava para c\u00e1 era remover e derrubar tudo, mas eu nunca acreditei nisso. Fiz o meu compromisso com essa popula\u00e7\u00e3o e conseguimos encontrar uma sa\u00edda ambiental, gra\u00e7as ao trabalho que foi feito por todas as equipes do nosso governo\u201d, apontou o chefe do Executivo. \u201cBatalhamos muito para conseguir o financiamento para que esse recurso, que ser\u00e1 pago integralmente pelos cofres da Caesb [Companhia de Saneamento Ambiental do Distrito Federal], chegasse \u00e0s fam\u00edlias de Santa Luzia\u201d, acrescentou.<\/p>\n<p>O valor do sistema de saneamento b\u00e1sico foi financiado junto a um banco privado, aprovado pelo PAC Financiamentos, e ser\u00e1 pago pela Companhia de Saneamento Ambiental (Caesb), respons\u00e1vel tamb\u00e9m por fiscalizar a empresa contratada. A iniciativa atende a uma demanda hist\u00f3rica da comunidade e beneficia mais de 20 mil pessoas, em 4.155 im\u00f3veis, que ter\u00e3o \u00e1gua limpa e de qualidade sempre \u00e0 disposi\u00e7\u00e3o.<\/p>\n<p>Ser\u00e3o instalados 27 km de rede de abastecimento de \u00e1gua e um booster \u2014 equipamento que aumenta a press\u00e3o na rede \u2014 para atender todo o assentamento, com 70 hectares de extens\u00e3o. A rede de esgoto ter\u00e1 11 km e duas esta\u00e7\u00f5es elevat\u00f3rias, que v\u00e3o encaminhar os res\u00edduos \u00e0 Esta\u00e7\u00e3o de Tratamento de Esgoto Norte, no Plano Piloto. Tamb\u00e9m ser\u00e3o constru\u00eddos 10 km de galerias de \u00e1guas pluviais e quatro bacias de deten\u00e7\u00e3o, al\u00e9m de 35 mil metros quadrados de pavimenta\u00e7\u00e3o asf\u00e1ltica e 15,5 mil metros quadrados de pavimento intertravado.<\/p>\n<p>O presidente da Caesb, Lu\u00eds Ant\u00f4nio Reis, explicou o esfor\u00e7o conjunto que tornou o projeto poss\u00edvel e detalhou a complexidade da obra. \u201cFoi uma determina\u00e7\u00e3o do governador Ibaneis Rocha levar uma solu\u00e7\u00e3o definitiva para as comunidades mais carentes\u201d, afirmou. Ele lembrou que o saneamento integrado exige \u00e1gua, esgoto, drenagem e pavimenta\u00e7\u00e3o executados de forma conjunta, o que demanda articula\u00e7\u00e3o entre diversos \u00f3rg\u00e3os do governo. \u201cEm 30 dias, j\u00e1 t\u00ednhamos mais de 150 pranchas de desenhos, c\u00e1lculos e justificativas prontas. Depois vieram a aprova\u00e7\u00e3o do financiamento, a licen\u00e7a ambiental e todos os processos t\u00e9cnicos\u201d, contou.<\/p>\n<p>Reis destacou, ainda, que as obras come\u00e7am imediatamente ap\u00f3s a assinatura da ordem de servi\u00e7o. \u201cAs m\u00e1quinas j\u00e1 est\u00e3o no canteiro, e a partir de segunda-feira o trabalho inicia oficialmente. Ser\u00e3o aproximadamente R$ 100 milh\u00f5es de investimento, beneficiando cerca de 4.500 fam\u00edlias \u2014 quase 20 mil pessoas\u201d, disse.<\/p>\n<p>Ele ressaltou que o projeto inclui a\u00e7\u00f5es sociais e cursos profissionalizantes voltados \u00e0 comunidade. \u201cVamos oferecer, por exemplo, um curso de bombeira hidr\u00e1ulica exclusivo para mulheres, para que as moradoras saibam identificar problemas simples e cuidar das futuras instala\u00e7\u00f5es. Isso tamb\u00e9m \u00e9 cidadania\u201d, completou.<\/p>\n<p>Todas as etapas ser\u00e3o acompanhadas por a\u00e7\u00f5es sociais e de educa\u00e7\u00e3o sanit\u00e1ria e ambiental, com a participa\u00e7\u00e3o de diversos \u00f3rg\u00e3os do GDF. Os moradores tamb\u00e9m ser\u00e3o atendidos pelo programa \u00c1gua Legal, criado em 2019 para levar \u00e1gua pot\u00e1vel a comunidades em \u00c1reas de Regulariza\u00e7\u00e3o de Interesse Social.<\/p>\n<p><strong>Energia<\/strong><\/p>\n<p>Em processo de regulariza\u00e7\u00e3o, Santa Luzia \u00e9 considerada uma \u00c1rea de Relevante Interesse Social (Aris), localizada na divisa com o Parque Nacional de Bras\u00edlia. S\u00e3o mais de 20 mil pessoas que moram na regi\u00e3o, uma das mais vulner\u00e1veis do DF. Com o avan\u00e7o da parte jur\u00eddica, o GDF pode avan\u00e7ar com obras de infraestrutura e, assim, garantir direitos b\u00e1sicos e qualidade de vida para a popula\u00e7\u00e3o do bairro.<\/p>\n<p>Em outubro, a Neoenergia Bras\u00edlia deu in\u00edcio \u00e0 constru\u00e7\u00e3o da rede el\u00e9trica que vai regularizar o fornecimento de energia na comunidade. Com investimento de R$ 9 milh\u00f5es, a iniciativa prev\u00ea a instala\u00e7\u00e3o de 683 postes e 30 km de rede el\u00e9trica, sendo 10 km de m\u00e9dia tens\u00e3o e 20 km de baixa tens\u00e3o. A medida contempla 4.618 fam\u00edlias e segue crit\u00e9rios t\u00e9cnicos e legais rigorosos, com an\u00e1lises detalhadas das \u00e1reas e participa\u00e7\u00e3o de diversos \u00f3rg\u00e3os p\u00fablicos, garantindo a viabilidade das obras e o respeito \u00e0 legisla\u00e7\u00e3o vigente.<\/p>\n<p>\u201cEstamos trazendo energia segura e de qualidade para Santa Luzia, dentro do programa Energia Cidad\u00e3. J\u00e1 regularizamos mais de 37 mil fam\u00edlias no Distrito Federal e seguimos em parceria com o GDF para ampliar esse trabalho, que n\u00e3o leva apenas energia, mas tamb\u00e9m cidadania, economia e oportunidades de capacita\u00e7\u00e3o\u201d, destacou a superintendente de Rela\u00e7\u00f5es Institucionais e Governamentais da Neoenergia, Juliana Pimentel.<\/p>\n<p>A a\u00e7\u00e3o faz parte do programa Energia Cidad\u00e3, vinculado ao comit\u00ea do Energia Legal, desenvolvido em parceria com o GDF, e refor\u00e7a o compromisso com a amplia\u00e7\u00e3o do acesso \u00e0 energia de forma segura, regular e sustent\u00e1vel. Mais de 37 mil fam\u00edlias foram regularizadas nos \u00faltimos tr\u00eas anos, equivalente a 140 mil pessoas. Neste ano, o n\u00famero de beneficiados chega a 11 mil fam\u00edlias em dez regi\u00f5es do DF.<\/p>\n<p><strong>Qualidade de vida<\/strong><\/p>\n<p>Abrir a torneira e ter \u00e1gua limpa, dar descarga sem nenhum transtorno e, ainda, n\u00e3o se preocupar com o fornecimento de energia: coisas banais para grande parte dos brasilienses, mas o sonho dos moradores de Santa Luzia. \u201c\u00c9 felicidade demais porque aqui a gente sofre com as redes irregulares de \u00e1gua e de energia. A comunidade quer pagar pelos servi\u00e7os, ter seu endere\u00e7o, poder receber correspond\u00eancias\u201d, afirma o tapeceiro Joab Gomes Barbosa, 42 anos. \u201cTem 18 anos que moro aqui e ver que agora a coisa est\u00e1 funcionando, que n\u00e3o \u00e9 s\u00f3 promessa, \u00e9 muito importante. Vamos ter \u00e1gua, luz, rede de esgoto, uma rodovi\u00e1ria bem aqui, pertinho da minha casa.\u201d<\/p>\n<p>M\u00e3e de cinco filhos, a dona de casa Luciana Silva, 43, tamb\u00e9m comemora o sistema de saneamento e a instala\u00e7\u00e3o dos postes. \u201cA falta de luz \u00e9 muito ruim. J\u00e1 estragou o tanquinho, a geladeira e a comida que tinha dentro. Tinha vez que fic\u00e1vamos tr\u00eas, quatro dias no escuro. A \u00e1gua que a gente tem \u00e9 do chafariz, e tem que dia que tem e outro n\u00e3o. J\u00e1 tivemos que comprar porque n\u00e3o tinha uma gota de \u00e1gua nem para beber porque at\u00e9 a cisterna secou\u201d, lamenta ela, que confia em dias melhores. \u201cS\u00f3 de saber que voc\u00ea vai ter uma luz boa que d\u00e1 para pelo menos comprar uma m\u00e1quina para centrifugar a roupa sem risco de queimar, \u00e9 bom demais. Depois que o tanquinho queimou, fiquei lavando a roupa de cinco meninos na m\u00e3o. Agora vai dar tudo certo.\u201d<\/p>\n<p>Para a pescadora Edivaneide Rosa da Silva, 56, a chegada da infraestrutura inicia um novo cap\u00edtulo na regi\u00e3o, na qual mora desde a d\u00e9cada de 1990. Segundo ela, houve \u00e9poca em que ter \u00e1gua era raridade para a maioria das fam\u00edlias. \u201cMoro aqui h\u00e1 32 anos e \u00e9 muito bom o que est\u00e1 acontecendo, \u00e9 maravilhoso. J\u00e1 tomei \u00e1gua de calha, de chuva, era um sofrimento\u201d, concluiu.<\/p>\n<p><strong>Cart\u00e3o Material de Constru\u00e7\u00e3o<\/strong><\/p>\n<p>Na mesma cerim\u00f4nia \u2014 que ainda contou com a presen\u00e7a de outras autoridades, como a vice-governadora Celina Le\u00e3o e o secret\u00e1rio-chefe da Casa Civil, Gustavo Rocha \u2014, o governador Ibaneis Rocha entregou 45 cart\u00f5es Material de Constru\u00e7\u00e3o, um aux\u00edlio financeiro no valor de R$ 15 mil para que as fam\u00edlias possam construir e reformar suas casas. O programa \u00e9 gerido pela Companhia de Desenvolvimento Habitacional (Codhab), destinado a pessoas desabrigadas em situa\u00e7\u00e3o de emerg\u00eancia ou que estejam passando por estado de calamidade.<\/p>\n<p>&#8220;Isso aqui \u00e9 o maior programa de inclus\u00e3o social do GDF. Diferente de gest\u00f5es anteriores, que retiravam as fam\u00edlias de onde viviam e as levavam para outro lugar, aqui n\u00f3s estamos fixando as pessoas no local onde constru\u00edram suas vidas, suas escolas, seus v\u00ednculos. Estamos urbanizando por dentro da cidade e garantindo dignidade a todas essas fam\u00edlias\u201d, pontuou o secret\u00e1rio de Governo, Jos\u00e9 Humberto Pires de Ara\u00fajo, que refor\u00e7ou a chegada de equipamentos p\u00fablicos para a regi\u00e3o: \u201cSanta Luzia ser\u00e1 uma cidade completa. Teremos tr\u00eas escolas, duas j\u00e1 prontas para licita\u00e7\u00e3o at\u00e9 o fim do ano, al\u00e9m da delegacia, do quartel da Pol\u00edcia Militar, do Corpo de Bombeiros, do Cras e do Creas e da rodovi\u00e1ria. N\u00e3o se trata apenas de urbanizar: \u00e9 trazer os equipamentos p\u00fablicos necess\u00e1rios para fixar a popula\u00e7\u00e3o aqui\u201d.<\/p>\n","protected":false},"excerpt":{"rendered":"<p>Dia hist\u00f3rico para a popula\u00e7\u00e3o de Santa Luzia, na Estrutural. O governador Ibaneis Rocha assinou ontem (15), a ordem de servi\u00e7o para a implanta\u00e7\u00e3o de saneamento integrado no bairro, com investimento de R$ 92 milh\u00f5es, e promoveu a entrega das primeiras casas com fornecimento de energia el\u00e9trica regular na \u00e1rea, em parceria com a Neoenergia. [&hellip;]<\/p>\n","protected":false},"author":21,"featured_media":371007,"comment_status":"closed","ping_status":"closed","sticky":false,"template":"","format":"standard","meta":{"_acf_changed":false,"footnotes":""},"categories":[161],"tags":[],"class_list":["post-371006","post","type-post","status-publish","format-standard","has-post-thumbnail","hentry","category-quadradinho-em-foco"],"acf":[],"_links":{"self":[{"href":"https:\/\/www.notibras.com\/site\/wp-json\/wp\/v2\/posts\/371006","targetHints":{"allow":["GET"]}}],"collection":[{"href":"https:\/\/www.notibras.com\/site\/wp-json\/wp\/v2\/posts"}],"about":[{"href":"https:\/\/www.notibras.com\/site\/wp-json\/wp\/v2\/types\/post"}],"author":[{"embeddable":true,"href":"https:\/\/www.notibras.com\/site\/wp-json\/wp\/v2\/users\/21"}],"replies":[{"embeddable":true,"href":"https:\/\/www.notibras.com\/site\/wp-json\/wp\/v2\/comments?post=371006"}],"version-history":[{"count":2,"href":"https:\/\/www.notibras.com\/site\/wp-json\/wp\/v2\/posts\/371006\/revisions"}],"predecessor-version":[{"id":371009,"href":"https:\/\/www.notibras.com\/site\/wp-json\/wp\/v2\/posts\/371006\/revisions\/371009"}],"wp:featuredmedia":[{"embeddable":true,"href":"https:\/\/www.notibras.com\/site\/wp-json\/wp\/v2\/media\/371007"}],"wp:attachment":[{"href":"https:\/\/www.notibras.com\/site\/wp-json\/wp\/v2\/media?parent=371006"}],"wp:term":[{"taxonomy":"category","embeddable":true,"href":"https:\/\/www.notibras.com\/site\/wp-json\/wp\/v2\/categories?post=371006"},{"taxonomy":"post_tag","embeddable":true,"href":"https:\/\/www.notibras.com\/site\/wp-json\/wp\/v2\/tags?post=371006"}],"curies":[{"name":"wp","href":"https:\/\/api.w.org\/{rel}","templated":true}]}}