{"id":371102,"date":"2025-11-16T14:00:59","date_gmt":"2025-11-16T17:00:59","guid":{"rendered":"https:\/\/www.notibras.com\/site\/?p=371102"},"modified":"2025-11-16T14:04:08","modified_gmt":"2025-11-16T17:04:08","slug":"furtos-de-cabos-disparam-e-semaforos-vivem-apagao","status":"publish","type":"post","link":"https:\/\/www.notibras.com\/site\/furtos-de-cabos-disparam-e-semaforos-vivem-apagao\/","title":{"rendered":"Furtos de cabos disparam e sem\u00e1foros vivem apag\u00e3o"},"content":{"rendered":"<p>Um aumento expressivo nos casos de furto de cabos el\u00e9tricos no Piau\u00ed, especialmente na capital Teresina, est\u00e1 causando falhas em sem\u00e1foros de vias movimentadas, segundo autoridades e a distribuidora Equatorial Piau\u00ed. O problema gera risco de acidentes, congestionamentos e insatisfa\u00e7\u00e3o entre pedestres e motoristas.<\/p>\n<p>Nos primeiros seis meses de 2025, a Equatorial Piau\u00ed realizou 74 opera\u00e7\u00f5es para coibir furtos de cabos e de outros componentes da rede el\u00e9trica, em parceria com a Pol\u00edcia Civil e Militar. \ufffc<br \/>\nSegundo a distribuidora, esse crime tem efeitos diretos sobre a infraestrutura urbana, pois danifica n\u00e3o apenas linhas de transmiss\u00e3o, mas tamb\u00e9m sistemas essenciais de sinaliza\u00e7\u00e3o vi\u00e1ria.<\/p>\n<p>Relatos e fiscaliza\u00e7\u00f5es apontam que, em algumas das principais avenidas de Teresina, o furto de cabos tem levado a falhas em sem\u00e1foros. A retirada dos fios compromete a alimenta\u00e7\u00e3o el\u00e9trica desses dispositivos, o que acaba por deix\u00e1-los \u201capagados\u201d ou sem funcionamento, gerando risco para motoristas e pedestres.<\/p>\n<p>Com os sem\u00e1foros desativados, cruzamentos que deveriam ter controle de tr\u00e1fego se tornam mais perigosos. Pedestres relatam dificuldade para atravessar avenidas, enquanto motoristas dizem j\u00e1 ter observado \u201cum vai-e-vem\u201d ca\u00f3tico, sem a coordena\u00e7\u00e3o habitual da sinaliza\u00e7\u00e3o. A falta de luz nos sinais tamb\u00e9m tem favorecido infra\u00e7\u00f5es de tr\u00e2nsito e aumentado a tens\u00e3o nas ruas.<\/p>\n<p>Al\u00e9m do risco de acidentes, a popula\u00e7\u00e3o sofre com o impacto no tempo de deslocamento \u2014 cruzamentos desorganizados geram maior tempo de espera e lentid\u00e3o no tr\u00e1fego, especialmente nos hor\u00e1rios de pico.<\/p>\n<p>Em resposta \u00e0s a\u00e7\u00f5es criminosas, a Equatorial tem refor\u00e7ado a coopera\u00e7\u00e3o com for\u00e7as policiais. No primeiro semestre de 2025, as 74 opera\u00e7\u00f5es j\u00e1 resultaram em 35 pris\u00f5es relacionadas a furtos de cabos e estrutura el\u00e9trica.<\/p>\n<p>Tamb\u00e9m faz parte da estrat\u00e9gia uma campanha educativa chamada Opera\u00e7\u00e3o Equi-Cobre, que visa sensibilizar a popula\u00e7\u00e3o sobre os riscos desse crime e a import\u00e2ncia de denunciar. \ufffc A a\u00e7\u00e3o inclui visitas a sucatas para alertar comerciantes sobre a venda ilegal de cabos, que muitas vezes s\u00e3o produtos de furto.<\/p>\n<p>Autoridades estaduais tamb\u00e9m buscam aumentar as penalidades: uma comiss\u00e3o na C\u00e2mara dos Deputados j\u00e1 aprovou proposta com penas maiores para crimes contra redes de energia e telecomunica\u00e7\u00f5es, incluindo furto e recepta\u00e7\u00e3o de cabos.<\/p>\n<p>Paralelamente \u00e0s opera\u00e7\u00f5es policiais, o Instituto de Metrologia do Estado do Piau\u00ed (Imepi) vem fiscalizando lojas de cabos e fios el\u00e9tricos. Em uma opera\u00e7\u00e3o recente, mais de 70 rolos de cabos irregulares foram apreendidos em Teresina e outras cidades.<\/p>\n<p>De acordo com o Imepi, os testes feitos nos fios apreendidos verificam a qualidade do material, incluindo a quantidade de cobre \u2014 pois muitos cabos circulando no mercado s\u00e3o de baixa qualidade e representam um risco s\u00e9rio: podem superaquecer e provocar curtos-circuitos.<\/p>\n<p>O preju\u00edzo causado pelos furtos \u00e9 grande. Segundo a Equatorial, mais de R$ 2 milh\u00f5es j\u00e1 foram perdidos nos \u00faltimos anos por conta de furtos de cabos e danos \u00e0 rede el\u00e9trica.<\/p>\n<p>Para a distribuidora, a recomposi\u00e7\u00e3o da rede \u2013 substituindo fios furtados ou danificados \u2013 consome recursos que poderiam ser investidos em melhorias para a popula\u00e7\u00e3o. Al\u00e9m disso, o crime p\u00f5e em risco vidas: mexer em rede el\u00e9trica sem capacita\u00e7\u00e3o pode causar acidentes graves.<\/p>\n<p>Esse surto de furtos de cabos revela uma problem\u00e1tica que vai al\u00e9m do crime: envolve seguran\u00e7a no tr\u00e2nsito, integridade de infraestrutura urbana e responsabilidade social. As a\u00e7\u00f5es conjuntas entre concession\u00e1ria, pol\u00edcia e \u00f3rg\u00e3os de fiscaliza\u00e7\u00e3o s\u00e3o consideradas essenciais, mas especialistas apontam que s\u00f3 a repress\u00e3o pode n\u00e3o bastar \u2014 \u00e9 necess\u00e1rio investimento em preven\u00e7\u00e3o, conscientiza\u00e7\u00e3o e pol\u00edticas mais duras para coibir a recepta\u00e7\u00e3o desses materiais.<\/p>\n<p>Enquanto isso, motoristas e pedestres seguem convivendo com sem\u00e1foros inoperantes, cruzamentos mais perigosos e um tr\u00e2nsito cada vez mais imprevis\u00edvel.<\/p>\n","protected":false},"excerpt":{"rendered":"<p>Um aumento expressivo nos casos de furto de cabos el\u00e9tricos no Piau\u00ed, especialmente na capital Teresina, est\u00e1 causando falhas em sem\u00e1foros de vias movimentadas, segundo autoridades e a distribuidora Equatorial Piau\u00ed. O problema gera risco de acidentes, congestionamentos e insatisfa\u00e7\u00e3o entre pedestres e motoristas. Nos primeiros seis meses de 2025, a Equatorial Piau\u00ed realizou 74 [&hellip;]<\/p>\n","protected":false},"author":2,"featured_media":371103,"comment_status":"closed","ping_status":"closed","sticky":false,"template":"","format":"standard","meta":{"_acf_changed":false,"footnotes":""},"categories":[165],"tags":[],"class_list":["post-371102","post","type-post","status-publish","format-standard","has-post-thumbnail","hentry","category-nordeste"],"acf":[],"_links":{"self":[{"href":"https:\/\/www.notibras.com\/site\/wp-json\/wp\/v2\/posts\/371102","targetHints":{"allow":["GET"]}}],"collection":[{"href":"https:\/\/www.notibras.com\/site\/wp-json\/wp\/v2\/posts"}],"about":[{"href":"https:\/\/www.notibras.com\/site\/wp-json\/wp\/v2\/types\/post"}],"author":[{"embeddable":true,"href":"https:\/\/www.notibras.com\/site\/wp-json\/wp\/v2\/users\/2"}],"replies":[{"embeddable":true,"href":"https:\/\/www.notibras.com\/site\/wp-json\/wp\/v2\/comments?post=371102"}],"version-history":[{"count":4,"href":"https:\/\/www.notibras.com\/site\/wp-json\/wp\/v2\/posts\/371102\/revisions"}],"predecessor-version":[{"id":371107,"href":"https:\/\/www.notibras.com\/site\/wp-json\/wp\/v2\/posts\/371102\/revisions\/371107"}],"wp:featuredmedia":[{"embeddable":true,"href":"https:\/\/www.notibras.com\/site\/wp-json\/wp\/v2\/media\/371103"}],"wp:attachment":[{"href":"https:\/\/www.notibras.com\/site\/wp-json\/wp\/v2\/media?parent=371102"}],"wp:term":[{"taxonomy":"category","embeddable":true,"href":"https:\/\/www.notibras.com\/site\/wp-json\/wp\/v2\/categories?post=371102"},{"taxonomy":"post_tag","embeddable":true,"href":"https:\/\/www.notibras.com\/site\/wp-json\/wp\/v2\/tags?post=371102"}],"curies":[{"name":"wp","href":"https:\/\/api.w.org\/{rel}","templated":true}]}}