{"id":371108,"date":"2025-11-16T13:35:39","date_gmt":"2025-11-16T16:35:39","guid":{"rendered":"https:\/\/www.notibras.com\/site\/?p=371108"},"modified":"2025-11-16T14:09:25","modified_gmt":"2025-11-16T17:09:25","slug":"nordeste-enfrenta-proprios-desafios-em-meio-a-muita-riqueza","status":"publish","type":"post","link":"https:\/\/www.notibras.com\/site\/nordeste-enfrenta-proprios-desafios-em-meio-a-muita-riqueza\/","title":{"rendered":"Nordeste enfrenta pr\u00f3prios desafios em meio a muita riqueza"},"content":{"rendered":"<p>O Nordeste \u00e9 uma terra que vive no compasso das contradi\u00e7\u00f5es. Enquanto o sol castiga a terra rachada da caatinga, a mesma luz dourada ilumina praias que parecem pintadas \u00e0 m\u00e3o. Uma regi\u00e3o que aprendeu a dan\u00e7ar entre dificuldades e vit\u00f3rias, entre crises e celebra\u00e7\u00f5es, e que transformou sobreviv\u00eancia em identidade.<\/p>\n<p>Nos sert\u00f5es, onde o ch\u00e3o pede chuva e o vento carrega hist\u00f3rias antigas, o povo segue firme \u2014 teimoso, como dizem, mas \u00e9 teimosia de esperan\u00e7a. A seca insiste em voltar, mas o sertanejo insiste em ficar. Entre retiradas e retornos, h\u00e1 sempre algu\u00e9m que reafirma: \u201cAqui \u00e9 minha terra, aqui eu resisto\u201d.<\/p>\n<p>Mas basta caminhar alguns quil\u00f4metros para sentir outro Nordeste pulsar. Nas feiras barulhentas, nos mercados onde o cheiro de fruta madura se mistura ao de caf\u00e9 rec\u00e9m-passado, a vida se derrama em cores fortes. \u00c9 o Nordeste que canta, que vende, que cria \u2014 o dos artes\u00e3os que talham madeira, das rendeiras que fazem do tempo poesia, dos cordelistas que transformam o cotidiano em verso.<\/p>\n<p>E mesmo nas grandes cidades \u2014 Recife, Fortaleza, Salvador \u2014 onde os pr\u00e9dios se erguem como promessas e os problemas tamb\u00e9m, h\u00e1 um movimento constante de reinven\u00e7\u00e3o. A urbaniza\u00e7\u00e3o desenha novos mapas sociais, revela desigualdades, mas tamb\u00e9m abre caminhos para tecnologias, arte, cultura e novas narrativas.<\/p>\n<p>O Nordeste \u00e9 assim: cheio de desafios, mas repleto de riquezas que nem sempre se contam em dinheiro.<\/p>\n<p>S\u00e3o riquezas de mem\u00f3ria, de luta, de f\u00e9, de rir da pr\u00f3pria desgra\u00e7a e de transformar trope\u00e7o em hist\u00f3ria pra contar.<\/p>\n<p>Uma regi\u00e3o que n\u00e3o cabe em estere\u00f3tipos \u2014 porque \u00e9 forte como mandacaru, doce como rapadura, profunda como o mar e livre como o vento do litoral.<\/p>\n<p>O Nordeste \u00e9 um convite: olhar al\u00e9m da seca, al\u00e9m da estat\u00edstica, al\u00e9m do clich\u00ea. Porque por tr\u00e1s de cada dificuldade, existe sempre um povo que teima em florescer.<\/p>\n","protected":false},"excerpt":{"rendered":"<p>O Nordeste \u00e9 uma terra que vive no compasso das contradi\u00e7\u00f5es. Enquanto o sol castiga a terra rachada da caatinga, a mesma luz dourada ilumina praias que parecem pintadas \u00e0 m\u00e3o. Uma regi\u00e3o que aprendeu a dan\u00e7ar entre dificuldades e vit\u00f3rias, entre crises e celebra\u00e7\u00f5es, e que transformou sobreviv\u00eancia em identidade. Nos sert\u00f5es, onde o [&hellip;]<\/p>\n","protected":false},"author":2,"featured_media":371109,"comment_status":"closed","ping_status":"closed","sticky":false,"template":"","format":"standard","meta":{"_acf_changed":false,"footnotes":""},"categories":[165],"tags":[],"class_list":["post-371108","post","type-post","status-publish","format-standard","has-post-thumbnail","hentry","category-nordeste"],"acf":[],"_links":{"self":[{"href":"https:\/\/www.notibras.com\/site\/wp-json\/wp\/v2\/posts\/371108","targetHints":{"allow":["GET"]}}],"collection":[{"href":"https:\/\/www.notibras.com\/site\/wp-json\/wp\/v2\/posts"}],"about":[{"href":"https:\/\/www.notibras.com\/site\/wp-json\/wp\/v2\/types\/post"}],"author":[{"embeddable":true,"href":"https:\/\/www.notibras.com\/site\/wp-json\/wp\/v2\/users\/2"}],"replies":[{"embeddable":true,"href":"https:\/\/www.notibras.com\/site\/wp-json\/wp\/v2\/comments?post=371108"}],"version-history":[{"count":1,"href":"https:\/\/www.notibras.com\/site\/wp-json\/wp\/v2\/posts\/371108\/revisions"}],"predecessor-version":[{"id":371110,"href":"https:\/\/www.notibras.com\/site\/wp-json\/wp\/v2\/posts\/371108\/revisions\/371110"}],"wp:featuredmedia":[{"embeddable":true,"href":"https:\/\/www.notibras.com\/site\/wp-json\/wp\/v2\/media\/371109"}],"wp:attachment":[{"href":"https:\/\/www.notibras.com\/site\/wp-json\/wp\/v2\/media?parent=371108"}],"wp:term":[{"taxonomy":"category","embeddable":true,"href":"https:\/\/www.notibras.com\/site\/wp-json\/wp\/v2\/categories?post=371108"},{"taxonomy":"post_tag","embeddable":true,"href":"https:\/\/www.notibras.com\/site\/wp-json\/wp\/v2\/tags?post=371108"}],"curies":[{"name":"wp","href":"https:\/\/api.w.org\/{rel}","templated":true}]}}