{"id":37120,"date":"2015-02-14T20:13:28","date_gmt":"2015-02-14T23:13:28","guid":{"rendered":"http:\/\/www.notibras.com\/site\/?p=37120"},"modified":"2015-02-15T12:44:27","modified_gmt":"2015-02-15T15:44:27","slug":"joaquim-barbosa-pede-mobilizacao-para-derrubar-ministro-da-justica","status":"publish","type":"post","link":"https:\/\/www.notibras.com\/site\/joaquim-barbosa-pede-mobilizacao-para-derrubar-ministro-da-justica\/","title":{"rendered":"Joaquim Barbosa pede mobiliza\u00e7\u00e3o para derrubar o ministro da Justi\u00e7a"},"content":{"rendered":"<p>No que depender do apelo do jurista Joaquim Barbosa, ex-presidente do Supremo Tribunal Federal, o ministro da Justi\u00e7a Jos\u00e9 Eduardo Cardozo perder\u00e1 o emprego. Recaem suspeitas sobre o ministro, depois de ele ter recebido em seu gabinete advogados de empresas denunciadas no esquema do Petrol\u00e3o.<\/p>\n<p>&#8211; N\u00f3s, brasileiros honestos, temos o direito e o dever de exigir que a Presidente Dilma demita imediatamente o Ministro da Justi\u00e7a, postou o ex-presidente do Supremo em sua conta no Twitter.<\/p>\n<p class=\"text\">Joaquim Barbosa pediu mobiliza\u00e7\u00e3o popular para derrubar o ministro depois das not\u00edcias veiculadas pelo jornal O Globo, indicando as audi\u00eancias que Cardozo recebeu em seu gabinete tr\u00eas advogados representantes da Odebrecht, construtora envolvida na opera\u00e7\u00e3o Lava-Jato.<\/p>\n<p class=\"text\">O ministro teria encontrado tamb\u00e9m outros advogados de construtoras como a UTC e a Camargo Corr\u00eaa, segundo informou o jornal a Folha de S. Paulo.<\/p>\n<blockquote>\n<p class=\"text\">De acordo com alguns advogados, a situa\u00e7\u00e3o dos 11 presos teria mudado com a recente decis\u00e3o do STF de manter livre o ex-diretor de Servi\u00e7os da estatal, Renato Duque, e que h\u00e1, pela primeira vez, chances de eles serem soltos.<\/p>\n<\/blockquote>\n<p class=\"text\">Outros defensores, contudo, n\u00e3o creem que Cardozo tenha influ\u00eancia no tribunal, ainda que o PT tenha indicado sete ministros.<\/p>\n<p class=\"text\">Cardozo confirmou que se encontrou com Sergio Renault, mas negou que eles tenham conversado sobre a Opera\u00e7\u00e3o Lava Jato. Renault, por sua vez, contou que foi ao minist\u00e9rio para almo\u00e7ar com o advogado Sigmaringa Seixas, ex-deputado do PT.<\/p>\n<p class=\"text\">Ambos negaram ter discutido o assunto com o ministro. A assessoria de imprensa admitiu que Cardozo se reuniu com outros advogados da Lava Jato, mas informou que desconhecia os seus nomes.<\/p>\n","protected":false},"excerpt":{"rendered":"<p>No que depender do apelo do jurista Joaquim Barbosa, ex-presidente do Supremo Tribunal Federal, o ministro da Justi\u00e7a Jos\u00e9 Eduardo Cardozo perder\u00e1 o emprego. Recaem suspeitas sobre o ministro, depois de ele ter recebido em seu gabinete advogados de empresas denunciadas no esquema do Petrol\u00e3o. &#8211; N\u00f3s, brasileiros honestos, temos o direito e o dever [&hellip;]<\/p>\n","protected":false},"author":2,"featured_media":37121,"comment_status":"open","ping_status":"closed","sticky":false,"template":"","format":"standard","meta":{"_acf_changed":false,"footnotes":""},"categories":[16],"tags":[],"class_list":["post-37120","post","type-post","status-publish","format-standard","has-post-thumbnail","hentry","category-brasil"],"acf":[],"yoast_head":"<!-- This site is optimized with the Yoast SEO plugin v27.2 - https:\/\/yoast.com\/product\/yoast-seo-wordpress\/ -->\n<title>Joaquim Barbosa pede mobiliza\u00e7\u00e3o para derrubar o ministro da Justi\u00e7a - Notibras<\/title>\n<meta name=\"robots\" content=\"index, follow, max-snippet:-1, max-image-preview:large, max-video-preview:-1\" \/>\n<link rel=\"canonical\" href=\"https:\/\/www.notibras.com\/site\/joaquim-barbosa-pede-mobilizacao-para-derrubar-ministro-da-justica\/\" \/>\n<meta property=\"og:locale\" content=\"pt_BR\" \/>\n<meta property=\"og:type\" content=\"article\" \/>\n<meta property=\"og:title\" content=\"Joaquim Barbosa pede mobiliza\u00e7\u00e3o para derrubar o ministro da Justi\u00e7a - Notibras\" \/>\n<meta property=\"og:description\" content=\"No que depender do apelo do jurista Joaquim Barbosa, ex-presidente do Supremo Tribunal Federal, o ministro da Justi\u00e7a Jos\u00e9 Eduardo Cardozo perder\u00e1 o emprego. Recaem suspeitas sobre o ministro, depois de ele ter recebido em seu gabinete advogados de empresas denunciadas no esquema do Petrol\u00e3o. &#8211; N\u00f3s, brasileiros honestos, temos o direito e o dever [&hellip;]\" \/>\n<meta property=\"og:url\" content=\"https:\/\/www.notibras.com\/site\/joaquim-barbosa-pede-mobilizacao-para-derrubar-ministro-da-justica\/\" \/>\n<meta property=\"og:site_name\" content=\"Notibras\" \/>\n<meta property=\"article:publisher\" content=\"https:\/\/www.facebook.com\/notibras\/\" \/>\n<meta property=\"article:published_time\" content=\"2015-02-14T23:13:28+00:00\" \/>\n<meta property=\"article:modified_time\" content=\"2015-02-15T15:44:27+00:00\" \/>\n<meta property=\"og:image\" content=\"https:\/\/www.notibras.com\/site\/wp-content\/uploads\/2015\/02\/joaquim-barbosa-nelson-jr-stf.jpg\" \/>\n\t<meta property=\"og:image:width\" content=\"460\" \/>\n\t<meta property=\"og:image:height\" content=\"291\" \/>\n\t<meta property=\"og:image:type\" content=\"image\/jpeg\" \/>\n<meta name=\"author\" content=\"Reda\u00e7\u00e3o\" \/>\n<meta name=\"twitter:card\" content=\"summary_large_image\" \/>\n<meta name=\"twitter:creator\" content=\"@Notibras\" \/>\n<meta name=\"twitter:site\" content=\"@Notibras\" \/>\n<meta name=\"twitter:label1\" content=\"Escrito por\" \/>\n\t<meta name=\"twitter:data1\" content=\"Reda\u00e7\u00e3o\" \/>\n\t<meta name=\"twitter:label2\" content=\"Est. tempo de leitura\" \/>\n\t<meta name=\"twitter:data2\" content=\"1 minuto\" \/>\n<script type=\"application\/ld+json\" class=\"yoast-schema-graph\">{\"@context\":\"https:\/\/schema.org\",\"@graph\":[{\"@type\":\"Article\",\"@id\":\"https:\/\/www.notibras.com\/site\/joaquim-barbosa-pede-mobilizacao-para-derrubar-ministro-da-justica\/#article\",\"isPartOf\":{\"@id\":\"https:\/\/www.notibras.com\/site\/joaquim-barbosa-pede-mobilizacao-para-derrubar-ministro-da-justica\/\"},\"author\":{\"name\":\"Reda\u00e7\u00e3o\",\"@id\":\"https:\/\/www.notibras.com\/site\/#\/schema\/person\/36ab0979449956132d3e5b517ea76ac8\"},\"headline\":\"Joaquim Barbosa pede mobiliza\u00e7\u00e3o para derrubar o ministro da Justi\u00e7a\",\"datePublished\":\"2015-02-14T23:13:28+00:00\",\"dateModified\":\"2015-02-15T15:44:27+00:00\",\"mainEntityOfPage\":{\"@id\":\"https:\/\/www.notibras.com\/site\/joaquim-barbosa-pede-mobilizacao-para-derrubar-ministro-da-justica\/\"},\"wordCount\":296,\"commentCount\":0,\"publisher\":{\"@id\":\"https:\/\/www.notibras.com\/site\/#organization\"},\"image\":{\"@id\":\"https:\/\/www.notibras.com\/site\/joaquim-barbosa-pede-mobilizacao-para-derrubar-ministro-da-justica\/#primaryimage\"},\"thumbnailUrl\":\"https:\/\/www.notibras.com\/site\/wp-content\/uploads\/2015\/02\/joaquim-barbosa-nelson-jr-stf.jpg\",\"articleSection\":[\"Brasil\"],\"inLanguage\":\"pt-BR\",\"potentialAction\":[{\"@type\":\"CommentAction\",\"name\":\"Comment\",\"target\":[\"https:\/\/www.notibras.com\/site\/joaquim-barbosa-pede-mobilizacao-para-derrubar-ministro-da-justica\/#respond\"]}]},{\"@type\":\"WebPage\",\"@id\":\"https:\/\/www.notibras.com\/site\/joaquim-barbosa-pede-mobilizacao-para-derrubar-ministro-da-justica\/\",\"url\":\"https:\/\/www.notibras.com\/site\/joaquim-barbosa-pede-mobilizacao-para-derrubar-ministro-da-justica\/\",\"name\":\"Joaquim Barbosa pede mobiliza\u00e7\u00e3o para derrubar o ministro da Justi\u00e7a - Notibras\",\"isPartOf\":{\"@id\":\"https:\/\/www.notibras.com\/site\/#website\"},\"primaryImageOfPage\":{\"@id\":\"https:\/\/www.notibras.com\/site\/joaquim-barbosa-pede-mobilizacao-para-derrubar-ministro-da-justica\/#primaryimage\"},\"image\":{\"@id\":\"https:\/\/www.notibras.com\/site\/joaquim-barbosa-pede-mobilizacao-para-derrubar-ministro-da-justica\/#primaryimage\"},\"thumbnailUrl\":\"https:\/\/www.notibras.com\/site\/wp-content\/uploads\/2015\/02\/joaquim-barbosa-nelson-jr-stf.jpg\",\"datePublished\":\"2015-02-14T23:13:28+00:00\",\"dateModified\":\"2015-02-15T15:44:27+00:00\",\"breadcrumb\":{\"@id\":\"https:\/\/www.notibras.com\/site\/joaquim-barbosa-pede-mobilizacao-para-derrubar-ministro-da-justica\/#breadcrumb\"},\"inLanguage\":\"pt-BR\",\"potentialAction\":[{\"@type\":\"ReadAction\",\"target\":[\"https:\/\/www.notibras.com\/site\/joaquim-barbosa-pede-mobilizacao-para-derrubar-ministro-da-justica\/\"]}]},{\"@type\":\"ImageObject\",\"inLanguage\":\"pt-BR\",\"@id\":\"https:\/\/www.notibras.com\/site\/joaquim-barbosa-pede-mobilizacao-para-derrubar-ministro-da-justica\/#primaryimage\",\"url\":\"https:\/\/www.notibras.com\/site\/wp-content\/uploads\/2015\/02\/joaquim-barbosa-nelson-jr-stf.jpg\",\"contentUrl\":\"https:\/\/www.notibras.com\/site\/wp-content\/uploads\/2015\/02\/joaquim-barbosa-nelson-jr-stf.jpg\",\"width\":460,\"height\":291},{\"@type\":\"BreadcrumbList\",\"@id\":\"https:\/\/www.notibras.com\/site\/joaquim-barbosa-pede-mobilizacao-para-derrubar-ministro-da-justica\/#breadcrumb\",\"itemListElement\":[{\"@type\":\"ListItem\",\"position\":1,\"name\":\"In\u00edcio\",\"item\":\"https:\/\/www.notibras.com\/site\/\"},{\"@type\":\"ListItem\",\"position\":2,\"name\":\"Joaquim Barbosa pede mobiliza\u00e7\u00e3o para derrubar o ministro da Justi\u00e7a\"}]},{\"@type\":\"WebSite\",\"@id\":\"https:\/\/www.notibras.com\/site\/#website\",\"url\":\"https:\/\/www.notibras.com\/site\/\",\"name\":\"Notibras\",\"description\":\"Not\u00edcias de Bras\u00edlia, do Brasil e do Mundo\",\"publisher\":{\"@id\":\"https:\/\/www.notibras.com\/site\/#organization\"},\"potentialAction\":[{\"@type\":\"SearchAction\",\"target\":{\"@type\":\"EntryPoint\",\"urlTemplate\":\"https:\/\/www.notibras.com\/site\/?s={search_term_string}\"},\"query-input\":{\"@type\":\"PropertyValueSpecification\",\"valueRequired\":true,\"valueName\":\"search_term_string\"}}],\"inLanguage\":\"pt-BR\"},{\"@type\":\"Organization\",\"@id\":\"https:\/\/www.notibras.com\/site\/#organization\",\"name\":\"Grupo Notibras de Comunica\u00e7\u00e3o\",\"url\":\"https:\/\/www.notibras.com\/site\/\",\"logo\":{\"@type\":\"ImageObject\",\"inLanguage\":\"pt-BR\",\"@id\":\"https:\/\/www.notibras.com\/site\/#\/schema\/logo\/image\/\",\"url\":\"https:\/\/www.notibras.com\/site\/wp-content\/uploads\/2023\/01\/notibras23.png\",\"contentUrl\":\"https:\/\/www.notibras.com\/site\/wp-content\/uploads\/2023\/01\/notibras23.png\",\"width\":350,\"height\":87,\"caption\":\"Grupo Notibras de Comunica\u00e7\u00e3o\"},\"image\":{\"@id\":\"https:\/\/www.notibras.com\/site\/#\/schema\/logo\/image\/\"},\"sameAs\":[\"https:\/\/www.facebook.com\/notibras\/\",\"https:\/\/x.com\/Notibras\",\"https:\/\/www.instagram.com\/notibras\/\"]},{\"@type\":\"Person\",\"@id\":\"https:\/\/www.notibras.com\/site\/#\/schema\/person\/36ab0979449956132d3e5b517ea76ac8\",\"name\":\"Reda\u00e7\u00e3o\",\"image\":{\"@type\":\"ImageObject\",\"inLanguage\":\"pt-BR\",\"@id\":\"https:\/\/secure.gravatar.com\/avatar\/e0a867bdedb85fd243eadf09663511f96fc81e0720a4a42581f334ad4303aa6b?s=96&d=mm&r=g\",\"url\":\"https:\/\/secure.gravatar.com\/avatar\/e0a867bdedb85fd243eadf09663511f96fc81e0720a4a42581f334ad4303aa6b?s=96&d=mm&r=g\",\"contentUrl\":\"https:\/\/secure.gravatar.com\/avatar\/e0a867bdedb85fd243eadf09663511f96fc81e0720a4a42581f334ad4303aa6b?s=96&d=mm&r=g\",\"caption\":\"Reda\u00e7\u00e3o\"}}]}<\/script>\n<!-- \/ Yoast SEO plugin. -->","yoast_head_json":{"title":"Joaquim Barbosa pede mobiliza\u00e7\u00e3o para derrubar o ministro da Justi\u00e7a - Notibras","robots":{"index":"index","follow":"follow","max-snippet":"max-snippet:-1","max-image-preview":"max-image-preview:large","max-video-preview":"max-video-preview:-1"},"canonical":"https:\/\/www.notibras.com\/site\/joaquim-barbosa-pede-mobilizacao-para-derrubar-ministro-da-justica\/","og_locale":"pt_BR","og_type":"article","og_title":"Joaquim Barbosa pede mobiliza\u00e7\u00e3o para derrubar o ministro da Justi\u00e7a - Notibras","og_description":"No que depender do apelo do jurista Joaquim Barbosa, ex-presidente do Supremo Tribunal Federal, o ministro da Justi\u00e7a Jos\u00e9 Eduardo Cardozo perder\u00e1 o emprego. Recaem suspeitas sobre o ministro, depois de ele ter recebido em seu gabinete advogados de empresas denunciadas no esquema do Petrol\u00e3o. &#8211; N\u00f3s, brasileiros honestos, temos o direito e o dever [&hellip;]","og_url":"https:\/\/www.notibras.com\/site\/joaquim-barbosa-pede-mobilizacao-para-derrubar-ministro-da-justica\/","og_site_name":"Notibras","article_publisher":"https:\/\/www.facebook.com\/notibras\/","article_published_time":"2015-02-14T23:13:28+00:00","article_modified_time":"2015-02-15T15:44:27+00:00","og_image":[{"width":460,"height":291,"url":"https:\/\/www.notibras.com\/site\/wp-content\/uploads\/2015\/02\/joaquim-barbosa-nelson-jr-stf.jpg","type":"image\/jpeg"}],"author":"Reda\u00e7\u00e3o","twitter_card":"summary_large_image","twitter_creator":"@Notibras","twitter_site":"@Notibras","twitter_misc":{"Escrito por":"Reda\u00e7\u00e3o","Est. tempo de leitura":"1 minuto"},"schema":{"@context":"https:\/\/schema.org","@graph":[{"@type":"Article","@id":"https:\/\/www.notibras.com\/site\/joaquim-barbosa-pede-mobilizacao-para-derrubar-ministro-da-justica\/#article","isPartOf":{"@id":"https:\/\/www.notibras.com\/site\/joaquim-barbosa-pede-mobilizacao-para-derrubar-ministro-da-justica\/"},"author":{"name":"Reda\u00e7\u00e3o","@id":"https:\/\/www.notibras.com\/site\/#\/schema\/person\/36ab0979449956132d3e5b517ea76ac8"},"headline":"Joaquim Barbosa pede mobiliza\u00e7\u00e3o para derrubar o ministro da Justi\u00e7a","datePublished":"2015-02-14T23:13:28+00:00","dateModified":"2015-02-15T15:44:27+00:00","mainEntityOfPage":{"@id":"https:\/\/www.notibras.com\/site\/joaquim-barbosa-pede-mobilizacao-para-derrubar-ministro-da-justica\/"},"wordCount":296,"commentCount":0,"publisher":{"@id":"https:\/\/www.notibras.com\/site\/#organization"},"image":{"@id":"https:\/\/www.notibras.com\/site\/joaquim-barbosa-pede-mobilizacao-para-derrubar-ministro-da-justica\/#primaryimage"},"thumbnailUrl":"https:\/\/www.notibras.com\/site\/wp-content\/uploads\/2015\/02\/joaquim-barbosa-nelson-jr-stf.jpg","articleSection":["Brasil"],"inLanguage":"pt-BR","potentialAction":[{"@type":"CommentAction","name":"Comment","target":["https:\/\/www.notibras.com\/site\/joaquim-barbosa-pede-mobilizacao-para-derrubar-ministro-da-justica\/#respond"]}]},{"@type":"WebPage","@id":"https:\/\/www.notibras.com\/site\/joaquim-barbosa-pede-mobilizacao-para-derrubar-ministro-da-justica\/","url":"https:\/\/www.notibras.com\/site\/joaquim-barbosa-pede-mobilizacao-para-derrubar-ministro-da-justica\/","name":"Joaquim Barbosa pede mobiliza\u00e7\u00e3o para derrubar o ministro da Justi\u00e7a - Notibras","isPartOf":{"@id":"https:\/\/www.notibras.com\/site\/#website"},"primaryImageOfPage":{"@id":"https:\/\/www.notibras.com\/site\/joaquim-barbosa-pede-mobilizacao-para-derrubar-ministro-da-justica\/#primaryimage"},"image":{"@id":"https:\/\/www.notibras.com\/site\/joaquim-barbosa-pede-mobilizacao-para-derrubar-ministro-da-justica\/#primaryimage"},"thumbnailUrl":"https:\/\/www.notibras.com\/site\/wp-content\/uploads\/2015\/02\/joaquim-barbosa-nelson-jr-stf.jpg","datePublished":"2015-02-14T23:13:28+00:00","dateModified":"2015-02-15T15:44:27+00:00","breadcrumb":{"@id":"https:\/\/www.notibras.com\/site\/joaquim-barbosa-pede-mobilizacao-para-derrubar-ministro-da-justica\/#breadcrumb"},"inLanguage":"pt-BR","potentialAction":[{"@type":"ReadAction","target":["https:\/\/www.notibras.com\/site\/joaquim-barbosa-pede-mobilizacao-para-derrubar-ministro-da-justica\/"]}]},{"@type":"ImageObject","inLanguage":"pt-BR","@id":"https:\/\/www.notibras.com\/site\/joaquim-barbosa-pede-mobilizacao-para-derrubar-ministro-da-justica\/#primaryimage","url":"https:\/\/www.notibras.com\/site\/wp-content\/uploads\/2015\/02\/joaquim-barbosa-nelson-jr-stf.jpg","contentUrl":"https:\/\/www.notibras.com\/site\/wp-content\/uploads\/2015\/02\/joaquim-barbosa-nelson-jr-stf.jpg","width":460,"height":291},{"@type":"BreadcrumbList","@id":"https:\/\/www.notibras.com\/site\/joaquim-barbosa-pede-mobilizacao-para-derrubar-ministro-da-justica\/#breadcrumb","itemListElement":[{"@type":"ListItem","position":1,"name":"In\u00edcio","item":"https:\/\/www.notibras.com\/site\/"},{"@type":"ListItem","position":2,"name":"Joaquim Barbosa pede mobiliza\u00e7\u00e3o para derrubar o ministro da Justi\u00e7a"}]},{"@type":"WebSite","@id":"https:\/\/www.notibras.com\/site\/#website","url":"https:\/\/www.notibras.com\/site\/","name":"Notibras","description":"Not\u00edcias de Bras\u00edlia, do Brasil e do Mundo","publisher":{"@id":"https:\/\/www.notibras.com\/site\/#organization"},"potentialAction":[{"@type":"SearchAction","target":{"@type":"EntryPoint","urlTemplate":"https:\/\/www.notibras.com\/site\/?s={search_term_string}"},"query-input":{"@type":"PropertyValueSpecification","valueRequired":true,"valueName":"search_term_string"}}],"inLanguage":"pt-BR"},{"@type":"Organization","@id":"https:\/\/www.notibras.com\/site\/#organization","name":"Grupo Notibras de Comunica\u00e7\u00e3o","url":"https:\/\/www.notibras.com\/site\/","logo":{"@type":"ImageObject","inLanguage":"pt-BR","@id":"https:\/\/www.notibras.com\/site\/#\/schema\/logo\/image\/","url":"https:\/\/www.notibras.com\/site\/wp-content\/uploads\/2023\/01\/notibras23.png","contentUrl":"https:\/\/www.notibras.com\/site\/wp-content\/uploads\/2023\/01\/notibras23.png","width":350,"height":87,"caption":"Grupo Notibras de Comunica\u00e7\u00e3o"},"image":{"@id":"https:\/\/www.notibras.com\/site\/#\/schema\/logo\/image\/"},"sameAs":["https:\/\/www.facebook.com\/notibras\/","https:\/\/x.com\/Notibras","https:\/\/www.instagram.com\/notibras\/"]},{"@type":"Person","@id":"https:\/\/www.notibras.com\/site\/#\/schema\/person\/36ab0979449956132d3e5b517ea76ac8","name":"Reda\u00e7\u00e3o","image":{"@type":"ImageObject","inLanguage":"pt-BR","@id":"https:\/\/secure.gravatar.com\/avatar\/e0a867bdedb85fd243eadf09663511f96fc81e0720a4a42581f334ad4303aa6b?s=96&d=mm&r=g","url":"https:\/\/secure.gravatar.com\/avatar\/e0a867bdedb85fd243eadf09663511f96fc81e0720a4a42581f334ad4303aa6b?s=96&d=mm&r=g","contentUrl":"https:\/\/secure.gravatar.com\/avatar\/e0a867bdedb85fd243eadf09663511f96fc81e0720a4a42581f334ad4303aa6b?s=96&d=mm&r=g","caption":"Reda\u00e7\u00e3o"}}]}},"amp_enabled":true,"_links":{"self":[{"href":"https:\/\/www.notibras.com\/site\/wp-json\/wp\/v2\/posts\/37120","targetHints":{"allow":["GET"]}}],"collection":[{"href":"https:\/\/www.notibras.com\/site\/wp-json\/wp\/v2\/posts"}],"about":[{"href":"https:\/\/www.notibras.com\/site\/wp-json\/wp\/v2\/types\/post"}],"author":[{"embeddable":true,"href":"https:\/\/www.notibras.com\/site\/wp-json\/wp\/v2\/users\/2"}],"replies":[{"embeddable":true,"href":"https:\/\/www.notibras.com\/site\/wp-json\/wp\/v2\/comments?post=37120"}],"version-history":[{"count":0,"href":"https:\/\/www.notibras.com\/site\/wp-json\/wp\/v2\/posts\/37120\/revisions"}],"wp:featuredmedia":[{"embeddable":true,"href":"https:\/\/www.notibras.com\/site\/wp-json\/wp\/v2\/media\/37121"}],"wp:attachment":[{"href":"https:\/\/www.notibras.com\/site\/wp-json\/wp\/v2\/media?parent=37120"}],"wp:term":[{"taxonomy":"category","embeddable":true,"href":"https:\/\/www.notibras.com\/site\/wp-json\/wp\/v2\/categories?post=37120"},{"taxonomy":"post_tag","embeddable":true,"href":"https:\/\/www.notibras.com\/site\/wp-json\/wp\/v2\/tags?post=37120"}],"curies":[{"name":"wp","href":"https:\/\/api.w.org\/{rel}","templated":true}]}}