{"id":371257,"date":"2025-11-17T00:04:41","date_gmt":"2025-11-17T03:04:41","guid":{"rendered":"https:\/\/www.notibras.com\/site\/?p=371257"},"modified":"2025-11-17T07:01:29","modified_gmt":"2025-11-17T10:01:29","slug":"sergipano-faz-a-festa-em-carnaval-fora-de-epoca","status":"publish","type":"post","link":"https:\/\/www.notibras.com\/site\/sergipano-faz-a-festa-em-carnaval-fora-de-epoca\/","title":{"rendered":"Sergipano faz a festa em carnaval fora de \u00e9poca"},"content":{"rendered":"<p>Foi encerrada na noite deste domingo, 16, uma das edi\u00e7\u00f5es mais marcantes do Pr\u00e9-Caju 2025. A Orla da Atalaia foi tomada por milhares de foli\u00f5es que acompanharam o \u00faltimo dia da pr\u00e9via carnavalesca, transformando Aracaju, desde a sexta-feira, 14, em um grande corredor de alegria.<\/p>\n<p>Com trios el\u00e9tricos lotados, blocos esgotados e uma energia contagiante, o encerramento reuniu turistas de todo o Brasil e moradores que fazem do Pr\u00e9-Caju uma tradi\u00e7\u00e3o anual. Desde as primeiras horas da tarde, j\u00e1 era poss\u00edvel ver a movimenta\u00e7\u00e3o intensa na Orla: glitter no ar, abad\u00e1s coloridos e a expectativa por mais uma noite de festa.<\/p>\n<p>A programa\u00e7\u00e3o final trouxe grandes nomes do ax\u00e9, do pagode e do pop brasileiro, garantindo uma mistura de ritmos que manteve o p\u00fablico animado at\u00e9 o \u00faltimo minuto. Em cima dos trios, artistas agradeceram ao p\u00fablico pela participa\u00e7\u00e3o em mais uma edi\u00e7\u00e3o hist\u00f3rica e prometeram voltar ainda mais fortes no pr\u00f3ximo ano.<\/p>\n<p>A seguran\u00e7a refor\u00e7ada e a estrutura ampliada tamb\u00e9m receberam elogios dos foli\u00f5es, que curtiram o evento com tranquilidade. Barracas de alimenta\u00e7\u00e3o, pontos de apoio e equipes de atendimento distribu\u00eddas ao longo do percurso ajudaram a garantir conforto aos participantes.<\/p>\n<p>Ao final da noite, o clima era de despedida, mas tamb\u00e9m de celebra\u00e7\u00e3o. \u201c\u00c9 uma emo\u00e7\u00e3o que a gente espera o ano inteiro\u201d, contou uma foli\u00e3 empolgada enquanto deixava a avenida. \u201cO Pr\u00e9-Caju \u00e9 nossa cara, \u00e9 alegria pura, e j\u00e1 estamos esperando o pr\u00f3ximo.\u201d<\/p>\n<p>Com mais uma edi\u00e7\u00e3o conclu\u00edda, o Pr\u00e9-Caju 2025 refor\u00e7a sua import\u00e2ncia como um dos maiores eventos culturais do Nordeste, antecipando o que promete ser um ano repleto de grandes festas.<\/p>\n","protected":false},"excerpt":{"rendered":"<p>Foi encerrada na noite deste domingo, 16, uma das edi\u00e7\u00f5es mais marcantes do Pr\u00e9-Caju 2025. A Orla da Atalaia foi tomada por milhares de foli\u00f5es que acompanharam o \u00faltimo dia da pr\u00e9via carnavalesca, transformando Aracaju, desde a sexta-feira, 14, em um grande corredor de alegria. Com trios el\u00e9tricos lotados, blocos esgotados e uma energia contagiante, [&hellip;]<\/p>\n","protected":false},"author":2,"featured_media":371258,"comment_status":"closed","ping_status":"closed","sticky":false,"template":"","format":"standard","meta":{"_acf_changed":false,"footnotes":""},"categories":[165],"tags":[],"class_list":["post-371257","post","type-post","status-publish","format-standard","has-post-thumbnail","hentry","category-nordeste"],"acf":[],"_links":{"self":[{"href":"https:\/\/www.notibras.com\/site\/wp-json\/wp\/v2\/posts\/371257","targetHints":{"allow":["GET"]}}],"collection":[{"href":"https:\/\/www.notibras.com\/site\/wp-json\/wp\/v2\/posts"}],"about":[{"href":"https:\/\/www.notibras.com\/site\/wp-json\/wp\/v2\/types\/post"}],"author":[{"embeddable":true,"href":"https:\/\/www.notibras.com\/site\/wp-json\/wp\/v2\/users\/2"}],"replies":[{"embeddable":true,"href":"https:\/\/www.notibras.com\/site\/wp-json\/wp\/v2\/comments?post=371257"}],"version-history":[{"count":1,"href":"https:\/\/www.notibras.com\/site\/wp-json\/wp\/v2\/posts\/371257\/revisions"}],"predecessor-version":[{"id":371259,"href":"https:\/\/www.notibras.com\/site\/wp-json\/wp\/v2\/posts\/371257\/revisions\/371259"}],"wp:featuredmedia":[{"embeddable":true,"href":"https:\/\/www.notibras.com\/site\/wp-json\/wp\/v2\/media\/371258"}],"wp:attachment":[{"href":"https:\/\/www.notibras.com\/site\/wp-json\/wp\/v2\/media?parent=371257"}],"wp:term":[{"taxonomy":"category","embeddable":true,"href":"https:\/\/www.notibras.com\/site\/wp-json\/wp\/v2\/categories?post=371257"},{"taxonomy":"post_tag","embeddable":true,"href":"https:\/\/www.notibras.com\/site\/wp-json\/wp\/v2\/tags?post=371257"}],"curies":[{"name":"wp","href":"https:\/\/api.w.org\/{rel}","templated":true}]}}