{"id":371359,"date":"2025-11-18T04:56:02","date_gmt":"2025-11-18T07:56:02","guid":{"rendered":"https:\/\/www.notibras.com\/site\/?p=371359"},"modified":"2025-11-18T04:57:16","modified_gmt":"2025-11-18T07:57:16","slug":"berco-da-cultura-do-pais-nordeste-tem-face-real","status":"publish","type":"post","link":"https:\/\/www.notibras.com\/site\/berco-da-cultura-do-pais-nordeste-tem-face-real\/","title":{"rendered":"Ber\u00e7o da cultura do pa\u00eds, Nordeste tem face real"},"content":{"rendered":"<p>No amanhecer quente que pinta o c\u00e9u de rosa e a\u00e7afr\u00e3o, o Nordeste desperta como quem anuncia ao mundo que existe \u2014 vibrante, sonoro, imposs\u00edvel de ignorar. \u00c9 um ber\u00e7o antigo, moldado por m\u00e3os que aprenderam cedo demais a transformar luta em beleza. Aqui, cada rosto carrega hist\u00f3rias que o vento, teimoso, insiste em espalhar pelas esquinas.<\/p>\n<p>O Nordeste real n\u00e3o cabe no cart\u00e3o-postal. Ele pulsa nos becos onde o forr\u00f3 ecoa sem pedir licen\u00e7a, nas feiras que misturam cheiro de milho cozido com o grito do vendedor de cordel, nas ladeiras que sobem e descem hist\u00f3rias de s\u00e9culos. \u00c9 feito de gente que sorri com os l\u00e1bios e resiste com a alma.<\/p>\n<p>L\u00e1 no sert\u00e3o, onde a terra racha como se revelasse segredos muito antigos, h\u00e1 um sil\u00eancio que s\u00f3 quem j\u00e1 ouviu entende. Mas basta surgir uma nuvem carregada no horizonte para o cora\u00e7\u00e3o bater apressado \u2014 esperan\u00e7a n\u00e3o \u00e9 palavra rara por essas bandas. No litoral, as jangadas desenham no mar a mesma poesia que os p\u00e9s de quem dan\u00e7a maracatu riscam no ch\u00e3o.<\/p>\n<p>As faces do Nordeste real s\u00e3o m\u00faltiplas. H\u00e1 a da mulher que, de madrugada, acende o fogo e assa o p\u00e3o de milho para sustentar a casa; a do vaqueiro que guia o gado com coragem quase ancestral; a do jovem que cruza as avenidas das grandes capitais com sonhos maiores que os arranha-c\u00e9us; e a da crian\u00e7a que aprende cedo que viver \u00e9, antes de tudo, resistir.<\/p>\n<p>E no meio de tudo isso, o Brasil inteiro se reconhece \u2014 na m\u00fasica que embala festas do Oiapoque ao Chu\u00ed, na literatura que atravessa gera\u00e7\u00f5es, na f\u00e9 que ergue romarias, e at\u00e9 na teimosia alegre de quem insiste em celebrar a vida apesar de tudo.<\/p>\n<p>O Nordeste \u00e9 o ber\u00e7o, sim. Mas \u00e9 tamb\u00e9m espelho: mostra ao pa\u00eds suas ra\u00edzes, suas dores, suas grandezas. Mostra que a cultura nasce de gente real \u2014 gente que enfrenta a seca, a desigualdade, a saudade \u2014 e, mesmo assim, cria beleza onde parecia imposs\u00edvel.<\/p>\n<p>No fim das contas, o Nordeste real n\u00e3o se explica: se vive. E quem vive, jamais esquece.<\/p>\n","protected":false},"excerpt":{"rendered":"<p>No amanhecer quente que pinta o c\u00e9u de rosa e a\u00e7afr\u00e3o, o Nordeste desperta como quem anuncia ao mundo que existe \u2014 vibrante, sonoro, imposs\u00edvel de ignorar. \u00c9 um ber\u00e7o antigo, moldado por m\u00e3os que aprenderam cedo demais a transformar luta em beleza. Aqui, cada rosto carrega hist\u00f3rias que o vento, teimoso, insiste em espalhar [&hellip;]<\/p>\n","protected":false},"author":2,"featured_media":371360,"comment_status":"closed","ping_status":"closed","sticky":false,"template":"","format":"standard","meta":{"_acf_changed":false,"footnotes":""},"categories":[165],"tags":[],"class_list":["post-371359","post","type-post","status-publish","format-standard","has-post-thumbnail","hentry","category-nordeste"],"acf":[],"_links":{"self":[{"href":"https:\/\/www.notibras.com\/site\/wp-json\/wp\/v2\/posts\/371359","targetHints":{"allow":["GET"]}}],"collection":[{"href":"https:\/\/www.notibras.com\/site\/wp-json\/wp\/v2\/posts"}],"about":[{"href":"https:\/\/www.notibras.com\/site\/wp-json\/wp\/v2\/types\/post"}],"author":[{"embeddable":true,"href":"https:\/\/www.notibras.com\/site\/wp-json\/wp\/v2\/users\/2"}],"replies":[{"embeddable":true,"href":"https:\/\/www.notibras.com\/site\/wp-json\/wp\/v2\/comments?post=371359"}],"version-history":[{"count":2,"href":"https:\/\/www.notibras.com\/site\/wp-json\/wp\/v2\/posts\/371359\/revisions"}],"predecessor-version":[{"id":371362,"href":"https:\/\/www.notibras.com\/site\/wp-json\/wp\/v2\/posts\/371359\/revisions\/371362"}],"wp:featuredmedia":[{"embeddable":true,"href":"https:\/\/www.notibras.com\/site\/wp-json\/wp\/v2\/media\/371360"}],"wp:attachment":[{"href":"https:\/\/www.notibras.com\/site\/wp-json\/wp\/v2\/media?parent=371359"}],"wp:term":[{"taxonomy":"category","embeddable":true,"href":"https:\/\/www.notibras.com\/site\/wp-json\/wp\/v2\/categories?post=371359"},{"taxonomy":"post_tag","embeddable":true,"href":"https:\/\/www.notibras.com\/site\/wp-json\/wp\/v2\/tags?post=371359"}],"curies":[{"name":"wp","href":"https:\/\/api.w.org\/{rel}","templated":true}]}}