{"id":37136,"date":"2015-02-14T19:37:53","date_gmt":"2015-02-14T22:37:53","guid":{"rendered":"http:\/\/www.notibras.com\/site\/?p=37136"},"modified":"2015-02-14T20:41:08","modified_gmt":"2015-02-14T23:41:08","slug":"gol-salvador-de-dudu-garante-mais-uma-vitoria-do-palmeiras","status":"publish","type":"post","link":"https:\/\/www.notibras.com\/site\/gol-salvador-de-dudu-garante-mais-uma-vitoria-do-palmeiras\/","title":{"rendered":"Gol salvador de Dudu garante mais uma vit\u00f3ria do Palmeiras"},"content":{"rendered":"<p>Um dos principais refor\u00e7os do Palmeiras\u00a0para 2015, Dudu chegou sob muitas expectativas, mas ainda n\u00e3o tinha marcado seu primeiro gol com a camisa alviverde. Mas esse grande momento aconteceu quando o time mais precisava, j\u00e1 que ele decidiu o jogo contra o S\u00e3o Bento, neste s\u00e1bado, fora de casa. O resultado de 1 a 0 consolidou\u00a0o Palmeiras na lideran\u00e7a do Grupo 3, com 9 pontos em 5 jogos.<\/p>\n<p>O Palmeiras mostrou desde o come\u00e7o que j\u00e1 est\u00e1 encontrando uma base e entrosando seus refor\u00e7os. O time agora tem jogadas mais trabalhadas, como no lance em Allione quase marcou, sendo bloqueado duas vezes dentro da \u00e1rea. Mas o Palmeiras mostrou dificuldades para determinar o ritmo do jogo e tomou alguns sustos do S\u00e3o Bento no primeiro tempo.<\/p>\n<blockquote>\n<p class=\"text\">O grande problema do Palmeiras mais uma vez foi a finaliza\u00e7\u00e3o, principalmente no primeiro tempo. Alguns jogadores erraram por chutar. Outros demoraram demais para chutar. E assim a melhor chance do time foi apenas uma cobran\u00e7a de falta de Robinho, defendida por Henal, goleiro que teve uma boa atua\u00e7\u00e3o na partida.<\/p>\n<\/blockquote>\n<p class=\"text\">Depois do intervalo, o S\u00e3o Bento mostrou outra vez que \u00e9 um time perigoso. Fernando Prass teve que fazer uma incr\u00edvel defesa ap\u00f3s cabeceio de Jo\u00e3o Paulo. O sistema defensivo do Palmeiras\u00a0tamb\u00e9m \u00e9 um problema que Oswaldo de Oliveira ter\u00e1 que resolver com o tempo.\u00a0Jackson e Vitor Hugo nunca tinham jogado juntos, mas os problemas de marca\u00e7\u00e3o v\u00e3o al\u00e9m da dupla de zaga, j\u00e1 que o meio-campo e a as laterais tamb\u00e9m ficam muito expostas.<\/p>\n<p class=\"text\">Mas aos poucos o Palmeiras tomou as r\u00e9deas do jogo novamente. Isso se consolidou com o gol de Dudu, marcado ap\u00f3s uma boa triangula\u00e7\u00e3o dele com Z\u00e9 Roberto e Cristaldo. Com o gol marcado, finalmente o Palmeiras jogou com mais tranquilidade e administrou a posse de bola, ent\u00e3o a vit\u00f3ria foi confirmada sem mais emo\u00e7\u00f5es.<\/p>\n","protected":false},"excerpt":{"rendered":"<p>Um dos principais refor\u00e7os do Palmeiras\u00a0para 2015, Dudu chegou sob muitas expectativas, mas ainda n\u00e3o tinha marcado seu primeiro gol com a camisa alviverde. Mas esse grande momento aconteceu quando o time mais precisava, j\u00e1 que ele decidiu o jogo contra o S\u00e3o Bento, neste s\u00e1bado, fora de casa. O resultado de 1 a 0 [&hellip;]<\/p>\n","protected":false},"author":2,"featured_media":37137,"comment_status":"open","ping_status":"closed","sticky":false,"template":"","format":"standard","meta":{"_acf_changed":false,"footnotes":""},"categories":[19,29],"tags":[],"class_list":["post-37136","post","type-post","status-publish","format-standard","has-post-thumbnail","hentry","category-esportes","category-futebol"],"acf":[],"yoast_head":"<!-- This site is optimized with the Yoast SEO plugin v27.2 - https:\/\/yoast.com\/product\/yoast-seo-wordpress\/ -->\n<title>Gol salvador de Dudu garante mais uma vit\u00f3ria do Palmeiras - Notibras<\/title>\n<meta name=\"robots\" content=\"index, follow, max-snippet:-1, max-image-preview:large, max-video-preview:-1\" \/>\n<link rel=\"canonical\" href=\"https:\/\/www.notibras.com\/site\/gol-salvador-de-dudu-garante-mais-uma-vitoria-do-palmeiras\/\" \/>\n<meta property=\"og:locale\" content=\"pt_BR\" \/>\n<meta property=\"og:type\" content=\"article\" \/>\n<meta property=\"og:title\" content=\"Gol salvador de Dudu garante mais uma vit\u00f3ria do Palmeiras - Notibras\" \/>\n<meta property=\"og:description\" content=\"Um dos principais refor\u00e7os do Palmeiras\u00a0para 2015, Dudu chegou sob muitas expectativas, mas ainda n\u00e3o tinha marcado seu primeiro gol com a camisa alviverde. Mas esse grande momento aconteceu quando o time mais precisava, j\u00e1 que ele decidiu o jogo contra o S\u00e3o Bento, neste s\u00e1bado, fora de casa. O resultado de 1 a 0 [&hellip;]\" \/>\n<meta property=\"og:url\" content=\"https:\/\/www.notibras.com\/site\/gol-salvador-de-dudu-garante-mais-uma-vitoria-do-palmeiras\/\" \/>\n<meta property=\"og:site_name\" content=\"Notibras\" \/>\n<meta property=\"article:publisher\" content=\"https:\/\/www.facebook.com\/notibras\/\" \/>\n<meta property=\"article:published_time\" content=\"2015-02-14T22:37:53+00:00\" \/>\n<meta property=\"article:modified_time\" content=\"2015-02-14T23:41:08+00:00\" \/>\n<meta property=\"og:image\" content=\"https:\/\/www.notibras.com\/site\/wp-content\/uploads\/2015\/02\/pa.jpg\" \/>\n\t<meta property=\"og:image:width\" content=\"460\" \/>\n\t<meta property=\"og:image:height\" content=\"307\" \/>\n\t<meta property=\"og:image:type\" content=\"image\/jpeg\" \/>\n<meta name=\"author\" content=\"Reda\u00e7\u00e3o\" \/>\n<meta name=\"twitter:card\" content=\"summary_large_image\" \/>\n<meta name=\"twitter:creator\" content=\"@Notibras\" \/>\n<meta name=\"twitter:site\" content=\"@Notibras\" \/>\n<meta name=\"twitter:label1\" content=\"Escrito por\" \/>\n\t<meta name=\"twitter:data1\" content=\"Reda\u00e7\u00e3o\" \/>\n\t<meta name=\"twitter:label2\" content=\"Est. tempo de leitura\" \/>\n\t<meta name=\"twitter:data2\" content=\"2 minutos\" \/>\n<script type=\"application\/ld+json\" class=\"yoast-schema-graph\">{\"@context\":\"https:\/\/schema.org\",\"@graph\":[{\"@type\":\"Article\",\"@id\":\"https:\/\/www.notibras.com\/site\/gol-salvador-de-dudu-garante-mais-uma-vitoria-do-palmeiras\/#article\",\"isPartOf\":{\"@id\":\"https:\/\/www.notibras.com\/site\/gol-salvador-de-dudu-garante-mais-uma-vitoria-do-palmeiras\/\"},\"author\":{\"name\":\"Reda\u00e7\u00e3o\",\"@id\":\"https:\/\/www.notibras.com\/site\/#\/schema\/person\/36ab0979449956132d3e5b517ea76ac8\"},\"headline\":\"Gol salvador de Dudu garante mais uma vit\u00f3ria do Palmeiras\",\"datePublished\":\"2015-02-14T22:37:53+00:00\",\"dateModified\":\"2015-02-14T23:41:08+00:00\",\"mainEntityOfPage\":{\"@id\":\"https:\/\/www.notibras.com\/site\/gol-salvador-de-dudu-garante-mais-uma-vitoria-do-palmeiras\/\"},\"wordCount\":340,\"commentCount\":0,\"publisher\":{\"@id\":\"https:\/\/www.notibras.com\/site\/#organization\"},\"image\":{\"@id\":\"https:\/\/www.notibras.com\/site\/gol-salvador-de-dudu-garante-mais-uma-vitoria-do-palmeiras\/#primaryimage\"},\"thumbnailUrl\":\"https:\/\/www.notibras.com\/site\/wp-content\/uploads\/2015\/02\/pa.jpg\",\"articleSection\":[\"Esportes\",\"Futebol\"],\"inLanguage\":\"pt-BR\",\"potentialAction\":[{\"@type\":\"CommentAction\",\"name\":\"Comment\",\"target\":[\"https:\/\/www.notibras.com\/site\/gol-salvador-de-dudu-garante-mais-uma-vitoria-do-palmeiras\/#respond\"]}]},{\"@type\":\"WebPage\",\"@id\":\"https:\/\/www.notibras.com\/site\/gol-salvador-de-dudu-garante-mais-uma-vitoria-do-palmeiras\/\",\"url\":\"https:\/\/www.notibras.com\/site\/gol-salvador-de-dudu-garante-mais-uma-vitoria-do-palmeiras\/\",\"name\":\"Gol salvador de Dudu garante mais uma vit\u00f3ria do Palmeiras - Notibras\",\"isPartOf\":{\"@id\":\"https:\/\/www.notibras.com\/site\/#website\"},\"primaryImageOfPage\":{\"@id\":\"https:\/\/www.notibras.com\/site\/gol-salvador-de-dudu-garante-mais-uma-vitoria-do-palmeiras\/#primaryimage\"},\"image\":{\"@id\":\"https:\/\/www.notibras.com\/site\/gol-salvador-de-dudu-garante-mais-uma-vitoria-do-palmeiras\/#primaryimage\"},\"thumbnailUrl\":\"https:\/\/www.notibras.com\/site\/wp-content\/uploads\/2015\/02\/pa.jpg\",\"datePublished\":\"2015-02-14T22:37:53+00:00\",\"dateModified\":\"2015-02-14T23:41:08+00:00\",\"breadcrumb\":{\"@id\":\"https:\/\/www.notibras.com\/site\/gol-salvador-de-dudu-garante-mais-uma-vitoria-do-palmeiras\/#breadcrumb\"},\"inLanguage\":\"pt-BR\",\"potentialAction\":[{\"@type\":\"ReadAction\",\"target\":[\"https:\/\/www.notibras.com\/site\/gol-salvador-de-dudu-garante-mais-uma-vitoria-do-palmeiras\/\"]}]},{\"@type\":\"ImageObject\",\"inLanguage\":\"pt-BR\",\"@id\":\"https:\/\/www.notibras.com\/site\/gol-salvador-de-dudu-garante-mais-uma-vitoria-do-palmeiras\/#primaryimage\",\"url\":\"https:\/\/www.notibras.com\/site\/wp-content\/uploads\/2015\/02\/pa.jpg\",\"contentUrl\":\"https:\/\/www.notibras.com\/site\/wp-content\/uploads\/2015\/02\/pa.jpg\",\"width\":460,\"height\":307},{\"@type\":\"BreadcrumbList\",\"@id\":\"https:\/\/www.notibras.com\/site\/gol-salvador-de-dudu-garante-mais-uma-vitoria-do-palmeiras\/#breadcrumb\",\"itemListElement\":[{\"@type\":\"ListItem\",\"position\":1,\"name\":\"In\u00edcio\",\"item\":\"https:\/\/www.notibras.com\/site\/\"},{\"@type\":\"ListItem\",\"position\":2,\"name\":\"Gol salvador de Dudu garante mais uma vit\u00f3ria do Palmeiras\"}]},{\"@type\":\"WebSite\",\"@id\":\"https:\/\/www.notibras.com\/site\/#website\",\"url\":\"https:\/\/www.notibras.com\/site\/\",\"name\":\"Notibras\",\"description\":\"Not\u00edcias de Bras\u00edlia, do Brasil e do Mundo\",\"publisher\":{\"@id\":\"https:\/\/www.notibras.com\/site\/#organization\"},\"potentialAction\":[{\"@type\":\"SearchAction\",\"target\":{\"@type\":\"EntryPoint\",\"urlTemplate\":\"https:\/\/www.notibras.com\/site\/?s={search_term_string}\"},\"query-input\":{\"@type\":\"PropertyValueSpecification\",\"valueRequired\":true,\"valueName\":\"search_term_string\"}}],\"inLanguage\":\"pt-BR\"},{\"@type\":\"Organization\",\"@id\":\"https:\/\/www.notibras.com\/site\/#organization\",\"name\":\"Grupo Notibras de Comunica\u00e7\u00e3o\",\"url\":\"https:\/\/www.notibras.com\/site\/\",\"logo\":{\"@type\":\"ImageObject\",\"inLanguage\":\"pt-BR\",\"@id\":\"https:\/\/www.notibras.com\/site\/#\/schema\/logo\/image\/\",\"url\":\"https:\/\/www.notibras.com\/site\/wp-content\/uploads\/2023\/01\/notibras23.png\",\"contentUrl\":\"https:\/\/www.notibras.com\/site\/wp-content\/uploads\/2023\/01\/notibras23.png\",\"width\":350,\"height\":87,\"caption\":\"Grupo Notibras de Comunica\u00e7\u00e3o\"},\"image\":{\"@id\":\"https:\/\/www.notibras.com\/site\/#\/schema\/logo\/image\/\"},\"sameAs\":[\"https:\/\/www.facebook.com\/notibras\/\",\"https:\/\/x.com\/Notibras\",\"https:\/\/www.instagram.com\/notibras\/\"]},{\"@type\":\"Person\",\"@id\":\"https:\/\/www.notibras.com\/site\/#\/schema\/person\/36ab0979449956132d3e5b517ea76ac8\",\"name\":\"Reda\u00e7\u00e3o\",\"image\":{\"@type\":\"ImageObject\",\"inLanguage\":\"pt-BR\",\"@id\":\"https:\/\/secure.gravatar.com\/avatar\/e0a867bdedb85fd243eadf09663511f96fc81e0720a4a42581f334ad4303aa6b?s=96&d=mm&r=g\",\"url\":\"https:\/\/secure.gravatar.com\/avatar\/e0a867bdedb85fd243eadf09663511f96fc81e0720a4a42581f334ad4303aa6b?s=96&d=mm&r=g\",\"contentUrl\":\"https:\/\/secure.gravatar.com\/avatar\/e0a867bdedb85fd243eadf09663511f96fc81e0720a4a42581f334ad4303aa6b?s=96&d=mm&r=g\",\"caption\":\"Reda\u00e7\u00e3o\"}}]}<\/script>\n<!-- \/ Yoast SEO plugin. -->","yoast_head_json":{"title":"Gol salvador de Dudu garante mais uma vit\u00f3ria do Palmeiras - Notibras","robots":{"index":"index","follow":"follow","max-snippet":"max-snippet:-1","max-image-preview":"max-image-preview:large","max-video-preview":"max-video-preview:-1"},"canonical":"https:\/\/www.notibras.com\/site\/gol-salvador-de-dudu-garante-mais-uma-vitoria-do-palmeiras\/","og_locale":"pt_BR","og_type":"article","og_title":"Gol salvador de Dudu garante mais uma vit\u00f3ria do Palmeiras - Notibras","og_description":"Um dos principais refor\u00e7os do Palmeiras\u00a0para 2015, Dudu chegou sob muitas expectativas, mas ainda n\u00e3o tinha marcado seu primeiro gol com a camisa alviverde. Mas esse grande momento aconteceu quando o time mais precisava, j\u00e1 que ele decidiu o jogo contra o S\u00e3o Bento, neste s\u00e1bado, fora de casa. O resultado de 1 a 0 [&hellip;]","og_url":"https:\/\/www.notibras.com\/site\/gol-salvador-de-dudu-garante-mais-uma-vitoria-do-palmeiras\/","og_site_name":"Notibras","article_publisher":"https:\/\/www.facebook.com\/notibras\/","article_published_time":"2015-02-14T22:37:53+00:00","article_modified_time":"2015-02-14T23:41:08+00:00","og_image":[{"width":460,"height":307,"url":"https:\/\/www.notibras.com\/site\/wp-content\/uploads\/2015\/02\/pa.jpg","type":"image\/jpeg"}],"author":"Reda\u00e7\u00e3o","twitter_card":"summary_large_image","twitter_creator":"@Notibras","twitter_site":"@Notibras","twitter_misc":{"Escrito por":"Reda\u00e7\u00e3o","Est. tempo de leitura":"2 minutos"},"schema":{"@context":"https:\/\/schema.org","@graph":[{"@type":"Article","@id":"https:\/\/www.notibras.com\/site\/gol-salvador-de-dudu-garante-mais-uma-vitoria-do-palmeiras\/#article","isPartOf":{"@id":"https:\/\/www.notibras.com\/site\/gol-salvador-de-dudu-garante-mais-uma-vitoria-do-palmeiras\/"},"author":{"name":"Reda\u00e7\u00e3o","@id":"https:\/\/www.notibras.com\/site\/#\/schema\/person\/36ab0979449956132d3e5b517ea76ac8"},"headline":"Gol salvador de Dudu garante mais uma vit\u00f3ria do Palmeiras","datePublished":"2015-02-14T22:37:53+00:00","dateModified":"2015-02-14T23:41:08+00:00","mainEntityOfPage":{"@id":"https:\/\/www.notibras.com\/site\/gol-salvador-de-dudu-garante-mais-uma-vitoria-do-palmeiras\/"},"wordCount":340,"commentCount":0,"publisher":{"@id":"https:\/\/www.notibras.com\/site\/#organization"},"image":{"@id":"https:\/\/www.notibras.com\/site\/gol-salvador-de-dudu-garante-mais-uma-vitoria-do-palmeiras\/#primaryimage"},"thumbnailUrl":"https:\/\/www.notibras.com\/site\/wp-content\/uploads\/2015\/02\/pa.jpg","articleSection":["Esportes","Futebol"],"inLanguage":"pt-BR","potentialAction":[{"@type":"CommentAction","name":"Comment","target":["https:\/\/www.notibras.com\/site\/gol-salvador-de-dudu-garante-mais-uma-vitoria-do-palmeiras\/#respond"]}]},{"@type":"WebPage","@id":"https:\/\/www.notibras.com\/site\/gol-salvador-de-dudu-garante-mais-uma-vitoria-do-palmeiras\/","url":"https:\/\/www.notibras.com\/site\/gol-salvador-de-dudu-garante-mais-uma-vitoria-do-palmeiras\/","name":"Gol salvador de Dudu garante mais uma vit\u00f3ria do Palmeiras - Notibras","isPartOf":{"@id":"https:\/\/www.notibras.com\/site\/#website"},"primaryImageOfPage":{"@id":"https:\/\/www.notibras.com\/site\/gol-salvador-de-dudu-garante-mais-uma-vitoria-do-palmeiras\/#primaryimage"},"image":{"@id":"https:\/\/www.notibras.com\/site\/gol-salvador-de-dudu-garante-mais-uma-vitoria-do-palmeiras\/#primaryimage"},"thumbnailUrl":"https:\/\/www.notibras.com\/site\/wp-content\/uploads\/2015\/02\/pa.jpg","datePublished":"2015-02-14T22:37:53+00:00","dateModified":"2015-02-14T23:41:08+00:00","breadcrumb":{"@id":"https:\/\/www.notibras.com\/site\/gol-salvador-de-dudu-garante-mais-uma-vitoria-do-palmeiras\/#breadcrumb"},"inLanguage":"pt-BR","potentialAction":[{"@type":"ReadAction","target":["https:\/\/www.notibras.com\/site\/gol-salvador-de-dudu-garante-mais-uma-vitoria-do-palmeiras\/"]}]},{"@type":"ImageObject","inLanguage":"pt-BR","@id":"https:\/\/www.notibras.com\/site\/gol-salvador-de-dudu-garante-mais-uma-vitoria-do-palmeiras\/#primaryimage","url":"https:\/\/www.notibras.com\/site\/wp-content\/uploads\/2015\/02\/pa.jpg","contentUrl":"https:\/\/www.notibras.com\/site\/wp-content\/uploads\/2015\/02\/pa.jpg","width":460,"height":307},{"@type":"BreadcrumbList","@id":"https:\/\/www.notibras.com\/site\/gol-salvador-de-dudu-garante-mais-uma-vitoria-do-palmeiras\/#breadcrumb","itemListElement":[{"@type":"ListItem","position":1,"name":"In\u00edcio","item":"https:\/\/www.notibras.com\/site\/"},{"@type":"ListItem","position":2,"name":"Gol salvador de Dudu garante mais uma vit\u00f3ria do Palmeiras"}]},{"@type":"WebSite","@id":"https:\/\/www.notibras.com\/site\/#website","url":"https:\/\/www.notibras.com\/site\/","name":"Notibras","description":"Not\u00edcias de Bras\u00edlia, do Brasil e do Mundo","publisher":{"@id":"https:\/\/www.notibras.com\/site\/#organization"},"potentialAction":[{"@type":"SearchAction","target":{"@type":"EntryPoint","urlTemplate":"https:\/\/www.notibras.com\/site\/?s={search_term_string}"},"query-input":{"@type":"PropertyValueSpecification","valueRequired":true,"valueName":"search_term_string"}}],"inLanguage":"pt-BR"},{"@type":"Organization","@id":"https:\/\/www.notibras.com\/site\/#organization","name":"Grupo Notibras de Comunica\u00e7\u00e3o","url":"https:\/\/www.notibras.com\/site\/","logo":{"@type":"ImageObject","inLanguage":"pt-BR","@id":"https:\/\/www.notibras.com\/site\/#\/schema\/logo\/image\/","url":"https:\/\/www.notibras.com\/site\/wp-content\/uploads\/2023\/01\/notibras23.png","contentUrl":"https:\/\/www.notibras.com\/site\/wp-content\/uploads\/2023\/01\/notibras23.png","width":350,"height":87,"caption":"Grupo Notibras de Comunica\u00e7\u00e3o"},"image":{"@id":"https:\/\/www.notibras.com\/site\/#\/schema\/logo\/image\/"},"sameAs":["https:\/\/www.facebook.com\/notibras\/","https:\/\/x.com\/Notibras","https:\/\/www.instagram.com\/notibras\/"]},{"@type":"Person","@id":"https:\/\/www.notibras.com\/site\/#\/schema\/person\/36ab0979449956132d3e5b517ea76ac8","name":"Reda\u00e7\u00e3o","image":{"@type":"ImageObject","inLanguage":"pt-BR","@id":"https:\/\/secure.gravatar.com\/avatar\/e0a867bdedb85fd243eadf09663511f96fc81e0720a4a42581f334ad4303aa6b?s=96&d=mm&r=g","url":"https:\/\/secure.gravatar.com\/avatar\/e0a867bdedb85fd243eadf09663511f96fc81e0720a4a42581f334ad4303aa6b?s=96&d=mm&r=g","contentUrl":"https:\/\/secure.gravatar.com\/avatar\/e0a867bdedb85fd243eadf09663511f96fc81e0720a4a42581f334ad4303aa6b?s=96&d=mm&r=g","caption":"Reda\u00e7\u00e3o"}}]}},"amp_enabled":true,"_links":{"self":[{"href":"https:\/\/www.notibras.com\/site\/wp-json\/wp\/v2\/posts\/37136","targetHints":{"allow":["GET"]}}],"collection":[{"href":"https:\/\/www.notibras.com\/site\/wp-json\/wp\/v2\/posts"}],"about":[{"href":"https:\/\/www.notibras.com\/site\/wp-json\/wp\/v2\/types\/post"}],"author":[{"embeddable":true,"href":"https:\/\/www.notibras.com\/site\/wp-json\/wp\/v2\/users\/2"}],"replies":[{"embeddable":true,"href":"https:\/\/www.notibras.com\/site\/wp-json\/wp\/v2\/comments?post=37136"}],"version-history":[{"count":0,"href":"https:\/\/www.notibras.com\/site\/wp-json\/wp\/v2\/posts\/37136\/revisions"}],"wp:featuredmedia":[{"embeddable":true,"href":"https:\/\/www.notibras.com\/site\/wp-json\/wp\/v2\/media\/37137"}],"wp:attachment":[{"href":"https:\/\/www.notibras.com\/site\/wp-json\/wp\/v2\/media?parent=37136"}],"wp:term":[{"taxonomy":"category","embeddable":true,"href":"https:\/\/www.notibras.com\/site\/wp-json\/wp\/v2\/categories?post=37136"},{"taxonomy":"post_tag","embeddable":true,"href":"https:\/\/www.notibras.com\/site\/wp-json\/wp\/v2\/tags?post=37136"}],"curies":[{"name":"wp","href":"https:\/\/api.w.org\/{rel}","templated":true}]}}