{"id":371363,"date":"2025-11-18T00:59:16","date_gmt":"2025-11-18T03:59:16","guid":{"rendered":"https:\/\/www.notibras.com\/site\/?p=371363"},"modified":"2025-11-18T05:02:08","modified_gmt":"2025-11-18T08:02:08","slug":"retirantes-de-ontem-e-de-hoje-marcam-geografia-da-sobrevivencia","status":"publish","type":"post","link":"https:\/\/www.notibras.com\/site\/retirantes-de-ontem-e-de-hoje-marcam-geografia-da-sobrevivencia\/","title":{"rendered":"Retirantes de ontem e de hoje marcam geografia da sobreviv\u00eancia"},"content":{"rendered":"<p>O Nordeste sempre foi uma terra de partidas e retornos, de malas improvisadas e sonhos teimosos. As estradas que cortam o sert\u00e3o, vermelhas de poeira e esperan\u00e7a, conhecem os passos dos que partem desde muito antes de o tempo virar not\u00edcia.<\/p>\n<p>Antigamente, os retirantes caminhavam a p\u00e9, levavam o mundo nas costas e a fam\u00edlia pela m\u00e3o. Hoje, viajam em \u00f4nibus lotados, motos desgastadas ou aplicativos de transporte. Mas a ess\u00eancia \u00e9 a mesma: sobreviver.<\/p>\n<p>Os retirantes de ontem fugiam da seca, da fome, da lavoura perdida que a chuva prometeu e n\u00e3o entregou. As casas de taipa rachavam com o sol, e o horizonte parecia mais estreito que a coragem. Partiam em sil\u00eancio, sabendo que a vida n\u00e3o esperava ningu\u00e9m. E no caminho, o sert\u00e3o mostrava sua face mais dura \u2014 a do ch\u00e3o ressecado que n\u00e3o acolhe nem a sombra.<\/p>\n<p>Os retirantes de hoje carregam outras secas: a falta de trabalho, a viol\u00eancia que ronda bairros e povoados, a aus\u00eancia de oportunidades que, mesmo com luz el\u00e9trica e sinal de celular, ainda pesa no peito. A cidade grande virou miragem \u2014 brilhante, alta, promissora. Mas quem chega nela descobre que o brilho tamb\u00e9m cansa, e que nem sempre h\u00e1 espa\u00e7o para todos na engrenagem que move o progresso.<\/p>\n<p>A geografia da sobreviv\u00eancia mudou, mas n\u00e3o desapareceu. Agora \u00e9 feita de fronteiras invis\u00edveis: da escola que n\u00e3o abre portas, do sal\u00e1rio que n\u00e3o paga o m\u00eas, das enchentes que destroem o que a seca deixou, das migra\u00e7\u00f5es de ida e de volta, porque muitos retornam ao sert\u00e3o buscando paz onde antes buscavam fuga.<\/p>\n<p>E, apesar de tudo, o Nordeste segue de p\u00e9. N\u00e3o s\u00f3 por teimosia, mas por for\u00e7a. Quem nasce nessa terra aprende desde cedo que o ch\u00e3o rachado tamb\u00e9m germina beleza \u2014 basta uma chuva, uma esperan\u00e7a, um novo come\u00e7o. Os retirantes, de ontem e de hoje, s\u00e3o a prova viva disso: gente que transforma dor em caminhada, cansa\u00e7o em coragem e saudade em combust\u00edvel.<\/p>\n<p>No fim, o que move o retirante n\u00e3o \u00e9 apenas a necessidade de partir, mas o desejo profundo de viver. E viver, no Nordeste, sempre foi um ato de resist\u00eancia.<\/p>\n","protected":false},"excerpt":{"rendered":"<p>O Nordeste sempre foi uma terra de partidas e retornos, de malas improvisadas e sonhos teimosos. As estradas que cortam o sert\u00e3o, vermelhas de poeira e esperan\u00e7a, conhecem os passos dos que partem desde muito antes de o tempo virar not\u00edcia. Antigamente, os retirantes caminhavam a p\u00e9, levavam o mundo nas costas e a fam\u00edlia [&hellip;]<\/p>\n","protected":false},"author":2,"featured_media":371364,"comment_status":"closed","ping_status":"closed","sticky":false,"template":"","format":"standard","meta":{"_acf_changed":false,"footnotes":""},"categories":[165],"tags":[],"class_list":["post-371363","post","type-post","status-publish","format-standard","has-post-thumbnail","hentry","category-nordeste"],"acf":[],"_links":{"self":[{"href":"https:\/\/www.notibras.com\/site\/wp-json\/wp\/v2\/posts\/371363","targetHints":{"allow":["GET"]}}],"collection":[{"href":"https:\/\/www.notibras.com\/site\/wp-json\/wp\/v2\/posts"}],"about":[{"href":"https:\/\/www.notibras.com\/site\/wp-json\/wp\/v2\/types\/post"}],"author":[{"embeddable":true,"href":"https:\/\/www.notibras.com\/site\/wp-json\/wp\/v2\/users\/2"}],"replies":[{"embeddable":true,"href":"https:\/\/www.notibras.com\/site\/wp-json\/wp\/v2\/comments?post=371363"}],"version-history":[{"count":1,"href":"https:\/\/www.notibras.com\/site\/wp-json\/wp\/v2\/posts\/371363\/revisions"}],"predecessor-version":[{"id":371365,"href":"https:\/\/www.notibras.com\/site\/wp-json\/wp\/v2\/posts\/371363\/revisions\/371365"}],"wp:featuredmedia":[{"embeddable":true,"href":"https:\/\/www.notibras.com\/site\/wp-json\/wp\/v2\/media\/371364"}],"wp:attachment":[{"href":"https:\/\/www.notibras.com\/site\/wp-json\/wp\/v2\/media?parent=371363"}],"wp:term":[{"taxonomy":"category","embeddable":true,"href":"https:\/\/www.notibras.com\/site\/wp-json\/wp\/v2\/categories?post=371363"},{"taxonomy":"post_tag","embeddable":true,"href":"https:\/\/www.notibras.com\/site\/wp-json\/wp\/v2\/tags?post=371363"}],"curies":[{"name":"wp","href":"https:\/\/api.w.org\/{rel}","templated":true}]}}