{"id":371366,"date":"2025-11-18T00:07:08","date_gmt":"2025-11-18T03:07:08","guid":{"rendered":"https:\/\/www.notibras.com\/site\/?p=371366"},"modified":"2025-11-18T05:09:00","modified_gmt":"2025-11-18T08:09:00","slug":"caixa-comeca-a-liberar-vale-recarga-do-programa-gas-do-povo","status":"publish","type":"post","link":"https:\/\/www.notibras.com\/site\/caixa-comeca-a-liberar-vale-recarga-do-programa-gas-do-povo\/","title":{"rendered":"Caixa come\u00e7a a liberar vale-recarga do Programa G\u00e1s do Povo"},"content":{"rendered":"<p>Cerca de 1 milh\u00e3o de fam\u00edlias podem recarregar gratuitamente o botij\u00e3o de g\u00e1s em revendas credenciadas em dez capitais. A Caixa Econ\u00f4mica Federal come\u00e7a a distribuir o vale-recarga do Programa G\u00e1s do Povo, que substituir\u00e1 o Aux\u00edlio G\u00e1s.<\/p>\n<p>O benef\u00edcio estar\u00e1 dispon\u00edvel nas seguintes capitais: Salvador, Fortaleza, Goi\u00e2nia, Belo Horizonte, Bel\u00e9m, Recife, Teresina, Natal, Porto Alegre e S\u00e3o Paulo.<\/p>\n<p><strong>Como funciona<\/strong><br \/>\nA recarga ser\u00e1 feita diretamente na revenda, sem intermedi\u00e1rios. No momento da retirada, o respons\u00e1vel pela fam\u00edlia poder\u00e1 validar o benef\u00edcio utilizando:<\/p>\n<p>Cart\u00e3o com chip do Bolsa Fam\u00edlia + senha;<br \/>\nCart\u00e3o de d\u00e9bito de conta CAIXA + senha;<br \/>\nCPF e c\u00f3digo de valida\u00e7\u00e3o enviado ao celular cadastrado.<br \/>\nA verifica\u00e7\u00e3o ocorre por meio de um sistema eletr\u00f4nico instalado nas revendedoras que aderiram voluntariamente ao programa.<\/p>\n<p><strong>Quem tem direito<\/strong><br \/>\nOs contemplados pelo Programa G\u00e1s do Povo s\u00e3o escolhidos pelo Minist\u00e9rio do Desenvolvimento e Assist\u00eancia Social (MDS). Entre os crit\u00e9rios est\u00e3o:<\/p>\n<p>Inscri\u00e7\u00e3o no Cadastro \u00danico para Programas Sociais;<br \/>\nRenda per capita de at\u00e9 meio sal\u00e1rio m\u00ednimo;<br \/>\nCadastro atualizado h\u00e1 pelo menos 24 meses;<br \/>\nPrioridade para fam\u00edlias que j\u00e1 recebem o Bolsa Fam\u00edlia.<\/p>\n<p><strong>Sobre o programa<\/strong><br \/>\nO G\u00e1s do Povo \u00e9 a nova pol\u00edtica p\u00fablica do governo federal para ampliar o acesso ao g\u00e1s de cozinha no pa\u00eds. Ele substituir\u00e1, de forma gradual, o Aux\u00edlio G\u00e1s.<\/p>\n<p>O programa prev\u00ea gratuidade na recarga do botij\u00e3o de 13 quilogramas (kg) em revendas credenciadas. A meta \u00e9 beneficiar at\u00e9 15 milh\u00f5es de fam\u00edlias at\u00e9 mar\u00e7o de 2026 \u2014 cerca de 50 milh\u00f5es de pessoas \u2014 em transi\u00e7\u00e3o do modelo anterior.<\/p>\n<p>Desde 23 de outubro, as revendedoras interessadas podem aderir ao programa. As empresas devem estar cadastradas na Ag\u00eancia Nacional do Petr\u00f3leo (ANP), estar em situa\u00e7\u00e3o regular na Receita Federal, ter conta do tipo pessoa jur\u00eddica na Caixa e aceitar pagamentos pela \u201cazulzinha\u201d, m\u00e1quina de cart\u00f5es do banco.<\/p>\n","protected":false},"excerpt":{"rendered":"<p>Cerca de 1 milh\u00e3o de fam\u00edlias podem recarregar gratuitamente o botij\u00e3o de g\u00e1s em revendas credenciadas em dez capitais. A Caixa Econ\u00f4mica Federal come\u00e7a a distribuir o vale-recarga do Programa G\u00e1s do Povo, que substituir\u00e1 o Aux\u00edlio G\u00e1s. O benef\u00edcio estar\u00e1 dispon\u00edvel nas seguintes capitais: Salvador, Fortaleza, Goi\u00e2nia, Belo Horizonte, Bel\u00e9m, Recife, Teresina, Natal, Porto [&hellip;]<\/p>\n","protected":false},"author":2,"featured_media":371367,"comment_status":"closed","ping_status":"closed","sticky":false,"template":"","format":"standard","meta":{"_acf_changed":false,"footnotes":""},"categories":[165],"tags":[],"class_list":["post-371366","post","type-post","status-publish","format-standard","has-post-thumbnail","hentry","category-nordeste"],"acf":[],"_links":{"self":[{"href":"https:\/\/www.notibras.com\/site\/wp-json\/wp\/v2\/posts\/371366","targetHints":{"allow":["GET"]}}],"collection":[{"href":"https:\/\/www.notibras.com\/site\/wp-json\/wp\/v2\/posts"}],"about":[{"href":"https:\/\/www.notibras.com\/site\/wp-json\/wp\/v2\/types\/post"}],"author":[{"embeddable":true,"href":"https:\/\/www.notibras.com\/site\/wp-json\/wp\/v2\/users\/2"}],"replies":[{"embeddable":true,"href":"https:\/\/www.notibras.com\/site\/wp-json\/wp\/v2\/comments?post=371366"}],"version-history":[{"count":1,"href":"https:\/\/www.notibras.com\/site\/wp-json\/wp\/v2\/posts\/371366\/revisions"}],"predecessor-version":[{"id":371368,"href":"https:\/\/www.notibras.com\/site\/wp-json\/wp\/v2\/posts\/371366\/revisions\/371368"}],"wp:featuredmedia":[{"embeddable":true,"href":"https:\/\/www.notibras.com\/site\/wp-json\/wp\/v2\/media\/371367"}],"wp:attachment":[{"href":"https:\/\/www.notibras.com\/site\/wp-json\/wp\/v2\/media?parent=371366"}],"wp:term":[{"taxonomy":"category","embeddable":true,"href":"https:\/\/www.notibras.com\/site\/wp-json\/wp\/v2\/categories?post=371366"},{"taxonomy":"post_tag","embeddable":true,"href":"https:\/\/www.notibras.com\/site\/wp-json\/wp\/v2\/tags?post=371366"}],"curies":[{"name":"wp","href":"https:\/\/api.w.org\/{rel}","templated":true}]}}