{"id":37158,"date":"2015-02-15T03:40:45","date_gmt":"2015-02-15T06:40:45","guid":{"rendered":"http:\/\/www.notibras.com\/site\/?p=37158"},"modified":"2015-02-15T05:51:55","modified_gmt":"2015-02-15T08:51:55","slug":"vai-vai-do-bixiga-de-maria-rita-enlouquece-anhembi-cantando-elis-regina","status":"publish","type":"post","link":"https:\/\/www.notibras.com\/site\/vai-vai-do-bixiga-de-maria-rita-enlouquece-anhembi-cantando-elis-regina\/","title":{"rendered":"Vai-Vai do Bixiga, de Maria Rita, enlouquece Anhembi &#8220;resgatando&#8221; a vida de Elis"},"content":{"rendered":"<p>Com uma homenagem \u00e0 cantora Elis Regina, a Vai-Vai foi a pen\u00faltima escola a desfilar na madrugada deste domingo (15). A escola do Bixiga, do centro de S\u00e3o Paulo, entrou no Anhembi \u00e0s 5h07, mostrando toda a obra da artista, que morreu em 1982.<\/p>\n<p>Mesmo rivalizando com a Gavi\u00f5es da Fiel, escola com grande torcida, a Vai-Vai foi a agremia\u00e7\u00e3o que mais levantou o p\u00fablico nesta madrugada, desde a concentra\u00e7\u00e3o, onde o samba &#8211;que trazia trecho da can\u00e7\u00e3o &#8220;Maria Maria&#8221;, de Milton Nascimento &#8211; j\u00e1 era cantado com for\u00e7a.<\/p>\n<p>Passistas entravam na avenida emocionados, chorando, e os espectadores participaram ativamente,\u00a0acenando bandeiras, cantando e usando m\u00e1scaras com o rosto da homenageada.\u00a0As alas mantiveram o ritmo durante o desfile, realizando uma coreografia durante o refr\u00e3o.<\/p>\n<p>A cantora Maria Rita, filha de Elis, abriu o desfile junto com os puxadores cantando o enredo &#8220;Simplesmente Elis &#8211; A F\u00e1bula de Uma Voz na Transversal do Tempo&#8221;, antes de seguir para assumir a posi\u00e7\u00e3o de mestre de cerim\u00f4nias na comiss\u00e3o de frente. Muito abalada, ela sentiu-se mal ao fim do desfile. &#8220;Minha m\u00e3e \u00e9 um \u00edcone da cultura brasileira. Estou muito emocionada&#8221;, disse ela, antes de ser conduzida para uma ambul\u00e2ncia.<\/p>\n<p>J\u00e1 mais calma, ela explicou a responsabilidade que sentiu. &#8220;Comiss\u00e3o de frente \u00e9 muita responsabilidade, \u00e9 diferente de um show meu, que \u00e9 s\u00f3 meu. \u00c9 a hist\u00f3ria da minha m\u00e3e, e qualquer vacilo poderia comprometer&#8221;, disse.<\/p>\n<p>Os outros dois filhos de Elis, Pedro Camargo Mariano e Jo\u00e3o Marcelo B\u00f4scoli tamb\u00e9m participaram do desfile, no terceiro carro. &#8220;Eu estava prevendo que seria forte, emocionante, mas n\u00e3o previ que fosse me divertir tanto. Deu vontade de descer do carro, voltar e fazer tudo de novo&#8221;, disse Pedro, ap\u00f3s o desfile. Outro carro trazia uma grande alegoria representando Jair Rodrigues, amigo e parceiro da cantora, representado tamb\u00e9m por seus filhos, Jair Oliveira e Luciana Mello.<\/p>\n<blockquote><p>Elis era ga\u00facha, mas frequentava o bairro da Bela Vista, ber\u00e7o da Vai-Vai. A cantora, inclusive, gravou &#8220;Marambaia&#8221;, uma can\u00e7\u00e3o de Henrique Felipe da Costa, o Henric\u00e3o, um dos fundadores da agremia\u00e7\u00e3o. A homenagem da escola lembrou a trajet\u00f3ria de Elis por meio das m\u00fasicas, desde o in\u00edcio nos festivais aos grandes compositores que ela gravou.<\/p><\/blockquote>\n<p>V\u00e1rias m\u00fasicas da &#8216;Pimentinha&#8217;, como era apelidada, foram representadas pela escola nos carros e fantasias. O enredo relembrou tamb\u00e9m a amizade da cantora com Adoniran Barbosa.<\/p>\n<p>Com 90 metros de comprimento, o carro abre-alas da Vai-Vai apresentou pequenos problemas para se manter alinhado, mas os integrantes conseguiram conduzi-lo. A alegoria era dividida em quatro partes. Uma delas lembrou a m\u00fasica &#8220;Arrast\u00e3o&#8221;, primeiro sucesso de Elis, em 1965. Muitos integrantes da escola ajudaram a empurrar o imenso carro.<\/p>\n<p>Segundo o carnavalesco da Vai-Vai, Andr\u00e9 Marins, o abre-alas da escola \u00e9 o maior carro aleg\u00f3rico que j\u00e1 passou pelo Anhembi. &#8220;As gigantes estruturas de homens montados em cavalos mostram a cavalgada dos pampas, representando a vinda desse furac\u00e3o chamado Elis do Rio Grande do Sul para o Brasil e para o mundo.&#8221;<\/p>\n<p>A apresentadora Ana Hickmann, musa da escola, voltou para a avenida depois de ter ficado afastada em 2014 por conta do nascimento de seu primeiro filho.<\/p>\n","protected":false},"excerpt":{"rendered":"<p>Com uma homenagem \u00e0 cantora Elis Regina, a Vai-Vai foi a pen\u00faltima escola a desfilar na madrugada deste domingo (15). A escola do Bixiga, do centro de S\u00e3o Paulo, entrou no Anhembi \u00e0s 5h07, mostrando toda a obra da artista, que morreu em 1982. Mesmo rivalizando com a Gavi\u00f5es da Fiel, escola com grande torcida, [&hellip;]<\/p>\n","protected":false},"author":2,"featured_media":37159,"comment_status":"open","ping_status":"closed","sticky":false,"template":"","format":"standard","meta":{"_acf_changed":false,"footnotes":""},"categories":[16],"tags":[],"class_list":["post-37158","post","type-post","status-publish","format-standard","has-post-thumbnail","hentry","category-brasil"],"acf":[],"yoast_head":"<!-- This site is optimized with the Yoast SEO plugin v27.2 - https:\/\/yoast.com\/product\/yoast-seo-wordpress\/ -->\n<title>Vai-Vai do Bixiga, de Maria Rita, enlouquece Anhembi &quot;resgatando&quot; a vida de Elis - Notibras<\/title>\n<meta name=\"robots\" content=\"index, follow, max-snippet:-1, max-image-preview:large, max-video-preview:-1\" \/>\n<link rel=\"canonical\" href=\"https:\/\/www.notibras.com\/site\/vai-vai-do-bixiga-de-maria-rita-enlouquece-anhembi-cantando-elis-regina\/\" \/>\n<meta property=\"og:locale\" content=\"pt_BR\" \/>\n<meta property=\"og:type\" content=\"article\" \/>\n<meta property=\"og:title\" content=\"Vai-Vai do Bixiga, de Maria Rita, enlouquece Anhembi &quot;resgatando&quot; a vida de Elis - Notibras\" \/>\n<meta property=\"og:description\" content=\"Com uma homenagem \u00e0 cantora Elis Regina, a Vai-Vai foi a pen\u00faltima escola a desfilar na madrugada deste domingo (15). A escola do Bixiga, do centro de S\u00e3o Paulo, entrou no Anhembi \u00e0s 5h07, mostrando toda a obra da artista, que morreu em 1982. Mesmo rivalizando com a Gavi\u00f5es da Fiel, escola com grande torcida, [&hellip;]\" \/>\n<meta property=\"og:url\" content=\"https:\/\/www.notibras.com\/site\/vai-vai-do-bixiga-de-maria-rita-enlouquece-anhembi-cantando-elis-regina\/\" \/>\n<meta property=\"og:site_name\" content=\"Notibras\" \/>\n<meta property=\"article:publisher\" content=\"https:\/\/www.facebook.com\/notibras\/\" \/>\n<meta property=\"article:published_time\" content=\"2015-02-15T06:40:45+00:00\" \/>\n<meta property=\"article:modified_time\" content=\"2015-02-15T08:51:55+00:00\" \/>\n<meta property=\"og:image\" content=\"https:\/\/www.notibras.com\/site\/wp-content\/uploads\/2015\/02\/sp11.jpg\" \/>\n\t<meta property=\"og:image:width\" content=\"620\" \/>\n\t<meta property=\"og:image:height\" content=\"465\" \/>\n\t<meta property=\"og:image:type\" content=\"image\/jpeg\" \/>\n<meta name=\"author\" content=\"Reda\u00e7\u00e3o\" \/>\n<meta name=\"twitter:card\" content=\"summary_large_image\" \/>\n<meta name=\"twitter:creator\" content=\"@Notibras\" \/>\n<meta name=\"twitter:site\" content=\"@Notibras\" \/>\n<meta name=\"twitter:label1\" content=\"Escrito por\" \/>\n\t<meta name=\"twitter:data1\" content=\"Reda\u00e7\u00e3o\" \/>\n\t<meta name=\"twitter:label2\" content=\"Est. tempo de leitura\" \/>\n\t<meta name=\"twitter:data2\" content=\"3 minutos\" \/>\n<script type=\"application\/ld+json\" class=\"yoast-schema-graph\">{\"@context\":\"https:\/\/schema.org\",\"@graph\":[{\"@type\":\"Article\",\"@id\":\"https:\/\/www.notibras.com\/site\/vai-vai-do-bixiga-de-maria-rita-enlouquece-anhembi-cantando-elis-regina\/#article\",\"isPartOf\":{\"@id\":\"https:\/\/www.notibras.com\/site\/vai-vai-do-bixiga-de-maria-rita-enlouquece-anhembi-cantando-elis-regina\/\"},\"author\":{\"name\":\"Reda\u00e7\u00e3o\",\"@id\":\"https:\/\/www.notibras.com\/site\/#\/schema\/person\/36ab0979449956132d3e5b517ea76ac8\"},\"headline\":\"Vai-Vai do Bixiga, de Maria Rita, enlouquece Anhembi &#8220;resgatando&#8221; a vida de Elis\",\"datePublished\":\"2015-02-15T06:40:45+00:00\",\"dateModified\":\"2015-02-15T08:51:55+00:00\",\"mainEntityOfPage\":{\"@id\":\"https:\/\/www.notibras.com\/site\/vai-vai-do-bixiga-de-maria-rita-enlouquece-anhembi-cantando-elis-regina\/\"},\"wordCount\":564,\"commentCount\":0,\"publisher\":{\"@id\":\"https:\/\/www.notibras.com\/site\/#organization\"},\"image\":{\"@id\":\"https:\/\/www.notibras.com\/site\/vai-vai-do-bixiga-de-maria-rita-enlouquece-anhembi-cantando-elis-regina\/#primaryimage\"},\"thumbnailUrl\":\"https:\/\/www.notibras.com\/site\/wp-content\/uploads\/2015\/02\/sp11.jpg\",\"articleSection\":[\"Brasil\"],\"inLanguage\":\"pt-BR\",\"potentialAction\":[{\"@type\":\"CommentAction\",\"name\":\"Comment\",\"target\":[\"https:\/\/www.notibras.com\/site\/vai-vai-do-bixiga-de-maria-rita-enlouquece-anhembi-cantando-elis-regina\/#respond\"]}]},{\"@type\":\"WebPage\",\"@id\":\"https:\/\/www.notibras.com\/site\/vai-vai-do-bixiga-de-maria-rita-enlouquece-anhembi-cantando-elis-regina\/\",\"url\":\"https:\/\/www.notibras.com\/site\/vai-vai-do-bixiga-de-maria-rita-enlouquece-anhembi-cantando-elis-regina\/\",\"name\":\"Vai-Vai do Bixiga, de Maria Rita, enlouquece Anhembi \\\"resgatando\\\" a vida de Elis - Notibras\",\"isPartOf\":{\"@id\":\"https:\/\/www.notibras.com\/site\/#website\"},\"primaryImageOfPage\":{\"@id\":\"https:\/\/www.notibras.com\/site\/vai-vai-do-bixiga-de-maria-rita-enlouquece-anhembi-cantando-elis-regina\/#primaryimage\"},\"image\":{\"@id\":\"https:\/\/www.notibras.com\/site\/vai-vai-do-bixiga-de-maria-rita-enlouquece-anhembi-cantando-elis-regina\/#primaryimage\"},\"thumbnailUrl\":\"https:\/\/www.notibras.com\/site\/wp-content\/uploads\/2015\/02\/sp11.jpg\",\"datePublished\":\"2015-02-15T06:40:45+00:00\",\"dateModified\":\"2015-02-15T08:51:55+00:00\",\"breadcrumb\":{\"@id\":\"https:\/\/www.notibras.com\/site\/vai-vai-do-bixiga-de-maria-rita-enlouquece-anhembi-cantando-elis-regina\/#breadcrumb\"},\"inLanguage\":\"pt-BR\",\"potentialAction\":[{\"@type\":\"ReadAction\",\"target\":[\"https:\/\/www.notibras.com\/site\/vai-vai-do-bixiga-de-maria-rita-enlouquece-anhembi-cantando-elis-regina\/\"]}]},{\"@type\":\"ImageObject\",\"inLanguage\":\"pt-BR\",\"@id\":\"https:\/\/www.notibras.com\/site\/vai-vai-do-bixiga-de-maria-rita-enlouquece-anhembi-cantando-elis-regina\/#primaryimage\",\"url\":\"https:\/\/www.notibras.com\/site\/wp-content\/uploads\/2015\/02\/sp11.jpg\",\"contentUrl\":\"https:\/\/www.notibras.com\/site\/wp-content\/uploads\/2015\/02\/sp11.jpg\",\"width\":620,\"height\":465},{\"@type\":\"BreadcrumbList\",\"@id\":\"https:\/\/www.notibras.com\/site\/vai-vai-do-bixiga-de-maria-rita-enlouquece-anhembi-cantando-elis-regina\/#breadcrumb\",\"itemListElement\":[{\"@type\":\"ListItem\",\"position\":1,\"name\":\"In\u00edcio\",\"item\":\"https:\/\/www.notibras.com\/site\/\"},{\"@type\":\"ListItem\",\"position\":2,\"name\":\"Vai-Vai do Bixiga, de Maria Rita, enlouquece Anhembi &#8220;resgatando&#8221; a vida de Elis\"}]},{\"@type\":\"WebSite\",\"@id\":\"https:\/\/www.notibras.com\/site\/#website\",\"url\":\"https:\/\/www.notibras.com\/site\/\",\"name\":\"Notibras\",\"description\":\"Not\u00edcias de Bras\u00edlia, do Brasil e do Mundo\",\"publisher\":{\"@id\":\"https:\/\/www.notibras.com\/site\/#organization\"},\"potentialAction\":[{\"@type\":\"SearchAction\",\"target\":{\"@type\":\"EntryPoint\",\"urlTemplate\":\"https:\/\/www.notibras.com\/site\/?s={search_term_string}\"},\"query-input\":{\"@type\":\"PropertyValueSpecification\",\"valueRequired\":true,\"valueName\":\"search_term_string\"}}],\"inLanguage\":\"pt-BR\"},{\"@type\":\"Organization\",\"@id\":\"https:\/\/www.notibras.com\/site\/#organization\",\"name\":\"Grupo Notibras de Comunica\u00e7\u00e3o\",\"url\":\"https:\/\/www.notibras.com\/site\/\",\"logo\":{\"@type\":\"ImageObject\",\"inLanguage\":\"pt-BR\",\"@id\":\"https:\/\/www.notibras.com\/site\/#\/schema\/logo\/image\/\",\"url\":\"https:\/\/www.notibras.com\/site\/wp-content\/uploads\/2023\/01\/notibras23.png\",\"contentUrl\":\"https:\/\/www.notibras.com\/site\/wp-content\/uploads\/2023\/01\/notibras23.png\",\"width\":350,\"height\":87,\"caption\":\"Grupo Notibras de Comunica\u00e7\u00e3o\"},\"image\":{\"@id\":\"https:\/\/www.notibras.com\/site\/#\/schema\/logo\/image\/\"},\"sameAs\":[\"https:\/\/www.facebook.com\/notibras\/\",\"https:\/\/x.com\/Notibras\",\"https:\/\/www.instagram.com\/notibras\/\"]},{\"@type\":\"Person\",\"@id\":\"https:\/\/www.notibras.com\/site\/#\/schema\/person\/36ab0979449956132d3e5b517ea76ac8\",\"name\":\"Reda\u00e7\u00e3o\",\"image\":{\"@type\":\"ImageObject\",\"inLanguage\":\"pt-BR\",\"@id\":\"https:\/\/secure.gravatar.com\/avatar\/e0a867bdedb85fd243eadf09663511f96fc81e0720a4a42581f334ad4303aa6b?s=96&d=mm&r=g\",\"url\":\"https:\/\/secure.gravatar.com\/avatar\/e0a867bdedb85fd243eadf09663511f96fc81e0720a4a42581f334ad4303aa6b?s=96&d=mm&r=g\",\"contentUrl\":\"https:\/\/secure.gravatar.com\/avatar\/e0a867bdedb85fd243eadf09663511f96fc81e0720a4a42581f334ad4303aa6b?s=96&d=mm&r=g\",\"caption\":\"Reda\u00e7\u00e3o\"}}]}<\/script>\n<!-- \/ Yoast SEO plugin. -->","yoast_head_json":{"title":"Vai-Vai do Bixiga, de Maria Rita, enlouquece Anhembi \"resgatando\" a vida de Elis - Notibras","robots":{"index":"index","follow":"follow","max-snippet":"max-snippet:-1","max-image-preview":"max-image-preview:large","max-video-preview":"max-video-preview:-1"},"canonical":"https:\/\/www.notibras.com\/site\/vai-vai-do-bixiga-de-maria-rita-enlouquece-anhembi-cantando-elis-regina\/","og_locale":"pt_BR","og_type":"article","og_title":"Vai-Vai do Bixiga, de Maria Rita, enlouquece Anhembi \"resgatando\" a vida de Elis - Notibras","og_description":"Com uma homenagem \u00e0 cantora Elis Regina, a Vai-Vai foi a pen\u00faltima escola a desfilar na madrugada deste domingo (15). A escola do Bixiga, do centro de S\u00e3o Paulo, entrou no Anhembi \u00e0s 5h07, mostrando toda a obra da artista, que morreu em 1982. Mesmo rivalizando com a Gavi\u00f5es da Fiel, escola com grande torcida, [&hellip;]","og_url":"https:\/\/www.notibras.com\/site\/vai-vai-do-bixiga-de-maria-rita-enlouquece-anhembi-cantando-elis-regina\/","og_site_name":"Notibras","article_publisher":"https:\/\/www.facebook.com\/notibras\/","article_published_time":"2015-02-15T06:40:45+00:00","article_modified_time":"2015-02-15T08:51:55+00:00","og_image":[{"width":620,"height":465,"url":"https:\/\/www.notibras.com\/site\/wp-content\/uploads\/2015\/02\/sp11.jpg","type":"image\/jpeg"}],"author":"Reda\u00e7\u00e3o","twitter_card":"summary_large_image","twitter_creator":"@Notibras","twitter_site":"@Notibras","twitter_misc":{"Escrito por":"Reda\u00e7\u00e3o","Est. tempo de leitura":"3 minutos"},"schema":{"@context":"https:\/\/schema.org","@graph":[{"@type":"Article","@id":"https:\/\/www.notibras.com\/site\/vai-vai-do-bixiga-de-maria-rita-enlouquece-anhembi-cantando-elis-regina\/#article","isPartOf":{"@id":"https:\/\/www.notibras.com\/site\/vai-vai-do-bixiga-de-maria-rita-enlouquece-anhembi-cantando-elis-regina\/"},"author":{"name":"Reda\u00e7\u00e3o","@id":"https:\/\/www.notibras.com\/site\/#\/schema\/person\/36ab0979449956132d3e5b517ea76ac8"},"headline":"Vai-Vai do Bixiga, de Maria Rita, enlouquece Anhembi &#8220;resgatando&#8221; a vida de Elis","datePublished":"2015-02-15T06:40:45+00:00","dateModified":"2015-02-15T08:51:55+00:00","mainEntityOfPage":{"@id":"https:\/\/www.notibras.com\/site\/vai-vai-do-bixiga-de-maria-rita-enlouquece-anhembi-cantando-elis-regina\/"},"wordCount":564,"commentCount":0,"publisher":{"@id":"https:\/\/www.notibras.com\/site\/#organization"},"image":{"@id":"https:\/\/www.notibras.com\/site\/vai-vai-do-bixiga-de-maria-rita-enlouquece-anhembi-cantando-elis-regina\/#primaryimage"},"thumbnailUrl":"https:\/\/www.notibras.com\/site\/wp-content\/uploads\/2015\/02\/sp11.jpg","articleSection":["Brasil"],"inLanguage":"pt-BR","potentialAction":[{"@type":"CommentAction","name":"Comment","target":["https:\/\/www.notibras.com\/site\/vai-vai-do-bixiga-de-maria-rita-enlouquece-anhembi-cantando-elis-regina\/#respond"]}]},{"@type":"WebPage","@id":"https:\/\/www.notibras.com\/site\/vai-vai-do-bixiga-de-maria-rita-enlouquece-anhembi-cantando-elis-regina\/","url":"https:\/\/www.notibras.com\/site\/vai-vai-do-bixiga-de-maria-rita-enlouquece-anhembi-cantando-elis-regina\/","name":"Vai-Vai do Bixiga, de Maria Rita, enlouquece Anhembi \"resgatando\" a vida de Elis - Notibras","isPartOf":{"@id":"https:\/\/www.notibras.com\/site\/#website"},"primaryImageOfPage":{"@id":"https:\/\/www.notibras.com\/site\/vai-vai-do-bixiga-de-maria-rita-enlouquece-anhembi-cantando-elis-regina\/#primaryimage"},"image":{"@id":"https:\/\/www.notibras.com\/site\/vai-vai-do-bixiga-de-maria-rita-enlouquece-anhembi-cantando-elis-regina\/#primaryimage"},"thumbnailUrl":"https:\/\/www.notibras.com\/site\/wp-content\/uploads\/2015\/02\/sp11.jpg","datePublished":"2015-02-15T06:40:45+00:00","dateModified":"2015-02-15T08:51:55+00:00","breadcrumb":{"@id":"https:\/\/www.notibras.com\/site\/vai-vai-do-bixiga-de-maria-rita-enlouquece-anhembi-cantando-elis-regina\/#breadcrumb"},"inLanguage":"pt-BR","potentialAction":[{"@type":"ReadAction","target":["https:\/\/www.notibras.com\/site\/vai-vai-do-bixiga-de-maria-rita-enlouquece-anhembi-cantando-elis-regina\/"]}]},{"@type":"ImageObject","inLanguage":"pt-BR","@id":"https:\/\/www.notibras.com\/site\/vai-vai-do-bixiga-de-maria-rita-enlouquece-anhembi-cantando-elis-regina\/#primaryimage","url":"https:\/\/www.notibras.com\/site\/wp-content\/uploads\/2015\/02\/sp11.jpg","contentUrl":"https:\/\/www.notibras.com\/site\/wp-content\/uploads\/2015\/02\/sp11.jpg","width":620,"height":465},{"@type":"BreadcrumbList","@id":"https:\/\/www.notibras.com\/site\/vai-vai-do-bixiga-de-maria-rita-enlouquece-anhembi-cantando-elis-regina\/#breadcrumb","itemListElement":[{"@type":"ListItem","position":1,"name":"In\u00edcio","item":"https:\/\/www.notibras.com\/site\/"},{"@type":"ListItem","position":2,"name":"Vai-Vai do Bixiga, de Maria Rita, enlouquece Anhembi &#8220;resgatando&#8221; a vida de Elis"}]},{"@type":"WebSite","@id":"https:\/\/www.notibras.com\/site\/#website","url":"https:\/\/www.notibras.com\/site\/","name":"Notibras","description":"Not\u00edcias de Bras\u00edlia, do Brasil e do Mundo","publisher":{"@id":"https:\/\/www.notibras.com\/site\/#organization"},"potentialAction":[{"@type":"SearchAction","target":{"@type":"EntryPoint","urlTemplate":"https:\/\/www.notibras.com\/site\/?s={search_term_string}"},"query-input":{"@type":"PropertyValueSpecification","valueRequired":true,"valueName":"search_term_string"}}],"inLanguage":"pt-BR"},{"@type":"Organization","@id":"https:\/\/www.notibras.com\/site\/#organization","name":"Grupo Notibras de Comunica\u00e7\u00e3o","url":"https:\/\/www.notibras.com\/site\/","logo":{"@type":"ImageObject","inLanguage":"pt-BR","@id":"https:\/\/www.notibras.com\/site\/#\/schema\/logo\/image\/","url":"https:\/\/www.notibras.com\/site\/wp-content\/uploads\/2023\/01\/notibras23.png","contentUrl":"https:\/\/www.notibras.com\/site\/wp-content\/uploads\/2023\/01\/notibras23.png","width":350,"height":87,"caption":"Grupo Notibras de Comunica\u00e7\u00e3o"},"image":{"@id":"https:\/\/www.notibras.com\/site\/#\/schema\/logo\/image\/"},"sameAs":["https:\/\/www.facebook.com\/notibras\/","https:\/\/x.com\/Notibras","https:\/\/www.instagram.com\/notibras\/"]},{"@type":"Person","@id":"https:\/\/www.notibras.com\/site\/#\/schema\/person\/36ab0979449956132d3e5b517ea76ac8","name":"Reda\u00e7\u00e3o","image":{"@type":"ImageObject","inLanguage":"pt-BR","@id":"https:\/\/secure.gravatar.com\/avatar\/e0a867bdedb85fd243eadf09663511f96fc81e0720a4a42581f334ad4303aa6b?s=96&d=mm&r=g","url":"https:\/\/secure.gravatar.com\/avatar\/e0a867bdedb85fd243eadf09663511f96fc81e0720a4a42581f334ad4303aa6b?s=96&d=mm&r=g","contentUrl":"https:\/\/secure.gravatar.com\/avatar\/e0a867bdedb85fd243eadf09663511f96fc81e0720a4a42581f334ad4303aa6b?s=96&d=mm&r=g","caption":"Reda\u00e7\u00e3o"}}]}},"amp_enabled":true,"_links":{"self":[{"href":"https:\/\/www.notibras.com\/site\/wp-json\/wp\/v2\/posts\/37158","targetHints":{"allow":["GET"]}}],"collection":[{"href":"https:\/\/www.notibras.com\/site\/wp-json\/wp\/v2\/posts"}],"about":[{"href":"https:\/\/www.notibras.com\/site\/wp-json\/wp\/v2\/types\/post"}],"author":[{"embeddable":true,"href":"https:\/\/www.notibras.com\/site\/wp-json\/wp\/v2\/users\/2"}],"replies":[{"embeddable":true,"href":"https:\/\/www.notibras.com\/site\/wp-json\/wp\/v2\/comments?post=37158"}],"version-history":[{"count":0,"href":"https:\/\/www.notibras.com\/site\/wp-json\/wp\/v2\/posts\/37158\/revisions"}],"wp:featuredmedia":[{"embeddable":true,"href":"https:\/\/www.notibras.com\/site\/wp-json\/wp\/v2\/media\/37159"}],"wp:attachment":[{"href":"https:\/\/www.notibras.com\/site\/wp-json\/wp\/v2\/media?parent=37158"}],"wp:term":[{"taxonomy":"category","embeddable":true,"href":"https:\/\/www.notibras.com\/site\/wp-json\/wp\/v2\/categories?post=37158"},{"taxonomy":"post_tag","embeddable":true,"href":"https:\/\/www.notibras.com\/site\/wp-json\/wp\/v2\/tags?post=37158"}],"curies":[{"name":"wp","href":"https:\/\/api.w.org\/{rel}","templated":true}]}}