{"id":371615,"date":"2025-11-20T10:55:18","date_gmt":"2025-11-20T13:55:18","guid":{"rendered":"https:\/\/www.notibras.com\/site\/?p=371615"},"modified":"2025-11-20T10:55:18","modified_gmt":"2025-11-20T13:55:18","slug":"nordestino-mantem-vivo-sonho-de-sertao-virar-mar","status":"publish","type":"post","link":"https:\/\/www.notibras.com\/site\/nordestino-mantem-vivo-sonho-de-sertao-virar-mar\/","title":{"rendered":"Nordestino mant\u00e9m vivo sonho de sert\u00e3o virar mar"},"content":{"rendered":"<p>Dizem por a\u00ed, desde o tempo dos av\u00f3s dos av\u00f3s, que \u201co sert\u00e3o vai virar mar e o mar vai virar sert\u00e3o\u201d. No come\u00e7o, muita gente achava que era s\u00f3 conversa de poeta, exagero de cantador que gosta de esticar o mundo com palavras. Mas quem vive no Nordeste sabe: essa frase \u00e9 mais que profecia \u2014 \u00e9 esperan\u00e7a teimosa, dessas que o povo planta no peito mesmo quando o ch\u00e3o racha.<\/p>\n<p>O sert\u00e3o sempre foi duro, seco, quente de lascar o ju\u00edzo. Mas, ao mesmo tempo, \u00e9 onde mora uma for\u00e7a que n\u00e3o se explica. \u00c9 no sert\u00e3o que o horizonte parece n\u00e3o acabar nunca, e onde o sol, mesmo queimando, ilumina uma f\u00e9 que ningu\u00e9m dobra. Cada mandacaru que resiste \u00e9 um lembrete: por aqui, nada se entrega f\u00e1cil.<\/p>\n<p>De tempos em tempos, vem a chuva \u2014 pouca, mi\u00fada, mas suficiente para transformar o ch\u00e3o acinzentado em verde. E quando isso acontece, o sertanejo olha para o c\u00e9u como quem reencontra um velho amigo. A terra bebe devagar, as plantas se espregui\u00e7am, e a vida se ajeita de novo, como quem diz: \u201cViu? Eu n\u00e3o desisti.\u201d<\/p>\n<p>Hoje, o mar que o sert\u00e3o espera n\u00e3o \u00e9 s\u00f3 \u00e1gua. \u00c9 oportunidade, \u00e9 dignidade, \u00e9 futuro. \u00c9 escola que chega, \u00e9 estrada que se estende, \u00e9 tecnologia que brota onde antes s\u00f3 existia poeira. \u00c9 o jovem sertanejo podendo sonhar sem precisar partir. \u00c9 a mulher que planta, vende, cria e transforma. \u00c9 o povo inteiro dizendo, em uma s\u00f3 voz, que recome\u00e7ar \u00e9 verbo da casa.<\/p>\n<p>No Nordeste, esperan\u00e7a n\u00e3o \u00e9 sentimento \u2014 \u00e9 ferramenta. Se carrega na m\u00e3o calejada, na f\u00e9 cotidiana e no sorriso que insiste mesmo quando a vida aperta. E assim, um dia de cada vez, o sert\u00e3o vai mesmo virando mar. N\u00e3o de \u00e1gua, talvez, mas de possibilidades.<\/p>\n<p>Porque onde mora o nordestino, a esperan\u00e7a nasce at\u00e9 em solo seco. E quando ela floresce\u2026 ah, meu amigo, o mundo inteiro aprende o que significa resistir e renascer.<\/p>\n","protected":false},"excerpt":{"rendered":"<p>Dizem por a\u00ed, desde o tempo dos av\u00f3s dos av\u00f3s, que \u201co sert\u00e3o vai virar mar e o mar vai virar sert\u00e3o\u201d. No come\u00e7o, muita gente achava que era s\u00f3 conversa de poeta, exagero de cantador que gosta de esticar o mundo com palavras. Mas quem vive no Nordeste sabe: essa frase \u00e9 mais que [&hellip;]<\/p>\n","protected":false},"author":2,"featured_media":371616,"comment_status":"closed","ping_status":"closed","sticky":false,"template":"","format":"standard","meta":{"_acf_changed":false,"footnotes":""},"categories":[165],"tags":[],"class_list":["post-371615","post","type-post","status-publish","format-standard","has-post-thumbnail","hentry","category-nordeste"],"acf":[],"_links":{"self":[{"href":"https:\/\/www.notibras.com\/site\/wp-json\/wp\/v2\/posts\/371615","targetHints":{"allow":["GET"]}}],"collection":[{"href":"https:\/\/www.notibras.com\/site\/wp-json\/wp\/v2\/posts"}],"about":[{"href":"https:\/\/www.notibras.com\/site\/wp-json\/wp\/v2\/types\/post"}],"author":[{"embeddable":true,"href":"https:\/\/www.notibras.com\/site\/wp-json\/wp\/v2\/users\/2"}],"replies":[{"embeddable":true,"href":"https:\/\/www.notibras.com\/site\/wp-json\/wp\/v2\/comments?post=371615"}],"version-history":[{"count":1,"href":"https:\/\/www.notibras.com\/site\/wp-json\/wp\/v2\/posts\/371615\/revisions"}],"predecessor-version":[{"id":371617,"href":"https:\/\/www.notibras.com\/site\/wp-json\/wp\/v2\/posts\/371615\/revisions\/371617"}],"wp:featuredmedia":[{"embeddable":true,"href":"https:\/\/www.notibras.com\/site\/wp-json\/wp\/v2\/media\/371616"}],"wp:attachment":[{"href":"https:\/\/www.notibras.com\/site\/wp-json\/wp\/v2\/media?parent=371615"}],"wp:term":[{"taxonomy":"category","embeddable":true,"href":"https:\/\/www.notibras.com\/site\/wp-json\/wp\/v2\/categories?post=371615"},{"taxonomy":"post_tag","embeddable":true,"href":"https:\/\/www.notibras.com\/site\/wp-json\/wp\/v2\/tags?post=371615"}],"curies":[{"name":"wp","href":"https:\/\/api.w.org\/{rel}","templated":true}]}}