{"id":371618,"date":"2025-11-20T10:00:22","date_gmt":"2025-11-20T13:00:22","guid":{"rendered":"https:\/\/www.notibras.com\/site\/?p=371618"},"modified":"2025-11-20T11:03:44","modified_gmt":"2025-11-20T14:03:44","slug":"procon-caruaru-orienta-consumidor-sobre-cuidados-com-promocoes","status":"publish","type":"post","link":"https:\/\/www.notibras.com\/site\/procon-caruaru-orienta-consumidor-sobre-cuidados-com-promocoes\/","title":{"rendered":"Procon Caruaru orienta consumidor sobre cuidados com promo\u00e7\u00f5es"},"content":{"rendered":"<p>Com a aproxima\u00e7\u00e3o da Black Friday, marcada para o fim de novembro, o Procon Caruaru intensificou as a\u00e7\u00f5es de orienta\u00e7\u00e3o aos consumidores para evitar preju\u00edzos durante o per\u00edodo de grandes promo\u00e7\u00f5es. A expectativa de descontos atrai milhares de pessoas \u00e0s lojas f\u00edsicas e virtuais, mas tamb\u00e9m aumenta o n\u00famero de reclama\u00e7\u00f5es relacionadas a pr\u00e1ticas abusivas e golpes.<\/p>\n<p>De acordo com o \u00f3rg\u00e3o de defesa do consumidor, o principal alerta \u00e9 para que o p\u00fablico pesquise pre\u00e7os com anteced\u00eancia, evitando cair na chamada \u201cmetade do dobro\u201d, quando comerciantes elevam valores dias antes e, na Black Friday, anunciam supostos descontos. \u201c\u00c9 fundamental acompanhar o pre\u00e7o dos produtos desejados ao longo das semanas para saber se realmente est\u00e1 mais barato\u201d, destaca o Procon.<\/p>\n<p>Outra recomenda\u00e7\u00e3o \u00e9 que o consumidor priorize lojas oficiais e reconhecidas, especialmente no ambiente online, onde aumentam as tentativas de fraude. Sites falsos e links enviados por mensagens s\u00e3o armadilhas frequentes nesta \u00e9poca. O Procon orienta que o comprador verifique o endere\u00e7o eletr\u00f4nico da loja, busque avalia\u00e7\u00f5es de outros consumidores e evite ofertas com pre\u00e7os muito abaixo da m\u00e9dia.<\/p>\n<p>Para quem vai comprar em lojas f\u00edsicas, a dica \u00e9 observar se o produto anunciado est\u00e1 realmente dispon\u00edvel pelo valor divulgado e se as condi\u00e7\u00f5es de pagamento s\u00e3o claras. J\u00e1 no com\u00e9rcio eletr\u00f4nico, os consumidores devem sempre salvar prints e comprovantes de oferta, garantindo provas em caso de diverg\u00eancia.<\/p>\n<p>O Procon Caruaru tamb\u00e9m refor\u00e7a que o direito de arrependimento, previsto no C\u00f3digo de Defesa do Consumidor, permanece v\u00e1lido na Black Friday. Em compras feitas pela internet, o cliente pode desistir do produto em at\u00e9 sete dias ap\u00f3s o recebimento, sem precisar justificar e garantindo a devolu\u00e7\u00e3o integral do valor.<\/p>\n<p>A equipe do \u00f3rg\u00e3o estar\u00e1 de plant\u00e3o durante o per\u00edodo da Black Friday para registrar den\u00fancias e esclarecer d\u00favidas. Reclama\u00e7\u00f5es podem ser feitas presencialmente na sede do Procon, por telefone ou pelos canais digitais.<\/p>\n<p>\u201cNosso objetivo \u00e9 garantir que a Black Friday seja uma oportunidade real de economia, e n\u00e3o um risco para o consumidor\u201d, refor\u00e7a a coordena\u00e7\u00e3o do \u00f3rg\u00e3o.<\/p>\n","protected":false},"excerpt":{"rendered":"<p>Com a aproxima\u00e7\u00e3o da Black Friday, marcada para o fim de novembro, o Procon Caruaru intensificou as a\u00e7\u00f5es de orienta\u00e7\u00e3o aos consumidores para evitar preju\u00edzos durante o per\u00edodo de grandes promo\u00e7\u00f5es. A expectativa de descontos atrai milhares de pessoas \u00e0s lojas f\u00edsicas e virtuais, mas tamb\u00e9m aumenta o n\u00famero de reclama\u00e7\u00f5es relacionadas a pr\u00e1ticas abusivas [&hellip;]<\/p>\n","protected":false},"author":2,"featured_media":371619,"comment_status":"closed","ping_status":"closed","sticky":false,"template":"","format":"standard","meta":{"_acf_changed":false,"footnotes":""},"categories":[165],"tags":[],"class_list":["post-371618","post","type-post","status-publish","format-standard","has-post-thumbnail","hentry","category-nordeste"],"acf":[],"_links":{"self":[{"href":"https:\/\/www.notibras.com\/site\/wp-json\/wp\/v2\/posts\/371618","targetHints":{"allow":["GET"]}}],"collection":[{"href":"https:\/\/www.notibras.com\/site\/wp-json\/wp\/v2\/posts"}],"about":[{"href":"https:\/\/www.notibras.com\/site\/wp-json\/wp\/v2\/types\/post"}],"author":[{"embeddable":true,"href":"https:\/\/www.notibras.com\/site\/wp-json\/wp\/v2\/users\/2"}],"replies":[{"embeddable":true,"href":"https:\/\/www.notibras.com\/site\/wp-json\/wp\/v2\/comments?post=371618"}],"version-history":[{"count":3,"href":"https:\/\/www.notibras.com\/site\/wp-json\/wp\/v2\/posts\/371618\/revisions"}],"predecessor-version":[{"id":371622,"href":"https:\/\/www.notibras.com\/site\/wp-json\/wp\/v2\/posts\/371618\/revisions\/371622"}],"wp:featuredmedia":[{"embeddable":true,"href":"https:\/\/www.notibras.com\/site\/wp-json\/wp\/v2\/media\/371619"}],"wp:attachment":[{"href":"https:\/\/www.notibras.com\/site\/wp-json\/wp\/v2\/media?parent=371618"}],"wp:term":[{"taxonomy":"category","embeddable":true,"href":"https:\/\/www.notibras.com\/site\/wp-json\/wp\/v2\/categories?post=371618"},{"taxonomy":"post_tag","embeddable":true,"href":"https:\/\/www.notibras.com\/site\/wp-json\/wp\/v2\/tags?post=371618"}],"curies":[{"name":"wp","href":"https:\/\/api.w.org\/{rel}","templated":true}]}}