{"id":37167,"date":"2015-02-15T00:57:28","date_gmt":"2015-02-15T03:57:28","guid":{"rendered":"http:\/\/www.notibras.com\/site\/?p=37167"},"modified":"2015-02-15T06:04:45","modified_gmt":"2015-02-15T09:04:45","slug":"marina-ruy-barbosa-troca-imperio-da-sapucai-por-baile-de-gala-no-copacabana","status":"publish","type":"post","link":"https:\/\/www.notibras.com\/site\/marina-ruy-barbosa-troca-imperio-da-sapucai-por-baile-de-gala-no-copacabana\/","title":{"rendered":"Marina Ruy Barbosa larga &#8216;Imp\u00e9rio&#8217; na Sapuca\u00ed e corre para gala do baile do Copa"},"content":{"rendered":"<p>Ap\u00f3s gravar cenas da novela &#8220;Imp\u00e9rio&#8221; na Sapuca\u00ed, Marina Ruy Barbosa foi curtir o baile de gala do Copacabana Palace, tradicional festa do Carnaval carioca. A atriz chegou ao evento \u00e0 1h45. &#8220;Vim correndo. Queria ter chegado antes, mas n\u00e3o deu&#8221;, contou a atriz, que vive Maria Isis no folhetim da Globo. Marina, que \u00e9 a rainha do baile desse ano,\u00a0foi direto a uma \u00e1rea VIP do sal\u00e3o ao chegar.<\/p>\n<p>Questionada sobre suas habilidades no quesito samba no p\u00e9, ela foi sincera: &#8220;N\u00e3o sei sambar, mas eu engano. Estou muito feliz, o baile est\u00e1 lindo. Vamos dan\u00e7ar!&#8221;\u00a0 A atriz foi \u00e0 festa acompanhada do namorado Caio Nabuco. &#8220;Gosto de acompanh\u00e1-la, estou muito orgulhoso. Acho esse ass\u00e9dio normal, levo numa boa&#8221;, conta o empres\u00e1rio.<\/p>\n<blockquote><p>A cantora Paula Fernandes tamb\u00e9m compareceu ao baile e chamou bastante aten\u00e7\u00e3o com um vestido verde lim\u00e3o decotado e a j\u00e1 famosa cintura bem marcada. &#8220;Sou muito tranquila, caseira, mas curto Carnaval. Amanh\u00e3 vou assistir ao desfile em um camarote da Sapuca\u00ed&#8221;, revelou Paula.<\/p><\/blockquote>\n<p>Famosa por sua boa forma, a cantora conta que n\u00e3o sofre para manter o corpinho. &#8220;O ideal \u00e9 n\u00e3o passar da conta, o bom \u00e9 o meio termo. Sou fruto do que eu como. Quero envelhecer bonita e com dignidade&#8221;.<\/p>\n<p>Empolgada com a anima\u00e7\u00e3o da festa, a atriz Fabiana Karla subiu ao palco para uma pequena canja: a atriz cantou &#8220;Frevo Mulher&#8221;, can\u00e7\u00e3o de Z\u00e9 Ramalho. O baile deste ano \u00e9 o primeiro que ela participa, j\u00e1 que costuma passar o Carnaval em Recife. \u00a0&#8220;Estou gravando muito e filmando tamb\u00e9m. (No \u00faltimo) Dia 24 come\u00e7amos a rodar no Uruguai o filme &#8216;T\u00f4 Rica&#8217;, com a Samantha Schmutz. Est\u00e1 sendo muito divertido, ela \u00e9 talentosa e muito engra\u00e7ada. J\u00e1 filmamos no Rio, em Cavalcante, Quintino&#8230; a gente quase morreu de calor! Tamb\u00e9m estou gravando o novo Zorra. Senti uma diferen\u00e7a sim, muito bem-vinda, est\u00e1 com uma pegada de &#8216;TV Pirata&#8217;, de &#8216;T\u00e1 no Ar'&#8221;.<\/p>\n<p>Em outubro Fabiana completa 40 anos, mas a atriz n\u00e3o teme a nova idade. &#8220;N\u00e3o assusta. Eu sobrevivi, menina, t\u00f4 \u00f3tima. Minha filha diz que sou igual ao vinho e \u00e9 verdade. Estou melhor hoje, bem com minhas formas, com a vida estabilizada. Estou feliz assim. Ainda n\u00e3o sei como vai ser a comemora\u00e7\u00e3o. Meus amigos querem fazer uma festa, mas eu tamb\u00e9m penso em viajar&#8221;.<\/p>\n","protected":false},"excerpt":{"rendered":"<p>Ap\u00f3s gravar cenas da novela &#8220;Imp\u00e9rio&#8221; na Sapuca\u00ed, Marina Ruy Barbosa foi curtir o baile de gala do Copacabana Palace, tradicional festa do Carnaval carioca. A atriz chegou ao evento \u00e0 1h45. &#8220;Vim correndo. Queria ter chegado antes, mas n\u00e3o deu&#8221;, contou a atriz, que vive Maria Isis no folhetim da Globo. Marina, que \u00e9 [&hellip;]<\/p>\n","protected":false},"author":2,"featured_media":37168,"comment_status":"open","ping_status":"closed","sticky":false,"template":"","format":"standard","meta":{"_acf_changed":false,"footnotes":""},"categories":[16],"tags":[],"class_list":["post-37167","post","type-post","status-publish","format-standard","has-post-thumbnail","hentry","category-brasil"],"acf":[],"yoast_head":"<!-- This site is optimized with the Yoast SEO plugin v27.2 - https:\/\/yoast.com\/product\/yoast-seo-wordpress\/ -->\n<title>Marina Ruy Barbosa larga &#039;Imp\u00e9rio&#039; na Sapuca\u00ed e corre para gala do baile do Copa - Notibras<\/title>\n<meta name=\"robots\" content=\"index, follow, max-snippet:-1, max-image-preview:large, max-video-preview:-1\" \/>\n<link rel=\"canonical\" href=\"https:\/\/www.notibras.com\/site\/marina-ruy-barbosa-troca-imperio-da-sapucai-por-baile-de-gala-no-copacabana\/\" \/>\n<meta property=\"og:locale\" content=\"pt_BR\" \/>\n<meta property=\"og:type\" content=\"article\" \/>\n<meta property=\"og:title\" content=\"Marina Ruy Barbosa larga &#039;Imp\u00e9rio&#039; na Sapuca\u00ed e corre para gala do baile do Copa - Notibras\" \/>\n<meta property=\"og:description\" content=\"Ap\u00f3s gravar cenas da novela &#8220;Imp\u00e9rio&#8221; na Sapuca\u00ed, Marina Ruy Barbosa foi curtir o baile de gala do Copacabana Palace, tradicional festa do Carnaval carioca. A atriz chegou ao evento \u00e0 1h45. &#8220;Vim correndo. Queria ter chegado antes, mas n\u00e3o deu&#8221;, contou a atriz, que vive Maria Isis no folhetim da Globo. Marina, que \u00e9 [&hellip;]\" \/>\n<meta property=\"og:url\" content=\"https:\/\/www.notibras.com\/site\/marina-ruy-barbosa-troca-imperio-da-sapucai-por-baile-de-gala-no-copacabana\/\" \/>\n<meta property=\"og:site_name\" content=\"Notibras\" \/>\n<meta property=\"article:publisher\" content=\"https:\/\/www.facebook.com\/notibras\/\" \/>\n<meta property=\"article:published_time\" content=\"2015-02-15T03:57:28+00:00\" \/>\n<meta property=\"article:modified_time\" content=\"2015-02-15T09:04:45+00:00\" \/>\n<meta property=\"og:image\" content=\"https:\/\/www.notibras.com\/site\/wp-content\/uploads\/2015\/02\/imperio-estadao-300.jpg\" \/>\n\t<meta property=\"og:image:width\" content=\"300\" \/>\n\t<meta property=\"og:image:height\" content=\"200\" \/>\n\t<meta property=\"og:image:type\" content=\"image\/jpeg\" \/>\n<meta name=\"author\" content=\"Reda\u00e7\u00e3o\" \/>\n<meta name=\"twitter:card\" content=\"summary_large_image\" \/>\n<meta name=\"twitter:creator\" content=\"@Notibras\" \/>\n<meta name=\"twitter:site\" content=\"@Notibras\" \/>\n<meta name=\"twitter:label1\" content=\"Escrito por\" \/>\n\t<meta name=\"twitter:data1\" content=\"Reda\u00e7\u00e3o\" \/>\n\t<meta name=\"twitter:label2\" content=\"Est. tempo de leitura\" \/>\n\t<meta name=\"twitter:data2\" content=\"2 minutos\" \/>\n<script type=\"application\/ld+json\" class=\"yoast-schema-graph\">{\"@context\":\"https:\/\/schema.org\",\"@graph\":[{\"@type\":\"Article\",\"@id\":\"https:\/\/www.notibras.com\/site\/marina-ruy-barbosa-troca-imperio-da-sapucai-por-baile-de-gala-no-copacabana\/#article\",\"isPartOf\":{\"@id\":\"https:\/\/www.notibras.com\/site\/marina-ruy-barbosa-troca-imperio-da-sapucai-por-baile-de-gala-no-copacabana\/\"},\"author\":{\"name\":\"Reda\u00e7\u00e3o\",\"@id\":\"https:\/\/www.notibras.com\/site\/#\/schema\/person\/36ab0979449956132d3e5b517ea76ac8\"},\"headline\":\"Marina Ruy Barbosa larga &#8216;Imp\u00e9rio&#8217; na Sapuca\u00ed e corre para gala do baile do Copa\",\"datePublished\":\"2015-02-15T03:57:28+00:00\",\"dateModified\":\"2015-02-15T09:04:45+00:00\",\"mainEntityOfPage\":{\"@id\":\"https:\/\/www.notibras.com\/site\/marina-ruy-barbosa-troca-imperio-da-sapucai-por-baile-de-gala-no-copacabana\/\"},\"wordCount\":419,\"commentCount\":0,\"publisher\":{\"@id\":\"https:\/\/www.notibras.com\/site\/#organization\"},\"image\":{\"@id\":\"https:\/\/www.notibras.com\/site\/marina-ruy-barbosa-troca-imperio-da-sapucai-por-baile-de-gala-no-copacabana\/#primaryimage\"},\"thumbnailUrl\":\"https:\/\/www.notibras.com\/site\/wp-content\/uploads\/2015\/02\/imperio-estadao-300.jpg\",\"articleSection\":[\"Brasil\"],\"inLanguage\":\"pt-BR\",\"potentialAction\":[{\"@type\":\"CommentAction\",\"name\":\"Comment\",\"target\":[\"https:\/\/www.notibras.com\/site\/marina-ruy-barbosa-troca-imperio-da-sapucai-por-baile-de-gala-no-copacabana\/#respond\"]}]},{\"@type\":\"WebPage\",\"@id\":\"https:\/\/www.notibras.com\/site\/marina-ruy-barbosa-troca-imperio-da-sapucai-por-baile-de-gala-no-copacabana\/\",\"url\":\"https:\/\/www.notibras.com\/site\/marina-ruy-barbosa-troca-imperio-da-sapucai-por-baile-de-gala-no-copacabana\/\",\"name\":\"Marina Ruy Barbosa larga 'Imp\u00e9rio' na Sapuca\u00ed e corre para gala do baile do Copa - Notibras\",\"isPartOf\":{\"@id\":\"https:\/\/www.notibras.com\/site\/#website\"},\"primaryImageOfPage\":{\"@id\":\"https:\/\/www.notibras.com\/site\/marina-ruy-barbosa-troca-imperio-da-sapucai-por-baile-de-gala-no-copacabana\/#primaryimage\"},\"image\":{\"@id\":\"https:\/\/www.notibras.com\/site\/marina-ruy-barbosa-troca-imperio-da-sapucai-por-baile-de-gala-no-copacabana\/#primaryimage\"},\"thumbnailUrl\":\"https:\/\/www.notibras.com\/site\/wp-content\/uploads\/2015\/02\/imperio-estadao-300.jpg\",\"datePublished\":\"2015-02-15T03:57:28+00:00\",\"dateModified\":\"2015-02-15T09:04:45+00:00\",\"breadcrumb\":{\"@id\":\"https:\/\/www.notibras.com\/site\/marina-ruy-barbosa-troca-imperio-da-sapucai-por-baile-de-gala-no-copacabana\/#breadcrumb\"},\"inLanguage\":\"pt-BR\",\"potentialAction\":[{\"@type\":\"ReadAction\",\"target\":[\"https:\/\/www.notibras.com\/site\/marina-ruy-barbosa-troca-imperio-da-sapucai-por-baile-de-gala-no-copacabana\/\"]}]},{\"@type\":\"ImageObject\",\"inLanguage\":\"pt-BR\",\"@id\":\"https:\/\/www.notibras.com\/site\/marina-ruy-barbosa-troca-imperio-da-sapucai-por-baile-de-gala-no-copacabana\/#primaryimage\",\"url\":\"https:\/\/www.notibras.com\/site\/wp-content\/uploads\/2015\/02\/imperio-estadao-300.jpg\",\"contentUrl\":\"https:\/\/www.notibras.com\/site\/wp-content\/uploads\/2015\/02\/imperio-estadao-300.jpg\",\"width\":300,\"height\":200},{\"@type\":\"BreadcrumbList\",\"@id\":\"https:\/\/www.notibras.com\/site\/marina-ruy-barbosa-troca-imperio-da-sapucai-por-baile-de-gala-no-copacabana\/#breadcrumb\",\"itemListElement\":[{\"@type\":\"ListItem\",\"position\":1,\"name\":\"In\u00edcio\",\"item\":\"https:\/\/www.notibras.com\/site\/\"},{\"@type\":\"ListItem\",\"position\":2,\"name\":\"Marina Ruy Barbosa larga &#8216;Imp\u00e9rio&#8217; na Sapuca\u00ed e corre para gala do baile do Copa\"}]},{\"@type\":\"WebSite\",\"@id\":\"https:\/\/www.notibras.com\/site\/#website\",\"url\":\"https:\/\/www.notibras.com\/site\/\",\"name\":\"Notibras\",\"description\":\"Not\u00edcias de Bras\u00edlia, do Brasil e do Mundo\",\"publisher\":{\"@id\":\"https:\/\/www.notibras.com\/site\/#organization\"},\"potentialAction\":[{\"@type\":\"SearchAction\",\"target\":{\"@type\":\"EntryPoint\",\"urlTemplate\":\"https:\/\/www.notibras.com\/site\/?s={search_term_string}\"},\"query-input\":{\"@type\":\"PropertyValueSpecification\",\"valueRequired\":true,\"valueName\":\"search_term_string\"}}],\"inLanguage\":\"pt-BR\"},{\"@type\":\"Organization\",\"@id\":\"https:\/\/www.notibras.com\/site\/#organization\",\"name\":\"Grupo Notibras de Comunica\u00e7\u00e3o\",\"url\":\"https:\/\/www.notibras.com\/site\/\",\"logo\":{\"@type\":\"ImageObject\",\"inLanguage\":\"pt-BR\",\"@id\":\"https:\/\/www.notibras.com\/site\/#\/schema\/logo\/image\/\",\"url\":\"https:\/\/www.notibras.com\/site\/wp-content\/uploads\/2023\/01\/notibras23.png\",\"contentUrl\":\"https:\/\/www.notibras.com\/site\/wp-content\/uploads\/2023\/01\/notibras23.png\",\"width\":350,\"height\":87,\"caption\":\"Grupo Notibras de Comunica\u00e7\u00e3o\"},\"image\":{\"@id\":\"https:\/\/www.notibras.com\/site\/#\/schema\/logo\/image\/\"},\"sameAs\":[\"https:\/\/www.facebook.com\/notibras\/\",\"https:\/\/x.com\/Notibras\",\"https:\/\/www.instagram.com\/notibras\/\"]},{\"@type\":\"Person\",\"@id\":\"https:\/\/www.notibras.com\/site\/#\/schema\/person\/36ab0979449956132d3e5b517ea76ac8\",\"name\":\"Reda\u00e7\u00e3o\",\"image\":{\"@type\":\"ImageObject\",\"inLanguage\":\"pt-BR\",\"@id\":\"https:\/\/secure.gravatar.com\/avatar\/e0a867bdedb85fd243eadf09663511f96fc81e0720a4a42581f334ad4303aa6b?s=96&d=mm&r=g\",\"url\":\"https:\/\/secure.gravatar.com\/avatar\/e0a867bdedb85fd243eadf09663511f96fc81e0720a4a42581f334ad4303aa6b?s=96&d=mm&r=g\",\"contentUrl\":\"https:\/\/secure.gravatar.com\/avatar\/e0a867bdedb85fd243eadf09663511f96fc81e0720a4a42581f334ad4303aa6b?s=96&d=mm&r=g\",\"caption\":\"Reda\u00e7\u00e3o\"}}]}<\/script>\n<!-- \/ Yoast SEO plugin. -->","yoast_head_json":{"title":"Marina Ruy Barbosa larga 'Imp\u00e9rio' na Sapuca\u00ed e corre para gala do baile do Copa - Notibras","robots":{"index":"index","follow":"follow","max-snippet":"max-snippet:-1","max-image-preview":"max-image-preview:large","max-video-preview":"max-video-preview:-1"},"canonical":"https:\/\/www.notibras.com\/site\/marina-ruy-barbosa-troca-imperio-da-sapucai-por-baile-de-gala-no-copacabana\/","og_locale":"pt_BR","og_type":"article","og_title":"Marina Ruy Barbosa larga 'Imp\u00e9rio' na Sapuca\u00ed e corre para gala do baile do Copa - Notibras","og_description":"Ap\u00f3s gravar cenas da novela &#8220;Imp\u00e9rio&#8221; na Sapuca\u00ed, Marina Ruy Barbosa foi curtir o baile de gala do Copacabana Palace, tradicional festa do Carnaval carioca. A atriz chegou ao evento \u00e0 1h45. &#8220;Vim correndo. Queria ter chegado antes, mas n\u00e3o deu&#8221;, contou a atriz, que vive Maria Isis no folhetim da Globo. Marina, que \u00e9 [&hellip;]","og_url":"https:\/\/www.notibras.com\/site\/marina-ruy-barbosa-troca-imperio-da-sapucai-por-baile-de-gala-no-copacabana\/","og_site_name":"Notibras","article_publisher":"https:\/\/www.facebook.com\/notibras\/","article_published_time":"2015-02-15T03:57:28+00:00","article_modified_time":"2015-02-15T09:04:45+00:00","og_image":[{"width":300,"height":200,"url":"https:\/\/www.notibras.com\/site\/wp-content\/uploads\/2015\/02\/imperio-estadao-300.jpg","type":"image\/jpeg"}],"author":"Reda\u00e7\u00e3o","twitter_card":"summary_large_image","twitter_creator":"@Notibras","twitter_site":"@Notibras","twitter_misc":{"Escrito por":"Reda\u00e7\u00e3o","Est. tempo de leitura":"2 minutos"},"schema":{"@context":"https:\/\/schema.org","@graph":[{"@type":"Article","@id":"https:\/\/www.notibras.com\/site\/marina-ruy-barbosa-troca-imperio-da-sapucai-por-baile-de-gala-no-copacabana\/#article","isPartOf":{"@id":"https:\/\/www.notibras.com\/site\/marina-ruy-barbosa-troca-imperio-da-sapucai-por-baile-de-gala-no-copacabana\/"},"author":{"name":"Reda\u00e7\u00e3o","@id":"https:\/\/www.notibras.com\/site\/#\/schema\/person\/36ab0979449956132d3e5b517ea76ac8"},"headline":"Marina Ruy Barbosa larga &#8216;Imp\u00e9rio&#8217; na Sapuca\u00ed e corre para gala do baile do Copa","datePublished":"2015-02-15T03:57:28+00:00","dateModified":"2015-02-15T09:04:45+00:00","mainEntityOfPage":{"@id":"https:\/\/www.notibras.com\/site\/marina-ruy-barbosa-troca-imperio-da-sapucai-por-baile-de-gala-no-copacabana\/"},"wordCount":419,"commentCount":0,"publisher":{"@id":"https:\/\/www.notibras.com\/site\/#organization"},"image":{"@id":"https:\/\/www.notibras.com\/site\/marina-ruy-barbosa-troca-imperio-da-sapucai-por-baile-de-gala-no-copacabana\/#primaryimage"},"thumbnailUrl":"https:\/\/www.notibras.com\/site\/wp-content\/uploads\/2015\/02\/imperio-estadao-300.jpg","articleSection":["Brasil"],"inLanguage":"pt-BR","potentialAction":[{"@type":"CommentAction","name":"Comment","target":["https:\/\/www.notibras.com\/site\/marina-ruy-barbosa-troca-imperio-da-sapucai-por-baile-de-gala-no-copacabana\/#respond"]}]},{"@type":"WebPage","@id":"https:\/\/www.notibras.com\/site\/marina-ruy-barbosa-troca-imperio-da-sapucai-por-baile-de-gala-no-copacabana\/","url":"https:\/\/www.notibras.com\/site\/marina-ruy-barbosa-troca-imperio-da-sapucai-por-baile-de-gala-no-copacabana\/","name":"Marina Ruy Barbosa larga 'Imp\u00e9rio' na Sapuca\u00ed e corre para gala do baile do Copa - Notibras","isPartOf":{"@id":"https:\/\/www.notibras.com\/site\/#website"},"primaryImageOfPage":{"@id":"https:\/\/www.notibras.com\/site\/marina-ruy-barbosa-troca-imperio-da-sapucai-por-baile-de-gala-no-copacabana\/#primaryimage"},"image":{"@id":"https:\/\/www.notibras.com\/site\/marina-ruy-barbosa-troca-imperio-da-sapucai-por-baile-de-gala-no-copacabana\/#primaryimage"},"thumbnailUrl":"https:\/\/www.notibras.com\/site\/wp-content\/uploads\/2015\/02\/imperio-estadao-300.jpg","datePublished":"2015-02-15T03:57:28+00:00","dateModified":"2015-02-15T09:04:45+00:00","breadcrumb":{"@id":"https:\/\/www.notibras.com\/site\/marina-ruy-barbosa-troca-imperio-da-sapucai-por-baile-de-gala-no-copacabana\/#breadcrumb"},"inLanguage":"pt-BR","potentialAction":[{"@type":"ReadAction","target":["https:\/\/www.notibras.com\/site\/marina-ruy-barbosa-troca-imperio-da-sapucai-por-baile-de-gala-no-copacabana\/"]}]},{"@type":"ImageObject","inLanguage":"pt-BR","@id":"https:\/\/www.notibras.com\/site\/marina-ruy-barbosa-troca-imperio-da-sapucai-por-baile-de-gala-no-copacabana\/#primaryimage","url":"https:\/\/www.notibras.com\/site\/wp-content\/uploads\/2015\/02\/imperio-estadao-300.jpg","contentUrl":"https:\/\/www.notibras.com\/site\/wp-content\/uploads\/2015\/02\/imperio-estadao-300.jpg","width":300,"height":200},{"@type":"BreadcrumbList","@id":"https:\/\/www.notibras.com\/site\/marina-ruy-barbosa-troca-imperio-da-sapucai-por-baile-de-gala-no-copacabana\/#breadcrumb","itemListElement":[{"@type":"ListItem","position":1,"name":"In\u00edcio","item":"https:\/\/www.notibras.com\/site\/"},{"@type":"ListItem","position":2,"name":"Marina Ruy Barbosa larga &#8216;Imp\u00e9rio&#8217; na Sapuca\u00ed e corre para gala do baile do Copa"}]},{"@type":"WebSite","@id":"https:\/\/www.notibras.com\/site\/#website","url":"https:\/\/www.notibras.com\/site\/","name":"Notibras","description":"Not\u00edcias de Bras\u00edlia, do Brasil e do Mundo","publisher":{"@id":"https:\/\/www.notibras.com\/site\/#organization"},"potentialAction":[{"@type":"SearchAction","target":{"@type":"EntryPoint","urlTemplate":"https:\/\/www.notibras.com\/site\/?s={search_term_string}"},"query-input":{"@type":"PropertyValueSpecification","valueRequired":true,"valueName":"search_term_string"}}],"inLanguage":"pt-BR"},{"@type":"Organization","@id":"https:\/\/www.notibras.com\/site\/#organization","name":"Grupo Notibras de Comunica\u00e7\u00e3o","url":"https:\/\/www.notibras.com\/site\/","logo":{"@type":"ImageObject","inLanguage":"pt-BR","@id":"https:\/\/www.notibras.com\/site\/#\/schema\/logo\/image\/","url":"https:\/\/www.notibras.com\/site\/wp-content\/uploads\/2023\/01\/notibras23.png","contentUrl":"https:\/\/www.notibras.com\/site\/wp-content\/uploads\/2023\/01\/notibras23.png","width":350,"height":87,"caption":"Grupo Notibras de Comunica\u00e7\u00e3o"},"image":{"@id":"https:\/\/www.notibras.com\/site\/#\/schema\/logo\/image\/"},"sameAs":["https:\/\/www.facebook.com\/notibras\/","https:\/\/x.com\/Notibras","https:\/\/www.instagram.com\/notibras\/"]},{"@type":"Person","@id":"https:\/\/www.notibras.com\/site\/#\/schema\/person\/36ab0979449956132d3e5b517ea76ac8","name":"Reda\u00e7\u00e3o","image":{"@type":"ImageObject","inLanguage":"pt-BR","@id":"https:\/\/secure.gravatar.com\/avatar\/e0a867bdedb85fd243eadf09663511f96fc81e0720a4a42581f334ad4303aa6b?s=96&d=mm&r=g","url":"https:\/\/secure.gravatar.com\/avatar\/e0a867bdedb85fd243eadf09663511f96fc81e0720a4a42581f334ad4303aa6b?s=96&d=mm&r=g","contentUrl":"https:\/\/secure.gravatar.com\/avatar\/e0a867bdedb85fd243eadf09663511f96fc81e0720a4a42581f334ad4303aa6b?s=96&d=mm&r=g","caption":"Reda\u00e7\u00e3o"}}]}},"amp_enabled":true,"_links":{"self":[{"href":"https:\/\/www.notibras.com\/site\/wp-json\/wp\/v2\/posts\/37167","targetHints":{"allow":["GET"]}}],"collection":[{"href":"https:\/\/www.notibras.com\/site\/wp-json\/wp\/v2\/posts"}],"about":[{"href":"https:\/\/www.notibras.com\/site\/wp-json\/wp\/v2\/types\/post"}],"author":[{"embeddable":true,"href":"https:\/\/www.notibras.com\/site\/wp-json\/wp\/v2\/users\/2"}],"replies":[{"embeddable":true,"href":"https:\/\/www.notibras.com\/site\/wp-json\/wp\/v2\/comments?post=37167"}],"version-history":[{"count":0,"href":"https:\/\/www.notibras.com\/site\/wp-json\/wp\/v2\/posts\/37167\/revisions"}],"wp:featuredmedia":[{"embeddable":true,"href":"https:\/\/www.notibras.com\/site\/wp-json\/wp\/v2\/media\/37168"}],"wp:attachment":[{"href":"https:\/\/www.notibras.com\/site\/wp-json\/wp\/v2\/media?parent=37167"}],"wp:term":[{"taxonomy":"category","embeddable":true,"href":"https:\/\/www.notibras.com\/site\/wp-json\/wp\/v2\/categories?post=37167"},{"taxonomy":"post_tag","embeddable":true,"href":"https:\/\/www.notibras.com\/site\/wp-json\/wp\/v2\/tags?post=37167"}],"curies":[{"name":"wp","href":"https:\/\/api.w.org\/{rel}","templated":true}]}}