{"id":371721,"date":"2025-11-21T00:13:34","date_gmt":"2025-11-21T03:13:34","guid":{"rendered":"https:\/\/www.notibras.com\/site\/?p=371721"},"modified":"2025-11-21T08:16:27","modified_gmt":"2025-11-21T11:16:27","slug":"mobilizacao-na-orla-alerta-para-cuidados-com-saude","status":"publish","type":"post","link":"https:\/\/www.notibras.com\/site\/mobilizacao-na-orla-alerta-para-cuidados-com-saude\/","title":{"rendered":"Mobiliza\u00e7\u00e3o na orla alerta para cuidados com sa\u00fade"},"content":{"rendered":"<p>Feriado, praia e cuidado com a sa\u00fade. Uma mobiliza\u00e7\u00e3o voltada \u00e0 conscientiza\u00e7\u00e3o sobre preven\u00e7\u00e3o \u00e0 doen\u00e7as, como o c\u00e2ncer de pr\u00f3stata dentro da campanha Novembro Azul, foi realizada no in\u00edcio da praia de Tamba\u00fa, pr\u00f3ximo ao Busto de Tamandar\u00e9, em Jo\u00e3o Pessoa, na quinta-feira, 20, pela Funasa Sa\u00fade, operadora de planos de sa\u00fade com mais de 30 anos de hist\u00f3ria. Foram disponibilizados servi\u00e7os como aferi\u00e7\u00e3o do n\u00edvel de glicemia, verifica\u00e7\u00e3o da press\u00e3o artificial, aplica\u00e7\u00e3o de teste de capacidade pulmonar e orienta\u00e7\u00e3o sobre cuidados b\u00e1sicos para manter o bem-estar.<\/p>\n<p>O servidor p\u00fablico Francisco Silva lembrou que o cuidado com a sa\u00fade deve ser constante e que a\u00e7\u00f5es que lembrem essa necessidade s\u00e3o importantes. Ele frisou que faz rotineiramente os exames preventivos, incluindo o de detec\u00e7\u00e3o de c\u00e2ncer de pr\u00f3stata. &#8220;Eu fa\u00e7o os meus exames, cuido da sa\u00fade, fa\u00e7o caminhada. \u00c9 preciso ficar atento e n\u00e3o ter preconceito&#8221;, pontuou.<\/p>\n<p>Leonildo Brito aproveitou a caminhada no cal\u00e7ad\u00e3o da orla mar\u00edtima para verificar as condi\u00e7\u00f5es de sa\u00fade. Ap\u00f3s ser &#8220;aprovado&#8221; na avalia\u00e7\u00e3o glic\u00eamica, da press\u00e3o arterial e na capacidade pulmonar (teste de espirometria), ele comentou que costuma realizar exames preventivos regularmente. Sobre a a\u00e7\u00e3o da Funasa Sa\u00fade, ele afirmou: &#8220;Gostei muito de poder fazer essas avalia\u00e7\u00f5es e tamb\u00e9m dos resultados, ver que as taxas est\u00e3o boas me deixa feliz&#8221;. Para ele, iniciativas como a realizada nesta quinta-feira contribuem para a preven\u00e7\u00e3o de doen\u00e7as.<\/p>\n<p>Para Jussara de Sousa, as a\u00e7\u00f5es de sa\u00fade como a realizada pela Funasa Sa\u00fade contribui para prevenir doen\u00e7as. &#8220;Eu acho muito bom este tipo de iniciativa. Ajuda a pessoa a cuidar da sa\u00fade e se tiver algum sinal de alerta com alguma taxa alterada, algo fora do padr\u00e3o, j\u00e1 deve procurar um m\u00e9dico&#8221;, afirmou.<\/p>\n<p>De acordo com a gerente comercial da Funasa Sa\u00fade, Anacleta Andrade, a a\u00e7\u00e3o realizada na orla demonstra a preocupa\u00e7\u00e3o da operadora em cuidar de pessoas. &#8220;A Funasa Sa\u00fade \u00e9 uma operadora de plano de sa\u00fade da Para\u00edba, que tem como miss\u00e3o cuidar de pessoas e a\u00e7\u00f5es como essa que chamam a aten\u00e7\u00e3o da sociedade para preven\u00e7\u00e3o de doen\u00e7as como o c\u00e2ncer de pr\u00f3stata s\u00e3o muito importantes&#8221;, afirma. Ela completa: &#8220;Faz parte do nosso dia a dia o cuidado com nossos benefici\u00e1rios atrav\u00e9s de v\u00e1rias medidas de aten\u00e7\u00e3o global da sa\u00fade. Assim cuidamos de perto para viver mais e melhor&#8221;.<\/p>\n","protected":false},"excerpt":{"rendered":"<p>Feriado, praia e cuidado com a sa\u00fade. Uma mobiliza\u00e7\u00e3o voltada \u00e0 conscientiza\u00e7\u00e3o sobre preven\u00e7\u00e3o \u00e0 doen\u00e7as, como o c\u00e2ncer de pr\u00f3stata dentro da campanha Novembro Azul, foi realizada no in\u00edcio da praia de Tamba\u00fa, pr\u00f3ximo ao Busto de Tamandar\u00e9, em Jo\u00e3o Pessoa, na quinta-feira, 20, pela Funasa Sa\u00fade, operadora de planos de sa\u00fade com mais [&hellip;]<\/p>\n","protected":false},"author":2,"featured_media":371722,"comment_status":"closed","ping_status":"closed","sticky":false,"template":"","format":"standard","meta":{"_acf_changed":false,"footnotes":""},"categories":[165],"tags":[],"class_list":["post-371721","post","type-post","status-publish","format-standard","has-post-thumbnail","hentry","category-nordeste"],"acf":[],"_links":{"self":[{"href":"https:\/\/www.notibras.com\/site\/wp-json\/wp\/v2\/posts\/371721","targetHints":{"allow":["GET"]}}],"collection":[{"href":"https:\/\/www.notibras.com\/site\/wp-json\/wp\/v2\/posts"}],"about":[{"href":"https:\/\/www.notibras.com\/site\/wp-json\/wp\/v2\/types\/post"}],"author":[{"embeddable":true,"href":"https:\/\/www.notibras.com\/site\/wp-json\/wp\/v2\/users\/2"}],"replies":[{"embeddable":true,"href":"https:\/\/www.notibras.com\/site\/wp-json\/wp\/v2\/comments?post=371721"}],"version-history":[{"count":1,"href":"https:\/\/www.notibras.com\/site\/wp-json\/wp\/v2\/posts\/371721\/revisions"}],"predecessor-version":[{"id":371723,"href":"https:\/\/www.notibras.com\/site\/wp-json\/wp\/v2\/posts\/371721\/revisions\/371723"}],"wp:featuredmedia":[{"embeddable":true,"href":"https:\/\/www.notibras.com\/site\/wp-json\/wp\/v2\/media\/371722"}],"wp:attachment":[{"href":"https:\/\/www.notibras.com\/site\/wp-json\/wp\/v2\/media?parent=371721"}],"wp:term":[{"taxonomy":"category","embeddable":true,"href":"https:\/\/www.notibras.com\/site\/wp-json\/wp\/v2\/categories?post=371721"},{"taxonomy":"post_tag","embeddable":true,"href":"https:\/\/www.notibras.com\/site\/wp-json\/wp\/v2\/tags?post=371721"}],"curies":[{"name":"wp","href":"https:\/\/api.w.org\/{rel}","templated":true}]}}