{"id":371727,"date":"2025-11-21T08:36:08","date_gmt":"2025-11-21T11:36:08","guid":{"rendered":"https:\/\/www.notibras.com\/site\/?p=371727"},"modified":"2025-11-21T08:37:47","modified_gmt":"2025-11-21T11:37:47","slug":"meditacao-astronomica-e-alquimica-sobre-o-cometa-que-corre-la-em-cima","status":"publish","type":"post","link":"https:\/\/www.notibras.com\/site\/meditacao-astronomica-e-alquimica-sobre-o-cometa-que-corre-la-em-cima\/","title":{"rendered":"Medita\u00e7\u00e3o astron\u00f4mica e alqu\u00edmica sobre o cometa que corre l\u00e1 em cima"},"content":{"rendered":"<p>Permitam-me, nesta noite de contempla\u00e7\u00e3o celeste, registrar minhas observa\u00e7\u00f5es sobre o extraordin\u00e1rio visitante que cruza nossos c\u00e9us, o cometa designado 3I\/ATLAS, terceiro objeto de origem extra solar confirmado a adentrar nosso sistema planet\u00e1rio. Descoberto em 2024, este peregrino c\u00f3smico prov\u00e9m das profundezas insond\u00e1veis do espa\u00e7o entre as estrelas. Sua trajet\u00f3ria hiperb\u00f3lica, revela inequivocamente sua natureza extrassolar. N\u00e3o est\u00e1 gravitacionalmente ligado ao nosso Sol. \u00c9 apenas um viajante de passagem, testemunha silenciosa de outros s\u00f3is distantes. Ent\u00e3o, qual o motivo de tanto barulho?<\/p>\n<p>Imagine que voc\u00ea mora em uma pequena vila isolada e, de repente, uma garrafa com uma mensagem chega flutuando at\u00e9 sua praia. Mas essa mensagem n\u00e3o veio de outro continente, veio de \u201coutro planeta\u201d, Marte por exemplo. Isso \u00e9, essencialmente, o que o cometa 3I\/ATLAS representa para n\u00f3s. A maioria dos cometas que vemos no c\u00e9u s\u00e3o &#8220;vizinhos de bairro&#8221;. Eles nasceram aqui, no nosso Sistema Solar, h\u00e1 bilh\u00f5es de anos, e ficam orbitando o Sol em trajet\u00f3rias previs\u00edveis. Alguns v\u00eam da Nuvem de Oort, uma regi\u00e3o distante, mas ainda parte da nossa &#8220;casa c\u00f3smica&#8221;. Por\u00e9m, o 3I\/ATLAS \u00e9 diferente, ele veio de fora do nosso sistema solar. Ele nasceu orbitando outra estrela, em outro sistema solar, possivelmente a dezenas ou centenas de anos-luz de dist\u00e2ncia.<\/p>\n<p>Por algum evento c\u00f3smico, talvez a influ\u00eancia gravitacional de um planeta gigante ou o encontro pr\u00f3ximo com outra estrela, ele foi ejetado de seu sistema natal e vagou pelo espa\u00e7o interestelar por milh\u00f5es ou bilh\u00f5es de anos, at\u00e9 cruzar nosso caminho. E qual a import\u00e2ncia de tudo isso? Se fizermos outra analogia, o 3I \u00e9 uma \u201cC\u00e1psula do Tempo Alien\u00edgena\u201d, pois ele carrega em sua composi\u00e7\u00e3o qu\u00edmica as &#8220;impress\u00f5es digitais&#8221; de outro sistema solar como os tipos de gelo que possui, os elementos qu\u00edmicos presentes e a propor\u00e7\u00e3o entre diferentes is\u00f3topos.<\/p>\n<p>Ao estudar esse cometa, podemos aprender sobre as condi\u00e7\u00f5es em torno de outra estrela, algo que nossos telesc\u00f3pios mais poderosos mal conseguem fazer. \u00c9 como receber uma amostra gr\u00e1tis do espa\u00e7o profundo, entregue diretamente na nossa porta. N\u00e3o \u00e9 a primeira vez que essa oportunidade aparece para a humanidade, Veja s\u00f3 que interessante. At\u00e9 2017, quando descobrimos o primeiro objeto extra sistema solar: o \u201cOumuamua\u201d, pens\u00e1vamos que nosso Sistema Solar era relativamente isolado.<\/p>\n<p>Agora sabemos que h\u00e1 um &#8220;tr\u00e1fego&#8221; constante de objetos viajando entre as estrelas. Isso pode mudar nossa compreens\u00e3o sobre quantos objetos vagam pela gal\u00e1xia ou como sistemas solares trocam material entre si. E a\u00ed temos a pedra angular da ci\u00eancia, ser\u00e1 que \u00e9 poss\u00edvel que a pr\u00f3pria vida viaje entre as estrelas (panspermia)? Essas visitas s\u00e3o a coisa mais pr\u00f3xima que teremos de algo originado fora do sistema solar, pois nunca visitaremos outra estrela em nossas vidas, as dist\u00e2ncias s\u00e3o inimagin\u00e1veis. A estrela mais pr\u00f3xima est\u00e1 a 4 anos-luz de dist\u00e2ncia, e com nossa tecnologia atual levar\u00edamos dezenas de milhares de anos para chegar l\u00e1. Mas o 3I\/ATLAS \u201cveio at\u00e9 n\u00f3s\u201d. \u00c9 a coisa mais pr\u00f3xima que teremos de uma &#8220;visita&#8221; de outro sistema solar. Cada medi\u00e7\u00e3o que fazemos, cada foto que tiramos, \u00e9 uma oportunidade \u00fanica de estudar material que se formou em condi\u00e7\u00f5es completamente diferentes das nossas. S\u00e3o esses cometas que nos permite testar teorias astron\u00f4micas e astrobiol\u00f3gicas.<\/p>\n<p>Mas, deixai-me agora despir as vestes do astr\u00f4nomo e vestir o manto p\u00farpura do alquimista, pois este cometa pode falar \u00e0 linguagem herm\u00e9tica. O cometa 3I\/ATLAS representa a \u201cMat\u00e9ria Prima Universal\u201d em seu estado mais puro pois, \u00e9 subst\u00e2ncia que jamais conheceu a corrup\u00e7\u00e3o de nossa esfera sublunar, virgem das influ\u00eancias planet\u00e1rias locais. \u00c9 o \u201cMerc\u00fario Filos\u00f3fico\u201d celestial, o dissolvente universal que atravessa as esferas cristalinas. E a pergunta \u00e9: por que dissolvente? A resposta alqu\u00edmica nos diz que este \u00e9 um tempo de \u201cnigredo\u201d, a putrefa\u00e7\u00e3o necess\u00e1ria.<\/p>\n<p>O cometa traz consigo a dissolu\u00e7\u00e3o das certezas antigas. Nossa humanidade, que se julgava centro do cosmos, agora recebe \u201cvisitantes\u201d de outros sistemas estelares, lembrando-nos de nossa pequenez e, paradoxalmente, de nossa conex\u00e3o com o Universo. A alquimia ensina que o \u201csolve\u201d (dissolu\u00e7\u00e3o) precede o \u201ccoagula\u201d (coagula\u00e7\u00e3o). Este visitante dissolve nossa ilus\u00e3o de isolamento c\u00f3smico, preparando a humanidade para a pr\u00f3xima fase da Grande Obra: a compreens\u00e3o de nossa verdadeira natureza como seres interestelares. Somos todos feitos de estrelas! Nos textos herm\u00e9ticos, cometas sempre foram press\u00e1gios, n\u00e3o de desgra\u00e7as, como cr\u00ea o vulgo ignorante, mas de \u201ctransforma\u00e7\u00f5es\u201d.<\/p>\n<p>O 3I\/ATLAS anuncia a Era da Transmuta\u00e7\u00e3o do conhecimento, quando a humanidade finalmente compreender\u00e1 que: &#8220;O que est\u00e1 embaixo \u00e9 como o que est\u00e1 em cima, e o que est\u00e1 em cima \u00e9 como o que est\u00e1 embaixo, para realizar os milagres de uma \u00fanica coisa.&#8221; Este cometa, nascido sob outras constela\u00e7\u00f5es, prova que a T\u00e1bua de Esmeralda se estende por toda a Gal\u00e1xia. Que os s\u00e1bios observem este sinal nos c\u00e9us n\u00e3o apenas com telesc\u00f3pios!<\/p>\n<p>&#8230;&#8230;&#8230;&#8230;<\/p>\n<p><strong>Marco Mammoli, Mestre Conselheiro e membro do conselho do Col\u00e9gio de Magos e Sacerdotisas. Voc\u00ea pode entrar em contato com o Col\u00e9gio dos Magos e Sacerdotisas atrav\u00e9s da Bio, Direct e o Whatsapp: 81 997302139.<\/strong><\/p>\n","protected":false},"excerpt":{"rendered":"<p>Permitam-me, nesta noite de contempla\u00e7\u00e3o celeste, registrar minhas observa\u00e7\u00f5es sobre o extraordin\u00e1rio visitante que cruza nossos c\u00e9us, o cometa designado 3I\/ATLAS, terceiro objeto de origem extra solar confirmado a adentrar nosso sistema planet\u00e1rio. Descoberto em 2024, este peregrino c\u00f3smico prov\u00e9m das profundezas insond\u00e1veis do espa\u00e7o entre as estrelas. Sua trajet\u00f3ria hiperb\u00f3lica, revela inequivocamente sua natureza [&hellip;]<\/p>\n","protected":false},"author":2,"featured_media":371728,"comment_status":"closed","ping_status":"closed","sticky":false,"template":"","format":"standard","meta":{"_acf_changed":false,"footnotes":""},"categories":[237],"tags":[],"class_list":["post-371727","post","type-post","status-publish","format-standard","has-post-thumbnail","hentry","category-oraculos"],"acf":[],"yoast_head":"<!-- This site is optimized with the Yoast SEO plugin v27.2 - https:\/\/yoast.com\/product\/yoast-seo-wordpress\/ -->\n<title>Medita\u00e7\u00e3o astron\u00f4mica e alqu\u00edmica sobre o cometa que corre l\u00e1 em cima - Notibras<\/title>\n<meta name=\"robots\" content=\"index, follow, max-snippet:-1, max-image-preview:large, max-video-preview:-1\" \/>\n<link rel=\"canonical\" href=\"https:\/\/www.notibras.com\/site\/meditacao-astronomica-e-alquimica-sobre-o-cometa-que-corre-la-em-cima\/\" \/>\n<meta property=\"og:locale\" content=\"pt_BR\" \/>\n<meta property=\"og:type\" content=\"article\" \/>\n<meta property=\"og:title\" content=\"Medita\u00e7\u00e3o astron\u00f4mica e alqu\u00edmica sobre o cometa que corre l\u00e1 em cima - Notibras\" \/>\n<meta property=\"og:description\" content=\"Permitam-me, nesta noite de contempla\u00e7\u00e3o celeste, registrar minhas observa\u00e7\u00f5es sobre o extraordin\u00e1rio visitante que cruza nossos c\u00e9us, o cometa designado 3I\/ATLAS, terceiro objeto de origem extra solar confirmado a adentrar nosso sistema planet\u00e1rio. Descoberto em 2024, este peregrino c\u00f3smico prov\u00e9m das profundezas insond\u00e1veis do espa\u00e7o entre as estrelas. Sua trajet\u00f3ria hiperb\u00f3lica, revela inequivocamente sua natureza [&hellip;]\" \/>\n<meta property=\"og:url\" content=\"https:\/\/www.notibras.com\/site\/meditacao-astronomica-e-alquimica-sobre-o-cometa-que-corre-la-em-cima\/\" \/>\n<meta property=\"og:site_name\" content=\"Notibras\" \/>\n<meta property=\"article:publisher\" content=\"https:\/\/www.facebook.com\/notibras\/\" \/>\n<meta property=\"article:published_time\" content=\"2025-11-21T11:36:08+00:00\" \/>\n<meta property=\"article:modified_time\" content=\"2025-11-21T11:37:47+00:00\" \/>\n<meta property=\"og:image\" content=\"https:\/\/www.notibras.com\/site\/wp-content\/uploads\/2025\/11\/7f5c82b5-0f61-440a-bf77-43959ae5692c.jpg\" \/>\n\t<meta property=\"og:image:width\" content=\"491\" \/>\n\t<meta property=\"og:image:height\" content=\"362\" \/>\n\t<meta property=\"og:image:type\" content=\"image\/jpeg\" \/>\n<meta name=\"author\" content=\"Reda\u00e7\u00e3o\" \/>\n<meta name=\"twitter:card\" content=\"summary_large_image\" \/>\n<meta name=\"twitter:creator\" content=\"@Notibras\" \/>\n<meta name=\"twitter:site\" content=\"@Notibras\" \/>\n<meta name=\"twitter:label1\" content=\"Escrito por\" \/>\n\t<meta name=\"twitter:data1\" content=\"Reda\u00e7\u00e3o\" \/>\n\t<meta name=\"twitter:label2\" content=\"Est. tempo de leitura\" \/>\n\t<meta name=\"twitter:data2\" content=\"5 minutos\" \/>\n<script type=\"application\/ld+json\" class=\"yoast-schema-graph\">{\"@context\":\"https:\/\/schema.org\",\"@graph\":[{\"@type\":\"Article\",\"@id\":\"https:\/\/www.notibras.com\/site\/meditacao-astronomica-e-alquimica-sobre-o-cometa-que-corre-la-em-cima\/#article\",\"isPartOf\":{\"@id\":\"https:\/\/www.notibras.com\/site\/meditacao-astronomica-e-alquimica-sobre-o-cometa-que-corre-la-em-cima\/\"},\"author\":{\"name\":\"Reda\u00e7\u00e3o\",\"@id\":\"https:\/\/www.notibras.com\/site\/#\/schema\/person\/36ab0979449956132d3e5b517ea76ac8\"},\"headline\":\"Medita\u00e7\u00e3o astron\u00f4mica e alqu\u00edmica sobre o cometa que corre l\u00e1 em cima\",\"datePublished\":\"2025-11-21T11:36:08+00:00\",\"dateModified\":\"2025-11-21T11:37:47+00:00\",\"mainEntityOfPage\":{\"@id\":\"https:\/\/www.notibras.com\/site\/meditacao-astronomica-e-alquimica-sobre-o-cometa-que-corre-la-em-cima\/\"},\"wordCount\":933,\"publisher\":{\"@id\":\"https:\/\/www.notibras.com\/site\/#organization\"},\"image\":{\"@id\":\"https:\/\/www.notibras.com\/site\/meditacao-astronomica-e-alquimica-sobre-o-cometa-que-corre-la-em-cima\/#primaryimage\"},\"thumbnailUrl\":\"https:\/\/www.notibras.com\/site\/wp-content\/uploads\/2025\/11\/7f5c82b5-0f61-440a-bf77-43959ae5692c.jpg\",\"articleSection\":[\"Or\u00e1culos\"],\"inLanguage\":\"pt-BR\"},{\"@type\":\"WebPage\",\"@id\":\"https:\/\/www.notibras.com\/site\/meditacao-astronomica-e-alquimica-sobre-o-cometa-que-corre-la-em-cima\/\",\"url\":\"https:\/\/www.notibras.com\/site\/meditacao-astronomica-e-alquimica-sobre-o-cometa-que-corre-la-em-cima\/\",\"name\":\"Medita\u00e7\u00e3o astron\u00f4mica e alqu\u00edmica sobre o cometa que corre l\u00e1 em cima - Notibras\",\"isPartOf\":{\"@id\":\"https:\/\/www.notibras.com\/site\/#website\"},\"primaryImageOfPage\":{\"@id\":\"https:\/\/www.notibras.com\/site\/meditacao-astronomica-e-alquimica-sobre-o-cometa-que-corre-la-em-cima\/#primaryimage\"},\"image\":{\"@id\":\"https:\/\/www.notibras.com\/site\/meditacao-astronomica-e-alquimica-sobre-o-cometa-que-corre-la-em-cima\/#primaryimage\"},\"thumbnailUrl\":\"https:\/\/www.notibras.com\/site\/wp-content\/uploads\/2025\/11\/7f5c82b5-0f61-440a-bf77-43959ae5692c.jpg\",\"datePublished\":\"2025-11-21T11:36:08+00:00\",\"dateModified\":\"2025-11-21T11:37:47+00:00\",\"breadcrumb\":{\"@id\":\"https:\/\/www.notibras.com\/site\/meditacao-astronomica-e-alquimica-sobre-o-cometa-que-corre-la-em-cima\/#breadcrumb\"},\"inLanguage\":\"pt-BR\",\"potentialAction\":[{\"@type\":\"ReadAction\",\"target\":[\"https:\/\/www.notibras.com\/site\/meditacao-astronomica-e-alquimica-sobre-o-cometa-que-corre-la-em-cima\/\"]}]},{\"@type\":\"ImageObject\",\"inLanguage\":\"pt-BR\",\"@id\":\"https:\/\/www.notibras.com\/site\/meditacao-astronomica-e-alquimica-sobre-o-cometa-que-corre-la-em-cima\/#primaryimage\",\"url\":\"https:\/\/www.notibras.com\/site\/wp-content\/uploads\/2025\/11\/7f5c82b5-0f61-440a-bf77-43959ae5692c.jpg\",\"contentUrl\":\"https:\/\/www.notibras.com\/site\/wp-content\/uploads\/2025\/11\/7f5c82b5-0f61-440a-bf77-43959ae5692c.jpg\",\"width\":491,\"height\":362},{\"@type\":\"BreadcrumbList\",\"@id\":\"https:\/\/www.notibras.com\/site\/meditacao-astronomica-e-alquimica-sobre-o-cometa-que-corre-la-em-cima\/#breadcrumb\",\"itemListElement\":[{\"@type\":\"ListItem\",\"position\":1,\"name\":\"In\u00edcio\",\"item\":\"https:\/\/www.notibras.com\/site\/\"},{\"@type\":\"ListItem\",\"position\":2,\"name\":\"Medita\u00e7\u00e3o astron\u00f4mica e alqu\u00edmica sobre o cometa que corre l\u00e1 em cima\"}]},{\"@type\":\"WebSite\",\"@id\":\"https:\/\/www.notibras.com\/site\/#website\",\"url\":\"https:\/\/www.notibras.com\/site\/\",\"name\":\"Notibras\",\"description\":\"Not\u00edcias de Bras\u00edlia, do Brasil e do Mundo\",\"publisher\":{\"@id\":\"https:\/\/www.notibras.com\/site\/#organization\"},\"potentialAction\":[{\"@type\":\"SearchAction\",\"target\":{\"@type\":\"EntryPoint\",\"urlTemplate\":\"https:\/\/www.notibras.com\/site\/?s={search_term_string}\"},\"query-input\":{\"@type\":\"PropertyValueSpecification\",\"valueRequired\":true,\"valueName\":\"search_term_string\"}}],\"inLanguage\":\"pt-BR\"},{\"@type\":\"Organization\",\"@id\":\"https:\/\/www.notibras.com\/site\/#organization\",\"name\":\"Grupo Notibras de Comunica\u00e7\u00e3o\",\"url\":\"https:\/\/www.notibras.com\/site\/\",\"logo\":{\"@type\":\"ImageObject\",\"inLanguage\":\"pt-BR\",\"@id\":\"https:\/\/www.notibras.com\/site\/#\/schema\/logo\/image\/\",\"url\":\"https:\/\/www.notibras.com\/site\/wp-content\/uploads\/2023\/01\/notibras23.png\",\"contentUrl\":\"https:\/\/www.notibras.com\/site\/wp-content\/uploads\/2023\/01\/notibras23.png\",\"width\":350,\"height\":87,\"caption\":\"Grupo Notibras de Comunica\u00e7\u00e3o\"},\"image\":{\"@id\":\"https:\/\/www.notibras.com\/site\/#\/schema\/logo\/image\/\"},\"sameAs\":[\"https:\/\/www.facebook.com\/notibras\/\",\"https:\/\/x.com\/Notibras\",\"https:\/\/www.instagram.com\/notibras\/\"]},{\"@type\":\"Person\",\"@id\":\"https:\/\/www.notibras.com\/site\/#\/schema\/person\/36ab0979449956132d3e5b517ea76ac8\",\"name\":\"Reda\u00e7\u00e3o\",\"image\":{\"@type\":\"ImageObject\",\"inLanguage\":\"pt-BR\",\"@id\":\"https:\/\/secure.gravatar.com\/avatar\/e0a867bdedb85fd243eadf09663511f96fc81e0720a4a42581f334ad4303aa6b?s=96&d=mm&r=g\",\"url\":\"https:\/\/secure.gravatar.com\/avatar\/e0a867bdedb85fd243eadf09663511f96fc81e0720a4a42581f334ad4303aa6b?s=96&d=mm&r=g\",\"contentUrl\":\"https:\/\/secure.gravatar.com\/avatar\/e0a867bdedb85fd243eadf09663511f96fc81e0720a4a42581f334ad4303aa6b?s=96&d=mm&r=g\",\"caption\":\"Reda\u00e7\u00e3o\"}}]}<\/script>\n<!-- \/ Yoast SEO plugin. -->","yoast_head_json":{"title":"Medita\u00e7\u00e3o astron\u00f4mica e alqu\u00edmica sobre o cometa que corre l\u00e1 em cima - Notibras","robots":{"index":"index","follow":"follow","max-snippet":"max-snippet:-1","max-image-preview":"max-image-preview:large","max-video-preview":"max-video-preview:-1"},"canonical":"https:\/\/www.notibras.com\/site\/meditacao-astronomica-e-alquimica-sobre-o-cometa-que-corre-la-em-cima\/","og_locale":"pt_BR","og_type":"article","og_title":"Medita\u00e7\u00e3o astron\u00f4mica e alqu\u00edmica sobre o cometa que corre l\u00e1 em cima - Notibras","og_description":"Permitam-me, nesta noite de contempla\u00e7\u00e3o celeste, registrar minhas observa\u00e7\u00f5es sobre o extraordin\u00e1rio visitante que cruza nossos c\u00e9us, o cometa designado 3I\/ATLAS, terceiro objeto de origem extra solar confirmado a adentrar nosso sistema planet\u00e1rio. Descoberto em 2024, este peregrino c\u00f3smico prov\u00e9m das profundezas insond\u00e1veis do espa\u00e7o entre as estrelas. Sua trajet\u00f3ria hiperb\u00f3lica, revela inequivocamente sua natureza [&hellip;]","og_url":"https:\/\/www.notibras.com\/site\/meditacao-astronomica-e-alquimica-sobre-o-cometa-que-corre-la-em-cima\/","og_site_name":"Notibras","article_publisher":"https:\/\/www.facebook.com\/notibras\/","article_published_time":"2025-11-21T11:36:08+00:00","article_modified_time":"2025-11-21T11:37:47+00:00","og_image":[{"width":491,"height":362,"url":"https:\/\/www.notibras.com\/site\/wp-content\/uploads\/2025\/11\/7f5c82b5-0f61-440a-bf77-43959ae5692c.jpg","type":"image\/jpeg"}],"author":"Reda\u00e7\u00e3o","twitter_card":"summary_large_image","twitter_creator":"@Notibras","twitter_site":"@Notibras","twitter_misc":{"Escrito por":"Reda\u00e7\u00e3o","Est. tempo de leitura":"5 minutos"},"schema":{"@context":"https:\/\/schema.org","@graph":[{"@type":"Article","@id":"https:\/\/www.notibras.com\/site\/meditacao-astronomica-e-alquimica-sobre-o-cometa-que-corre-la-em-cima\/#article","isPartOf":{"@id":"https:\/\/www.notibras.com\/site\/meditacao-astronomica-e-alquimica-sobre-o-cometa-que-corre-la-em-cima\/"},"author":{"name":"Reda\u00e7\u00e3o","@id":"https:\/\/www.notibras.com\/site\/#\/schema\/person\/36ab0979449956132d3e5b517ea76ac8"},"headline":"Medita\u00e7\u00e3o astron\u00f4mica e alqu\u00edmica sobre o cometa que corre l\u00e1 em cima","datePublished":"2025-11-21T11:36:08+00:00","dateModified":"2025-11-21T11:37:47+00:00","mainEntityOfPage":{"@id":"https:\/\/www.notibras.com\/site\/meditacao-astronomica-e-alquimica-sobre-o-cometa-que-corre-la-em-cima\/"},"wordCount":933,"publisher":{"@id":"https:\/\/www.notibras.com\/site\/#organization"},"image":{"@id":"https:\/\/www.notibras.com\/site\/meditacao-astronomica-e-alquimica-sobre-o-cometa-que-corre-la-em-cima\/#primaryimage"},"thumbnailUrl":"https:\/\/www.notibras.com\/site\/wp-content\/uploads\/2025\/11\/7f5c82b5-0f61-440a-bf77-43959ae5692c.jpg","articleSection":["Or\u00e1culos"],"inLanguage":"pt-BR"},{"@type":"WebPage","@id":"https:\/\/www.notibras.com\/site\/meditacao-astronomica-e-alquimica-sobre-o-cometa-que-corre-la-em-cima\/","url":"https:\/\/www.notibras.com\/site\/meditacao-astronomica-e-alquimica-sobre-o-cometa-que-corre-la-em-cima\/","name":"Medita\u00e7\u00e3o astron\u00f4mica e alqu\u00edmica sobre o cometa que corre l\u00e1 em cima - Notibras","isPartOf":{"@id":"https:\/\/www.notibras.com\/site\/#website"},"primaryImageOfPage":{"@id":"https:\/\/www.notibras.com\/site\/meditacao-astronomica-e-alquimica-sobre-o-cometa-que-corre-la-em-cima\/#primaryimage"},"image":{"@id":"https:\/\/www.notibras.com\/site\/meditacao-astronomica-e-alquimica-sobre-o-cometa-que-corre-la-em-cima\/#primaryimage"},"thumbnailUrl":"https:\/\/www.notibras.com\/site\/wp-content\/uploads\/2025\/11\/7f5c82b5-0f61-440a-bf77-43959ae5692c.jpg","datePublished":"2025-11-21T11:36:08+00:00","dateModified":"2025-11-21T11:37:47+00:00","breadcrumb":{"@id":"https:\/\/www.notibras.com\/site\/meditacao-astronomica-e-alquimica-sobre-o-cometa-que-corre-la-em-cima\/#breadcrumb"},"inLanguage":"pt-BR","potentialAction":[{"@type":"ReadAction","target":["https:\/\/www.notibras.com\/site\/meditacao-astronomica-e-alquimica-sobre-o-cometa-que-corre-la-em-cima\/"]}]},{"@type":"ImageObject","inLanguage":"pt-BR","@id":"https:\/\/www.notibras.com\/site\/meditacao-astronomica-e-alquimica-sobre-o-cometa-que-corre-la-em-cima\/#primaryimage","url":"https:\/\/www.notibras.com\/site\/wp-content\/uploads\/2025\/11\/7f5c82b5-0f61-440a-bf77-43959ae5692c.jpg","contentUrl":"https:\/\/www.notibras.com\/site\/wp-content\/uploads\/2025\/11\/7f5c82b5-0f61-440a-bf77-43959ae5692c.jpg","width":491,"height":362},{"@type":"BreadcrumbList","@id":"https:\/\/www.notibras.com\/site\/meditacao-astronomica-e-alquimica-sobre-o-cometa-que-corre-la-em-cima\/#breadcrumb","itemListElement":[{"@type":"ListItem","position":1,"name":"In\u00edcio","item":"https:\/\/www.notibras.com\/site\/"},{"@type":"ListItem","position":2,"name":"Medita\u00e7\u00e3o astron\u00f4mica e alqu\u00edmica sobre o cometa que corre l\u00e1 em cima"}]},{"@type":"WebSite","@id":"https:\/\/www.notibras.com\/site\/#website","url":"https:\/\/www.notibras.com\/site\/","name":"Notibras","description":"Not\u00edcias de Bras\u00edlia, do Brasil e do Mundo","publisher":{"@id":"https:\/\/www.notibras.com\/site\/#organization"},"potentialAction":[{"@type":"SearchAction","target":{"@type":"EntryPoint","urlTemplate":"https:\/\/www.notibras.com\/site\/?s={search_term_string}"},"query-input":{"@type":"PropertyValueSpecification","valueRequired":true,"valueName":"search_term_string"}}],"inLanguage":"pt-BR"},{"@type":"Organization","@id":"https:\/\/www.notibras.com\/site\/#organization","name":"Grupo Notibras de Comunica\u00e7\u00e3o","url":"https:\/\/www.notibras.com\/site\/","logo":{"@type":"ImageObject","inLanguage":"pt-BR","@id":"https:\/\/www.notibras.com\/site\/#\/schema\/logo\/image\/","url":"https:\/\/www.notibras.com\/site\/wp-content\/uploads\/2023\/01\/notibras23.png","contentUrl":"https:\/\/www.notibras.com\/site\/wp-content\/uploads\/2023\/01\/notibras23.png","width":350,"height":87,"caption":"Grupo Notibras de Comunica\u00e7\u00e3o"},"image":{"@id":"https:\/\/www.notibras.com\/site\/#\/schema\/logo\/image\/"},"sameAs":["https:\/\/www.facebook.com\/notibras\/","https:\/\/x.com\/Notibras","https:\/\/www.instagram.com\/notibras\/"]},{"@type":"Person","@id":"https:\/\/www.notibras.com\/site\/#\/schema\/person\/36ab0979449956132d3e5b517ea76ac8","name":"Reda\u00e7\u00e3o","image":{"@type":"ImageObject","inLanguage":"pt-BR","@id":"https:\/\/secure.gravatar.com\/avatar\/e0a867bdedb85fd243eadf09663511f96fc81e0720a4a42581f334ad4303aa6b?s=96&d=mm&r=g","url":"https:\/\/secure.gravatar.com\/avatar\/e0a867bdedb85fd243eadf09663511f96fc81e0720a4a42581f334ad4303aa6b?s=96&d=mm&r=g","contentUrl":"https:\/\/secure.gravatar.com\/avatar\/e0a867bdedb85fd243eadf09663511f96fc81e0720a4a42581f334ad4303aa6b?s=96&d=mm&r=g","caption":"Reda\u00e7\u00e3o"}}]}},"amp_enabled":true,"_links":{"self":[{"href":"https:\/\/www.notibras.com\/site\/wp-json\/wp\/v2\/posts\/371727","targetHints":{"allow":["GET"]}}],"collection":[{"href":"https:\/\/www.notibras.com\/site\/wp-json\/wp\/v2\/posts"}],"about":[{"href":"https:\/\/www.notibras.com\/site\/wp-json\/wp\/v2\/types\/post"}],"author":[{"embeddable":true,"href":"https:\/\/www.notibras.com\/site\/wp-json\/wp\/v2\/users\/2"}],"replies":[{"embeddable":true,"href":"https:\/\/www.notibras.com\/site\/wp-json\/wp\/v2\/comments?post=371727"}],"version-history":[{"count":3,"href":"https:\/\/www.notibras.com\/site\/wp-json\/wp\/v2\/posts\/371727\/revisions"}],"predecessor-version":[{"id":371731,"href":"https:\/\/www.notibras.com\/site\/wp-json\/wp\/v2\/posts\/371727\/revisions\/371731"}],"wp:featuredmedia":[{"embeddable":true,"href":"https:\/\/www.notibras.com\/site\/wp-json\/wp\/v2\/media\/371728"}],"wp:attachment":[{"href":"https:\/\/www.notibras.com\/site\/wp-json\/wp\/v2\/media?parent=371727"}],"wp:term":[{"taxonomy":"category","embeddable":true,"href":"https:\/\/www.notibras.com\/site\/wp-json\/wp\/v2\/categories?post=371727"},{"taxonomy":"post_tag","embeddable":true,"href":"https:\/\/www.notibras.com\/site\/wp-json\/wp\/v2\/tags?post=371727"}],"curies":[{"name":"wp","href":"https:\/\/api.w.org\/{rel}","templated":true}]}}