{"id":371951,"date":"2025-11-23T00:51:03","date_gmt":"2025-11-23T03:51:03","guid":{"rendered":"https:\/\/www.notibras.com\/site\/?p=371951"},"modified":"2025-11-22T22:52:08","modified_gmt":"2025-11-23T01:52:08","slug":"nordestino-reflete-na-face-realidade-da-caatinga","status":"publish","type":"post","link":"https:\/\/www.notibras.com\/site\/nordestino-reflete-na-face-realidade-da-caatinga\/","title":{"rendered":"Nordestino reflete na face realidade da Caatinga"},"content":{"rendered":"<p>O sol nasce cedo na Caatinga, sem pedir licen\u00e7a. Ele invade o batente das portas, atravessa as frestas de madeira e acorda o povo antes que o galo pense em cantar. No Nordeste profundo, o dia come\u00e7a assim: duro, seco, mas cheio de um tipo de esperan\u00e7a que teima em n\u00e3o morrer.<\/p>\n<p>A terra, rachada como pele antiga, guarda segredos de quem j\u00e1 chorou pela chuva. Cada fenda \u00e9 uma hist\u00f3ria. Cada galho retorcido da jurema parece apontar para um destino que s\u00f3 os sertanejos compreendem. E compreendem porque aprendem cedo que sobreviver ali n\u00e3o \u00e9 escolha \u2014 \u00e9 necessidade.<\/p>\n<p>No terreiro, Dona Alzira varre a poeira que nunca se acaba. Diz que \u00e9 para manter a mente ocupada, porque se ela parar, a tristeza da seca entra sem pedir. Seu Z\u00e9, com o chap\u00e9u gasto e a coragem de sempre, parte pra longe, em busca de um resto de \u00e1gua no a\u00e7ude quase morto. Ele caminha como quem carrega o peso de um mundo: passos lentos, olhos atentos, f\u00e9 grande.<\/p>\n<p>E, ainda assim, no meio de tanta dureza, o Nordeste continua belo. N\u00e3o a beleza dos cart\u00f5es-postais, mas a beleza crua, verdadeira \u2014 aquela que nasce do povo. Porque o sertanejo inventa alegria at\u00e9 na falta. Um forr\u00f3 improvisado no alpendre, o cheiro de caf\u00e9 coado, a conversa na sombra do umbuzeiro\u2026 Tudo ali \u00e9 vida resistindo ao abandono.<\/p>\n<p>\u00c0 noite, quando o vento chega arrastado, a Caatinga parece sussurrar. Fala das partidas dos retirantes, fala da fome que ronda, fala das promessas quebradas pelos que nunca pisaram naquela terra. Mas tamb\u00e9m fala da for\u00e7a: a for\u00e7a de um lugar que, mesmo castigado, n\u00e3o se curva.<\/p>\n<p>Nordeste, meu Nordeste\u2026 Terra de luta, sim. Terra de dor, tamb\u00e9m. Mas, acima de tudo, terra de gente que transforma a seca em hist\u00f3ria, a poeira em poesia e a resist\u00eancia em identidade.<\/p>\n<p>E \u00e9 por isso que, mesmo na realidade crua da Caatinga, ainda tem espa\u00e7o para sonho. Porque quem nasce ali aprende que esperan\u00e7a n\u00e3o dependep de chuva \u2014 depende de coragem.<\/p>\n","protected":false},"excerpt":{"rendered":"<p>O sol nasce cedo na Caatinga, sem pedir licen\u00e7a. Ele invade o batente das portas, atravessa as frestas de madeira e acorda o povo antes que o galo pense em cantar. No Nordeste profundo, o dia come\u00e7a assim: duro, seco, mas cheio de um tipo de esperan\u00e7a que teima em n\u00e3o morrer. A terra, rachada [&hellip;]<\/p>\n","protected":false},"author":2,"featured_media":371952,"comment_status":"closed","ping_status":"closed","sticky":false,"template":"","format":"standard","meta":{"_acf_changed":false,"footnotes":""},"categories":[165],"tags":[],"class_list":["post-371951","post","type-post","status-publish","format-standard","has-post-thumbnail","hentry","category-nordeste"],"acf":[],"_links":{"self":[{"href":"https:\/\/www.notibras.com\/site\/wp-json\/wp\/v2\/posts\/371951","targetHints":{"allow":["GET"]}}],"collection":[{"href":"https:\/\/www.notibras.com\/site\/wp-json\/wp\/v2\/posts"}],"about":[{"href":"https:\/\/www.notibras.com\/site\/wp-json\/wp\/v2\/types\/post"}],"author":[{"embeddable":true,"href":"https:\/\/www.notibras.com\/site\/wp-json\/wp\/v2\/users\/2"}],"replies":[{"embeddable":true,"href":"https:\/\/www.notibras.com\/site\/wp-json\/wp\/v2\/comments?post=371951"}],"version-history":[{"count":1,"href":"https:\/\/www.notibras.com\/site\/wp-json\/wp\/v2\/posts\/371951\/revisions"}],"predecessor-version":[{"id":371954,"href":"https:\/\/www.notibras.com\/site\/wp-json\/wp\/v2\/posts\/371951\/revisions\/371954"}],"wp:featuredmedia":[{"embeddable":true,"href":"https:\/\/www.notibras.com\/site\/wp-json\/wp\/v2\/media\/371952"}],"wp:attachment":[{"href":"https:\/\/www.notibras.com\/site\/wp-json\/wp\/v2\/media?parent=371951"}],"wp:term":[{"taxonomy":"category","embeddable":true,"href":"https:\/\/www.notibras.com\/site\/wp-json\/wp\/v2\/categories?post=371951"},{"taxonomy":"post_tag","embeddable":true,"href":"https:\/\/www.notibras.com\/site\/wp-json\/wp\/v2\/tags?post=371951"}],"curies":[{"name":"wp","href":"https:\/\/api.w.org\/{rel}","templated":true}]}}