{"id":371956,"date":"2025-11-23T00:00:55","date_gmt":"2025-11-23T03:00:55","guid":{"rendered":"https:\/\/www.notibras.com\/site\/?p=371956"},"modified":"2025-11-22T22:58:17","modified_gmt":"2025-11-23T01:58:17","slug":"suspeitas-de-intoxicacao-por-metanol-sao-investigadas-em-petrolina","status":"publish","type":"post","link":"https:\/\/www.notibras.com\/site\/suspeitas-de-intoxicacao-por-metanol-sao-investigadas-em-petrolina\/","title":{"rendered":"Suspeitas de intoxica\u00e7\u00e3o por metanol s\u00e3o investigadas em Petrolina"},"content":{"rendered":"<p>A Pol\u00edcia Civil de Pernambuco e a Vigil\u00e2ncia Sanit\u00e1ria de Petrolina est\u00e3o investigando, desde este fim de semana, casos suspeitos de intoxica\u00e7\u00e3o por metanol registrados na cidade. A preocupa\u00e7\u00e3o surgiu ap\u00f3s a entrada de pelo menos 12 pessoas em unidades de sa\u00fade com sintomas compat\u00edveis com envenenamento por consumo de bebida alco\u00f3lica adulterada.<\/p>\n<p>De acordo com profissionais que atuam no atendimento emergencial, os pacientes apresentaram sinais como confus\u00e3o mental, v\u00f4mitos, dificuldade respirat\u00f3ria, vis\u00e3o turva e, em alguns casos, perda tempor\u00e1ria da consci\u00eancia \u2014 sintomas que podem indicar exposi\u00e7\u00e3o ao metanol, subst\u00e2ncia altamente t\u00f3xica e proibida para consumo humano.<\/p>\n<p>As autoridades de sa\u00fade informaram que os primeiros relatos apontam para a poss\u00edvel ingest\u00e3o de bebidas alco\u00f3licas adquiridas de forma irregular. Amostras desses produtos foram recolhidas em bares, dep\u00f3sitos e pontos de venda informal para an\u00e1lise laboratorial.<\/p>\n<p>A Vigil\u00e2ncia Sanit\u00e1ria refor\u00e7ou que qualquer bebida que contenha metanol pode causar danos severos \u00e0 sa\u00fade, incluindo cegueira irrevers\u00edvel e at\u00e9 morte, dependendo da quantidade ingerida. \u201cEstamos conduzindo uma investiga\u00e7\u00e3o minuciosa para identificar a origem do lote suspeito e impedir que mais consumidores sejam expostos ao risco\u201d, declarou um representante do \u00f3rg\u00e3o.<\/p>\n<p>A Pol\u00edcia Civil abriu inqu\u00e9rito para apurar se h\u00e1 crime na distribui\u00e7\u00e3o das bebidas. A investiga\u00e7\u00e3o deve rastrear fornecedores e intermedi\u00e1rios que possam ter comercializado produtos adulterados na regi\u00e3o.<\/p>\n<p>Enquanto isso, a Secretaria Municipal de Sa\u00fade orienta a popula\u00e7\u00e3o a evitar o consumo de bebidas sem proced\u00eancia, especialmente aquelas vendidas a pre\u00e7os muito abaixo do mercado. Quem apresentar sintomas ap\u00f3s ingest\u00e3o de \u00e1lcool deve buscar atendimento m\u00e9dico imediato.<\/p>\n<p>As autoridades destacam que novos desdobramentos da investiga\u00e7\u00e3o ser\u00e3o divulgados \u00e0 medida que laudos e an\u00e1lises forem conclu\u00eddos.<\/p>\n","protected":false},"excerpt":{"rendered":"<p>A Pol\u00edcia Civil de Pernambuco e a Vigil\u00e2ncia Sanit\u00e1ria de Petrolina est\u00e3o investigando, desde este fim de semana, casos suspeitos de intoxica\u00e7\u00e3o por metanol registrados na cidade. A preocupa\u00e7\u00e3o surgiu ap\u00f3s a entrada de pelo menos 12 pessoas em unidades de sa\u00fade com sintomas compat\u00edveis com envenenamento por consumo de bebida alco\u00f3lica adulterada. De acordo [&hellip;]<\/p>\n","protected":false},"author":2,"featured_media":371960,"comment_status":"closed","ping_status":"closed","sticky":false,"template":"","format":"standard","meta":{"_acf_changed":false,"footnotes":""},"categories":[165],"tags":[],"class_list":["post-371956","post","type-post","status-publish","format-standard","has-post-thumbnail","hentry","category-nordeste"],"acf":[],"_links":{"self":[{"href":"https:\/\/www.notibras.com\/site\/wp-json\/wp\/v2\/posts\/371956","targetHints":{"allow":["GET"]}}],"collection":[{"href":"https:\/\/www.notibras.com\/site\/wp-json\/wp\/v2\/posts"}],"about":[{"href":"https:\/\/www.notibras.com\/site\/wp-json\/wp\/v2\/types\/post"}],"author":[{"embeddable":true,"href":"https:\/\/www.notibras.com\/site\/wp-json\/wp\/v2\/users\/2"}],"replies":[{"embeddable":true,"href":"https:\/\/www.notibras.com\/site\/wp-json\/wp\/v2\/comments?post=371956"}],"version-history":[{"count":1,"href":"https:\/\/www.notibras.com\/site\/wp-json\/wp\/v2\/posts\/371956\/revisions"}],"predecessor-version":[{"id":371961,"href":"https:\/\/www.notibras.com\/site\/wp-json\/wp\/v2\/posts\/371956\/revisions\/371961"}],"wp:featuredmedia":[{"embeddable":true,"href":"https:\/\/www.notibras.com\/site\/wp-json\/wp\/v2\/media\/371960"}],"wp:attachment":[{"href":"https:\/\/www.notibras.com\/site\/wp-json\/wp\/v2\/media?parent=371956"}],"wp:term":[{"taxonomy":"category","embeddable":true,"href":"https:\/\/www.notibras.com\/site\/wp-json\/wp\/v2\/categories?post=371956"},{"taxonomy":"post_tag","embeddable":true,"href":"https:\/\/www.notibras.com\/site\/wp-json\/wp\/v2\/tags?post=371956"}],"curies":[{"name":"wp","href":"https:\/\/api.w.org\/{rel}","templated":true}]}}