{"id":371967,"date":"2025-11-23T00:18:02","date_gmt":"2025-11-23T03:18:02","guid":{"rendered":"https:\/\/www.notibras.com\/site\/?p=371967"},"modified":"2025-11-22T23:20:10","modified_gmt":"2025-11-23T02:20:10","slug":"macumba-da-medo-e-mito-e-jeitinho-brasileiro","status":"publish","type":"post","link":"https:\/\/www.notibras.com\/site\/macumba-da-medo-e-mito-e-jeitinho-brasileiro\/","title":{"rendered":"Macumba d\u00e1 medo, \u00e9 mito e jeitinho brasileiro"},"content":{"rendered":"<p data-start=\"333\" data-end=\"783\">No vasto territ\u00f3rio da cren\u00e7a popular brasileira, poucas palavras carregam tanta for\u00e7a simb\u00f3lica \u2014 e tanta criatividade narrativa \u2014 quanto \u201cmacumba\u201d. O termo, muitas vezes usado de maneira equivocada ou pejorativa para designar qualquer ritual de matriz africana, virou sin\u00f4nimo de interven\u00e7\u00e3o espiritual para resolver problemas que variam do dram\u00e1tico ao absolutamente prosaico. \u00c9 a f\u00e9 pr\u00e1tica, imediatista, adaptada ao famoso \u201cjeitinho brasileiro\u201d.<\/p>\n<p data-start=\"785\" data-end=\"1196\">Segundo o imagin\u00e1rio que corre solto nas ruas, nos bares e nos grupos de WhatsApp da fam\u00edlia, a macumba tem poderes quase ilimitados: tira mau olhado, fecha o corpo, afasta inimigos, traz marido de volta e, para boa parte da torcida apaixonada, at\u00e9 ajuda o time do cora\u00e7\u00e3o a levantar ta\u00e7a no \u00faltimo minuto do segundo tempo. S\u00f3 n\u00e3o faz uma coisa \u2014 e essa \u00e9 sempre repetida com convic\u00e7\u00e3o: livrar algu\u00e9m da cadeia.<\/p>\n<p data-start=\"1198\" data-end=\"1289\">Porque, como diz o ditado popular, \u201cmacumba faz milagre, mas n\u00e3o enfrenta juiz com provas\u201d.<\/p>\n<p data-start=\"1336\" data-end=\"1719\">Atribuir solu\u00e7\u00f5es m\u00e1gicas a for\u00e7as espirituais n\u00e3o \u00e9 novidade: faz parte da constru\u00e7\u00e3o cultural brasileira, um caldeir\u00e3o onde cren\u00e7as afro, ind\u00edgenas e cat\u00f3licas se misturam com naturalidade. Se existe demanda, existe resposta. Se existe ang\u00fastia, existe ritual. Se existe amor mal resolvido, existe promessa de reconcilia\u00e7\u00e3o \u2014 com velas, ervas, eb\u00f3s e rezas que atravessam gera\u00e7\u00f5es.<\/p>\n<p data-start=\"1721\" data-end=\"1851\">E, convenhamos, quem nunca ouviu um amigo dizer que um \u201ctrabalho\u201d bem feito resolve aquilo que a psicologia ainda est\u00e1 analisando?<\/p>\n<p data-start=\"1909\" data-end=\"2179\">Entre os servi\u00e7os mais requisitados, \u201cfechar o corpo\u201d talvez seja o mais emblem\u00e1tico. Um tipo de blindagem espiritual, como se o sujeito sa\u00edsse do ritual com uma esp\u00e9cie de antiv\u00edrus instalado na alma. Inveja? Rebate. Olho gordo? Neutraliza. Gente falsa? Nem identifica.<\/p>\n<p data-start=\"2181\" data-end=\"2239\">\u00c9 a seguran\u00e7a privada da f\u00e9 \u2014 renov\u00e1vel mediante consulta.<\/p>\n<p data-start=\"2281\" data-end=\"2563\">E o destino afetivo, claro, ocupa lugar especial nas cren\u00e7as populares. Trai\u00e7\u00e3o, abandono, desilus\u00e3o: tudo parece ter solu\u00e7\u00e3o com um \u201ctrabalho forte\u201d. O famoso \u201ctrago seu amor em tr\u00eas dias\u201d virou at\u00e9 bord\u00e3o nacional, objeto de memes, past\u00e9is de jornal e janelas de banheiro p\u00fablico.<\/p>\n<p data-start=\"2565\" data-end=\"2766\">Funciona? Depende de quem conta. Para muitos, a magia est\u00e1 menos nos rituais e mais no poder psicol\u00f3gico de quem acredita neles. Para outros, \u00e9 ci\u00eancia espiritual pura. E para alguns, apenas marketing.<\/p>\n<p data-start=\"2799\" data-end=\"3055\">Se existe f\u00e9 movendo montanhas, existe f\u00e9 movendo escanteios. Torcedores recorrem a simpatias e oferendas para evitar gols contra, garantir t\u00edtulos e at\u00e9 influenciar escala\u00e7\u00f5es. Afinal, se o juiz pode errar, por que o universo n\u00e3o poderia intervir a favor?<\/p>\n<p data-start=\"3057\" data-end=\"3189\">A cada cl\u00e1ssico, flores somem de jardins p\u00fablicos, velas somem dos mercados e galinhas come\u00e7am a olhar desconfiadas para seus donos.<\/p>\n<p data-start=\"3232\" data-end=\"3504\">\u00c9 aqui que a sabedoria popular imp\u00f5e limite. O folclore brasileiro admite que a macumba possa desafiar o azar, o amor e at\u00e9 o destino do campeonato. Mas quando se trata da lei, o consenso \u00e9 firme: ritual nenhum anula processo judicial, prova material ou decis\u00e3o colegiada.<\/p>\n<p data-start=\"3506\" data-end=\"3560\">No m\u00e1ximo, d\u00e1 coragem ao r\u00e9u para encarar a audi\u00eancia.<\/p>\n<p data-start=\"3562\" data-end=\"3777\">E, talvez por isso, a express\u00e3o \u201cmacumba n\u00e3o livra ningu\u00e9m da cadeia\u201d acabou virando met\u00e1fora sobre responsabilidade \u2014 espiritual, social e pr\u00e1tica. No fim, h\u00e1 coisas que nem a f\u00e9 resolve. Ou resolve de outro jeito.<\/p>\n<p data-start=\"3816\" data-end=\"4133\">\u00c9 importante lembrar: \u201cmacumba\u201d virou um termo-guarda-chuva que muitas vezes distorce e desvaloriza pr\u00e1ticas religiosas leg\u00edtimas, como o Candombl\u00e9 e a Umbanda. O preconceito lingu\u00edstico transformou rituais sagrados em piada de esquina, quando na verdade representam s\u00e9culos de heran\u00e7a, resist\u00eancia e espiritualidade.<\/p>\n<p data-start=\"4135\" data-end=\"4244\">Por tr\u00e1s do humor e das hist\u00f3rias curiosas, existe uma tradi\u00e7\u00e3o profunda \u2014 que merece respeito e compreens\u00e3o.<\/p>\n<p data-start=\"4289\" data-end=\"4522\">O fen\u00f4meno da \u201cmacumba\u201d no imagin\u00e1rio popular n\u00e3o \u00e9 s\u00f3 religi\u00e3o. \u00c9 cultura, humor, sobreviv\u00eancia emocional. \u00c9 a tentativa de equilibrar o racional e o m\u00e1gico num pa\u00eds onde o real \u00e0s vezes desafia a l\u00f3gica mais do que qualquer ritual.<\/p>\n<p data-start=\"4524\" data-end=\"4688\">F\u00e9 que tira mau olhado, fecha o corpo, traz marido de volta e ajuda no campeonato? Pode at\u00e9 ser. Mas f\u00e9 que burla justi\u00e7a? Essa, diz o povo, at\u00e9 os orix\u00e1s evitam.<\/p>\n","protected":false},"excerpt":{"rendered":"<p>No vasto territ\u00f3rio da cren\u00e7a popular brasileira, poucas palavras carregam tanta for\u00e7a simb\u00f3lica \u2014 e tanta criatividade narrativa \u2014 quanto \u201cmacumba\u201d. O termo, muitas vezes usado de maneira equivocada ou pejorativa para designar qualquer ritual de matriz africana, virou sin\u00f4nimo de interven\u00e7\u00e3o espiritual para resolver problemas que variam do dram\u00e1tico ao absolutamente prosaico. \u00c9 a [&hellip;]<\/p>\n","protected":false},"author":2,"featured_media":371968,"comment_status":"closed","ping_status":"closed","sticky":false,"template":"","format":"standard","meta":{"_acf_changed":false,"footnotes":""},"categories":[237],"tags":[],"class_list":["post-371967","post","type-post","status-publish","format-standard","has-post-thumbnail","hentry","category-oraculos"],"acf":[],"yoast_head":"<!-- This site is optimized with the Yoast SEO plugin v27.2 - https:\/\/yoast.com\/product\/yoast-seo-wordpress\/ -->\n<title>Macumba d\u00e1 medo, \u00e9 mito e jeitinho brasileiro - Notibras<\/title>\n<meta name=\"robots\" content=\"index, follow, max-snippet:-1, max-image-preview:large, max-video-preview:-1\" \/>\n<link rel=\"canonical\" href=\"https:\/\/www.notibras.com\/site\/macumba-da-medo-e-mito-e-jeitinho-brasileiro\/\" \/>\n<meta property=\"og:locale\" content=\"pt_BR\" \/>\n<meta property=\"og:type\" content=\"article\" \/>\n<meta property=\"og:title\" content=\"Macumba d\u00e1 medo, \u00e9 mito e jeitinho brasileiro - Notibras\" \/>\n<meta property=\"og:description\" content=\"No vasto territ\u00f3rio da cren\u00e7a popular brasileira, poucas palavras carregam tanta for\u00e7a simb\u00f3lica \u2014 e tanta criatividade narrativa \u2014 quanto \u201cmacumba\u201d. O termo, muitas vezes usado de maneira equivocada ou pejorativa para designar qualquer ritual de matriz africana, virou sin\u00f4nimo de interven\u00e7\u00e3o espiritual para resolver problemas que variam do dram\u00e1tico ao absolutamente prosaico. \u00c9 a [&hellip;]\" \/>\n<meta property=\"og:url\" content=\"https:\/\/www.notibras.com\/site\/macumba-da-medo-e-mito-e-jeitinho-brasileiro\/\" \/>\n<meta property=\"og:site_name\" content=\"Notibras\" \/>\n<meta property=\"article:publisher\" content=\"https:\/\/www.facebook.com\/notibras\/\" \/>\n<meta property=\"article:published_time\" content=\"2025-11-23T03:18:02+00:00\" \/>\n<meta property=\"og:image\" content=\"https:\/\/www.notibras.com\/site\/wp-content\/uploads\/2025\/11\/c739d4f6-ad31-4732-b827-db8f5ce15f84-1024x683.png\" \/>\n\t<meta property=\"og:image:width\" content=\"1024\" \/>\n\t<meta property=\"og:image:height\" content=\"683\" \/>\n\t<meta property=\"og:image:type\" content=\"image\/png\" \/>\n<meta name=\"author\" content=\"Reda\u00e7\u00e3o\" \/>\n<meta name=\"twitter:card\" content=\"summary_large_image\" \/>\n<meta name=\"twitter:creator\" content=\"@Notibras\" \/>\n<meta name=\"twitter:site\" content=\"@Notibras\" \/>\n<meta name=\"twitter:label1\" content=\"Escrito por\" \/>\n\t<meta name=\"twitter:data1\" content=\"Reda\u00e7\u00e3o\" \/>\n\t<meta name=\"twitter:label2\" content=\"Est. tempo de leitura\" \/>\n\t<meta name=\"twitter:data2\" content=\"4 minutos\" \/>\n<script type=\"application\/ld+json\" class=\"yoast-schema-graph\">{\"@context\":\"https:\/\/schema.org\",\"@graph\":[{\"@type\":\"Article\",\"@id\":\"https:\/\/www.notibras.com\/site\/macumba-da-medo-e-mito-e-jeitinho-brasileiro\/#article\",\"isPartOf\":{\"@id\":\"https:\/\/www.notibras.com\/site\/macumba-da-medo-e-mito-e-jeitinho-brasileiro\/\"},\"author\":{\"name\":\"Reda\u00e7\u00e3o\",\"@id\":\"https:\/\/www.notibras.com\/site\/#\/schema\/person\/36ab0979449956132d3e5b517ea76ac8\"},\"headline\":\"Macumba d\u00e1 medo, \u00e9 mito e jeitinho brasileiro\",\"datePublished\":\"2025-11-23T03:18:02+00:00\",\"mainEntityOfPage\":{\"@id\":\"https:\/\/www.notibras.com\/site\/macumba-da-medo-e-mito-e-jeitinho-brasileiro\/\"},\"wordCount\":717,\"publisher\":{\"@id\":\"https:\/\/www.notibras.com\/site\/#organization\"},\"image\":{\"@id\":\"https:\/\/www.notibras.com\/site\/macumba-da-medo-e-mito-e-jeitinho-brasileiro\/#primaryimage\"},\"thumbnailUrl\":\"https:\/\/www.notibras.com\/site\/wp-content\/uploads\/2025\/11\/c739d4f6-ad31-4732-b827-db8f5ce15f84.png\",\"articleSection\":[\"Or\u00e1culos\"],\"inLanguage\":\"pt-BR\"},{\"@type\":\"WebPage\",\"@id\":\"https:\/\/www.notibras.com\/site\/macumba-da-medo-e-mito-e-jeitinho-brasileiro\/\",\"url\":\"https:\/\/www.notibras.com\/site\/macumba-da-medo-e-mito-e-jeitinho-brasileiro\/\",\"name\":\"Macumba d\u00e1 medo, \u00e9 mito e jeitinho brasileiro - Notibras\",\"isPartOf\":{\"@id\":\"https:\/\/www.notibras.com\/site\/#website\"},\"primaryImageOfPage\":{\"@id\":\"https:\/\/www.notibras.com\/site\/macumba-da-medo-e-mito-e-jeitinho-brasileiro\/#primaryimage\"},\"image\":{\"@id\":\"https:\/\/www.notibras.com\/site\/macumba-da-medo-e-mito-e-jeitinho-brasileiro\/#primaryimage\"},\"thumbnailUrl\":\"https:\/\/www.notibras.com\/site\/wp-content\/uploads\/2025\/11\/c739d4f6-ad31-4732-b827-db8f5ce15f84.png\",\"datePublished\":\"2025-11-23T03:18:02+00:00\",\"breadcrumb\":{\"@id\":\"https:\/\/www.notibras.com\/site\/macumba-da-medo-e-mito-e-jeitinho-brasileiro\/#breadcrumb\"},\"inLanguage\":\"pt-BR\",\"potentialAction\":[{\"@type\":\"ReadAction\",\"target\":[\"https:\/\/www.notibras.com\/site\/macumba-da-medo-e-mito-e-jeitinho-brasileiro\/\"]}]},{\"@type\":\"ImageObject\",\"inLanguage\":\"pt-BR\",\"@id\":\"https:\/\/www.notibras.com\/site\/macumba-da-medo-e-mito-e-jeitinho-brasileiro\/#primaryimage\",\"url\":\"https:\/\/www.notibras.com\/site\/wp-content\/uploads\/2025\/11\/c739d4f6-ad31-4732-b827-db8f5ce15f84.png\",\"contentUrl\":\"https:\/\/www.notibras.com\/site\/wp-content\/uploads\/2025\/11\/c739d4f6-ad31-4732-b827-db8f5ce15f84.png\",\"width\":1536,\"height\":1024},{\"@type\":\"BreadcrumbList\",\"@id\":\"https:\/\/www.notibras.com\/site\/macumba-da-medo-e-mito-e-jeitinho-brasileiro\/#breadcrumb\",\"itemListElement\":[{\"@type\":\"ListItem\",\"position\":1,\"name\":\"In\u00edcio\",\"item\":\"https:\/\/www.notibras.com\/site\/\"},{\"@type\":\"ListItem\",\"position\":2,\"name\":\"Macumba d\u00e1 medo, \u00e9 mito e jeitinho brasileiro\"}]},{\"@type\":\"WebSite\",\"@id\":\"https:\/\/www.notibras.com\/site\/#website\",\"url\":\"https:\/\/www.notibras.com\/site\/\",\"name\":\"Notibras\",\"description\":\"Not\u00edcias de Bras\u00edlia, do Brasil e do Mundo\",\"publisher\":{\"@id\":\"https:\/\/www.notibras.com\/site\/#organization\"},\"potentialAction\":[{\"@type\":\"SearchAction\",\"target\":{\"@type\":\"EntryPoint\",\"urlTemplate\":\"https:\/\/www.notibras.com\/site\/?s={search_term_string}\"},\"query-input\":{\"@type\":\"PropertyValueSpecification\",\"valueRequired\":true,\"valueName\":\"search_term_string\"}}],\"inLanguage\":\"pt-BR\"},{\"@type\":\"Organization\",\"@id\":\"https:\/\/www.notibras.com\/site\/#organization\",\"name\":\"Grupo Notibras de Comunica\u00e7\u00e3o\",\"url\":\"https:\/\/www.notibras.com\/site\/\",\"logo\":{\"@type\":\"ImageObject\",\"inLanguage\":\"pt-BR\",\"@id\":\"https:\/\/www.notibras.com\/site\/#\/schema\/logo\/image\/\",\"url\":\"https:\/\/www.notibras.com\/site\/wp-content\/uploads\/2023\/01\/notibras23.png\",\"contentUrl\":\"https:\/\/www.notibras.com\/site\/wp-content\/uploads\/2023\/01\/notibras23.png\",\"width\":350,\"height\":87,\"caption\":\"Grupo Notibras de Comunica\u00e7\u00e3o\"},\"image\":{\"@id\":\"https:\/\/www.notibras.com\/site\/#\/schema\/logo\/image\/\"},\"sameAs\":[\"https:\/\/www.facebook.com\/notibras\/\",\"https:\/\/x.com\/Notibras\",\"https:\/\/www.instagram.com\/notibras\/\"]},{\"@type\":\"Person\",\"@id\":\"https:\/\/www.notibras.com\/site\/#\/schema\/person\/36ab0979449956132d3e5b517ea76ac8\",\"name\":\"Reda\u00e7\u00e3o\",\"image\":{\"@type\":\"ImageObject\",\"inLanguage\":\"pt-BR\",\"@id\":\"https:\/\/secure.gravatar.com\/avatar\/e0a867bdedb85fd243eadf09663511f96fc81e0720a4a42581f334ad4303aa6b?s=96&d=mm&r=g\",\"url\":\"https:\/\/secure.gravatar.com\/avatar\/e0a867bdedb85fd243eadf09663511f96fc81e0720a4a42581f334ad4303aa6b?s=96&d=mm&r=g\",\"contentUrl\":\"https:\/\/secure.gravatar.com\/avatar\/e0a867bdedb85fd243eadf09663511f96fc81e0720a4a42581f334ad4303aa6b?s=96&d=mm&r=g\",\"caption\":\"Reda\u00e7\u00e3o\"}}]}<\/script>\n<!-- \/ Yoast SEO plugin. -->","yoast_head_json":{"title":"Macumba d\u00e1 medo, \u00e9 mito e jeitinho brasileiro - Notibras","robots":{"index":"index","follow":"follow","max-snippet":"max-snippet:-1","max-image-preview":"max-image-preview:large","max-video-preview":"max-video-preview:-1"},"canonical":"https:\/\/www.notibras.com\/site\/macumba-da-medo-e-mito-e-jeitinho-brasileiro\/","og_locale":"pt_BR","og_type":"article","og_title":"Macumba d\u00e1 medo, \u00e9 mito e jeitinho brasileiro - Notibras","og_description":"No vasto territ\u00f3rio da cren\u00e7a popular brasileira, poucas palavras carregam tanta for\u00e7a simb\u00f3lica \u2014 e tanta criatividade narrativa \u2014 quanto \u201cmacumba\u201d. O termo, muitas vezes usado de maneira equivocada ou pejorativa para designar qualquer ritual de matriz africana, virou sin\u00f4nimo de interven\u00e7\u00e3o espiritual para resolver problemas que variam do dram\u00e1tico ao absolutamente prosaico. \u00c9 a [&hellip;]","og_url":"https:\/\/www.notibras.com\/site\/macumba-da-medo-e-mito-e-jeitinho-brasileiro\/","og_site_name":"Notibras","article_publisher":"https:\/\/www.facebook.com\/notibras\/","article_published_time":"2025-11-23T03:18:02+00:00","og_image":[{"width":1024,"height":683,"url":"https:\/\/www.notibras.com\/site\/wp-content\/uploads\/2025\/11\/c739d4f6-ad31-4732-b827-db8f5ce15f84-1024x683.png","type":"image\/png"}],"author":"Reda\u00e7\u00e3o","twitter_card":"summary_large_image","twitter_creator":"@Notibras","twitter_site":"@Notibras","twitter_misc":{"Escrito por":"Reda\u00e7\u00e3o","Est. tempo de leitura":"4 minutos"},"schema":{"@context":"https:\/\/schema.org","@graph":[{"@type":"Article","@id":"https:\/\/www.notibras.com\/site\/macumba-da-medo-e-mito-e-jeitinho-brasileiro\/#article","isPartOf":{"@id":"https:\/\/www.notibras.com\/site\/macumba-da-medo-e-mito-e-jeitinho-brasileiro\/"},"author":{"name":"Reda\u00e7\u00e3o","@id":"https:\/\/www.notibras.com\/site\/#\/schema\/person\/36ab0979449956132d3e5b517ea76ac8"},"headline":"Macumba d\u00e1 medo, \u00e9 mito e jeitinho brasileiro","datePublished":"2025-11-23T03:18:02+00:00","mainEntityOfPage":{"@id":"https:\/\/www.notibras.com\/site\/macumba-da-medo-e-mito-e-jeitinho-brasileiro\/"},"wordCount":717,"publisher":{"@id":"https:\/\/www.notibras.com\/site\/#organization"},"image":{"@id":"https:\/\/www.notibras.com\/site\/macumba-da-medo-e-mito-e-jeitinho-brasileiro\/#primaryimage"},"thumbnailUrl":"https:\/\/www.notibras.com\/site\/wp-content\/uploads\/2025\/11\/c739d4f6-ad31-4732-b827-db8f5ce15f84.png","articleSection":["Or\u00e1culos"],"inLanguage":"pt-BR"},{"@type":"WebPage","@id":"https:\/\/www.notibras.com\/site\/macumba-da-medo-e-mito-e-jeitinho-brasileiro\/","url":"https:\/\/www.notibras.com\/site\/macumba-da-medo-e-mito-e-jeitinho-brasileiro\/","name":"Macumba d\u00e1 medo, \u00e9 mito e jeitinho brasileiro - Notibras","isPartOf":{"@id":"https:\/\/www.notibras.com\/site\/#website"},"primaryImageOfPage":{"@id":"https:\/\/www.notibras.com\/site\/macumba-da-medo-e-mito-e-jeitinho-brasileiro\/#primaryimage"},"image":{"@id":"https:\/\/www.notibras.com\/site\/macumba-da-medo-e-mito-e-jeitinho-brasileiro\/#primaryimage"},"thumbnailUrl":"https:\/\/www.notibras.com\/site\/wp-content\/uploads\/2025\/11\/c739d4f6-ad31-4732-b827-db8f5ce15f84.png","datePublished":"2025-11-23T03:18:02+00:00","breadcrumb":{"@id":"https:\/\/www.notibras.com\/site\/macumba-da-medo-e-mito-e-jeitinho-brasileiro\/#breadcrumb"},"inLanguage":"pt-BR","potentialAction":[{"@type":"ReadAction","target":["https:\/\/www.notibras.com\/site\/macumba-da-medo-e-mito-e-jeitinho-brasileiro\/"]}]},{"@type":"ImageObject","inLanguage":"pt-BR","@id":"https:\/\/www.notibras.com\/site\/macumba-da-medo-e-mito-e-jeitinho-brasileiro\/#primaryimage","url":"https:\/\/www.notibras.com\/site\/wp-content\/uploads\/2025\/11\/c739d4f6-ad31-4732-b827-db8f5ce15f84.png","contentUrl":"https:\/\/www.notibras.com\/site\/wp-content\/uploads\/2025\/11\/c739d4f6-ad31-4732-b827-db8f5ce15f84.png","width":1536,"height":1024},{"@type":"BreadcrumbList","@id":"https:\/\/www.notibras.com\/site\/macumba-da-medo-e-mito-e-jeitinho-brasileiro\/#breadcrumb","itemListElement":[{"@type":"ListItem","position":1,"name":"In\u00edcio","item":"https:\/\/www.notibras.com\/site\/"},{"@type":"ListItem","position":2,"name":"Macumba d\u00e1 medo, \u00e9 mito e jeitinho brasileiro"}]},{"@type":"WebSite","@id":"https:\/\/www.notibras.com\/site\/#website","url":"https:\/\/www.notibras.com\/site\/","name":"Notibras","description":"Not\u00edcias de Bras\u00edlia, do Brasil e do Mundo","publisher":{"@id":"https:\/\/www.notibras.com\/site\/#organization"},"potentialAction":[{"@type":"SearchAction","target":{"@type":"EntryPoint","urlTemplate":"https:\/\/www.notibras.com\/site\/?s={search_term_string}"},"query-input":{"@type":"PropertyValueSpecification","valueRequired":true,"valueName":"search_term_string"}}],"inLanguage":"pt-BR"},{"@type":"Organization","@id":"https:\/\/www.notibras.com\/site\/#organization","name":"Grupo Notibras de Comunica\u00e7\u00e3o","url":"https:\/\/www.notibras.com\/site\/","logo":{"@type":"ImageObject","inLanguage":"pt-BR","@id":"https:\/\/www.notibras.com\/site\/#\/schema\/logo\/image\/","url":"https:\/\/www.notibras.com\/site\/wp-content\/uploads\/2023\/01\/notibras23.png","contentUrl":"https:\/\/www.notibras.com\/site\/wp-content\/uploads\/2023\/01\/notibras23.png","width":350,"height":87,"caption":"Grupo Notibras de Comunica\u00e7\u00e3o"},"image":{"@id":"https:\/\/www.notibras.com\/site\/#\/schema\/logo\/image\/"},"sameAs":["https:\/\/www.facebook.com\/notibras\/","https:\/\/x.com\/Notibras","https:\/\/www.instagram.com\/notibras\/"]},{"@type":"Person","@id":"https:\/\/www.notibras.com\/site\/#\/schema\/person\/36ab0979449956132d3e5b517ea76ac8","name":"Reda\u00e7\u00e3o","image":{"@type":"ImageObject","inLanguage":"pt-BR","@id":"https:\/\/secure.gravatar.com\/avatar\/e0a867bdedb85fd243eadf09663511f96fc81e0720a4a42581f334ad4303aa6b?s=96&d=mm&r=g","url":"https:\/\/secure.gravatar.com\/avatar\/e0a867bdedb85fd243eadf09663511f96fc81e0720a4a42581f334ad4303aa6b?s=96&d=mm&r=g","contentUrl":"https:\/\/secure.gravatar.com\/avatar\/e0a867bdedb85fd243eadf09663511f96fc81e0720a4a42581f334ad4303aa6b?s=96&d=mm&r=g","caption":"Reda\u00e7\u00e3o"}}]}},"amp_enabled":true,"_links":{"self":[{"href":"https:\/\/www.notibras.com\/site\/wp-json\/wp\/v2\/posts\/371967","targetHints":{"allow":["GET"]}}],"collection":[{"href":"https:\/\/www.notibras.com\/site\/wp-json\/wp\/v2\/posts"}],"about":[{"href":"https:\/\/www.notibras.com\/site\/wp-json\/wp\/v2\/types\/post"}],"author":[{"embeddable":true,"href":"https:\/\/www.notibras.com\/site\/wp-json\/wp\/v2\/users\/2"}],"replies":[{"embeddable":true,"href":"https:\/\/www.notibras.com\/site\/wp-json\/wp\/v2\/comments?post=371967"}],"version-history":[{"count":3,"href":"https:\/\/www.notibras.com\/site\/wp-json\/wp\/v2\/posts\/371967\/revisions"}],"predecessor-version":[{"id":371971,"href":"https:\/\/www.notibras.com\/site\/wp-json\/wp\/v2\/posts\/371967\/revisions\/371971"}],"wp:featuredmedia":[{"embeddable":true,"href":"https:\/\/www.notibras.com\/site\/wp-json\/wp\/v2\/media\/371968"}],"wp:attachment":[{"href":"https:\/\/www.notibras.com\/site\/wp-json\/wp\/v2\/media?parent=371967"}],"wp:term":[{"taxonomy":"category","embeddable":true,"href":"https:\/\/www.notibras.com\/site\/wp-json\/wp\/v2\/categories?post=371967"},{"taxonomy":"post_tag","embeddable":true,"href":"https:\/\/www.notibras.com\/site\/wp-json\/wp\/v2\/tags?post=371967"}],"curies":[{"name":"wp","href":"https:\/\/api.w.org\/{rel}","templated":true}]}}