{"id":371972,"date":"2025-11-23T01:31:42","date_gmt":"2025-11-23T04:31:42","guid":{"rendered":"https:\/\/www.notibras.com\/site\/?p=371972"},"modified":"2025-11-23T17:13:49","modified_gmt":"2025-11-23T20:13:49","slug":"horoscopo-da-semana-vem-carregado-de-emocoes","status":"publish","type":"post","link":"https:\/\/www.notibras.com\/site\/horoscopo-da-semana-vem-carregado-de-emocoes\/","title":{"rendered":"Hor\u00f3scopo da semana vem carregado de emo\u00e7\u00f5es"},"content":{"rendered":"<p data-start=\"312\" data-end=\"646\">A semana come\u00e7a sob uma vibra\u00e7\u00e3o intensa de reorganiza\u00e7\u00e3o emocional. O Sol segue firme em Sagit\u00e1rio, acendendo o desejo de expans\u00f5es, viagens, novas ideias e liberdade. Mas Marte tensiona aspectos da Lua logo nos primeiros dias, trazendo momentos de impulsividade \u2014 e pedindo cuidado nas respostas r\u00e1pidas ou julgamentos precipitados.<\/p>\n<p data-start=\"648\" data-end=\"849\">V\u00eanus harmoniza rela\u00e7\u00f5es a partir da quarta-feira, favorecendo reconcilia\u00e7\u00f5es, encontros inesperados e conversas que clareiam o que parecia insol\u00favel. J\u00e1 Saturno alerta: promessas vazias custar\u00e3o caro.<\/p>\n<p data-start=\"851\" data-end=\"998\">No geral, \u00e9 uma semana para <em data-start=\"879\" data-end=\"893\">afiar o faro<\/em>, confiar na intui\u00e7\u00e3o, dar espa\u00e7o para o que renasce e abandonar de vez aquilo que j\u00e1 n\u00e3o vibra com voc\u00ea.<\/p>\n<h1 data-start=\"1005\" data-end=\"1018\">\u2648 <strong data-start=\"1009\" data-end=\"1018\">\u00c1ries<\/strong><\/h1>\n<p data-start=\"1019\" data-end=\"1274\">A semana exige paci\u00eancia \u2014 palavra que voc\u00ea raramente conjuga. Evite confrontos desnecess\u00e1rios no in\u00edcio do per\u00edodo, quando Marte pode inflar pequenas irrita\u00e7\u00f5es. No amor, boas not\u00edcias entre quinta e sexta. No trabalho, oportunidade de assumir lideran\u00e7a.<\/p>\n<h1 data-start=\"1276\" data-end=\"1289\">\u2649 <strong data-start=\"1280\" data-end=\"1289\">Touro<\/strong><\/h1>\n<p data-start=\"1290\" data-end=\"1497\">O foco ser\u00e1 financeiro. Uma chance de renegocia\u00e7\u00e3o ou ganho inesperado pode surgir, mas s\u00f3 se voc\u00ea estiver atento. No amor, V\u00eanus suaviza tens\u00f5es e favorece di\u00e1logos profundos. Evite teimosia com familiares.<\/p>\n<h1 data-start=\"1499\" data-end=\"1513\">\u264a <strong data-start=\"1503\" data-end=\"1513\">G\u00eameos<\/strong><\/h1>\n<p data-start=\"1514\" data-end=\"1703\">A comunica\u00e7\u00e3o, seu territ\u00f3rio natural, estar\u00e1 em destaque. A semana traz acordos, parcerias e convites. No amor, evite dispers\u00e3o: algu\u00e9m espera clareza sua. Sa\u00fade pede estabilidade do sono.<\/p>\n<h1 data-start=\"1705\" data-end=\"1719\">\u264b <strong data-start=\"1709\" data-end=\"1719\">C\u00e2ncer<\/strong><\/h1>\n<p data-start=\"1720\" data-end=\"1918\">O cora\u00e7\u00e3o estar\u00e1 mais sens\u00edvel do que o habitual. Evite absorver dramas alheios. No trabalho, a semana pede foco e organiza\u00e7\u00e3o; voc\u00ea pode surpreender superiores. No romance, momento para defini\u00e7\u00f5es.<\/p>\n<h1 data-start=\"1920\" data-end=\"1932\">\u264c <strong data-start=\"1924\" data-end=\"1932\">Le\u00e3o<\/strong><\/h1>\n<p data-start=\"1933\" data-end=\"2162\">A vitalidade aumenta com o avan\u00e7o da semana. A criatividade estar\u00e1 alta, favorecendo projetos autorais e carreira. Nos relacionamentos, cuidado com ci\u00fames. Um convite social no fim de semana pode mudar sua percep\u00e7\u00e3o sobre algu\u00e9m.<\/p>\n<h1 data-start=\"2164\" data-end=\"2178\">\u264d <strong data-start=\"2168\" data-end=\"2178\">Virgem<\/strong><\/h1>\n<p data-start=\"2179\" data-end=\"2371\">A semana pede ajustes dom\u00e9sticos ou familiares. No trabalho, bom momento para resolver pend\u00eancias. A energia geral favorece racioc\u00ednio pr\u00e1tico. No amor, evite cobran\u00e7as sutis: fale claramente.<\/p>\n<h1 data-start=\"2373\" data-end=\"2386\">\u264e <strong data-start=\"2377\" data-end=\"2386\">Libra<\/strong><\/h1>\n<p data-start=\"2387\" data-end=\"2571\">Comunica\u00e7\u00e3o afetiva flui com facilidade. Contatos antigos podem ressurgir. No trabalho, diplomacia ser\u00e1 sua maior arma. Finan\u00e7as pedem aten\u00e7\u00e3o: n\u00e3o confie apenas na palavra dos outros.<\/p>\n<h1 data-start=\"2573\" data-end=\"2590\">\u264f <strong data-start=\"2577\" data-end=\"2590\">Escorpi\u00e3o<\/strong><\/h1>\n<p data-start=\"2591\" data-end=\"2771\">A intui\u00e7\u00e3o est\u00e1 afiada. Semana boa para decis\u00f5es estrat\u00e9gicas, especialmente financeiras. No amor, magnetismo em alta. Mas cuidado: segredos podem vir \u00e0 tona, inclusive os alheios.<\/p>\n<h1 data-start=\"2773\" data-end=\"2790\">\u2650 <strong data-start=\"2777\" data-end=\"2790\">Sagit\u00e1rio<\/strong><\/h1>\n<p data-start=\"2791\" data-end=\"2978\">Sol no seu signo: energia, coragem e brilho pessoal. Uma semana para retomar sonhos e iniciar projetos. No amor, momento quente e promissor. No trabalho, portas se abrem com naturalidade.<\/p>\n<h1 data-start=\"2980\" data-end=\"2999\">\u2651 <strong data-start=\"2984\" data-end=\"2999\">Capric\u00f3rnio<\/strong><\/h1>\n<p data-start=\"3000\" data-end=\"3189\">Saturno cobra firmeza: \u00e9 hora de estruturar planos de longo prazo. No amor, evite rigidez. No trabalho, ganhos v\u00eam com responsabilidade extrema. Fim de semana bom para descanso estrat\u00e9gico.<\/p>\n<h1 data-start=\"3191\" data-end=\"3206\">\u2652 <strong data-start=\"3195\" data-end=\"3206\">Aqu\u00e1rio<\/strong><\/h1>\n<p data-start=\"3207\" data-end=\"3378\">Amizades ganham destaque \u2014 inclusive reconex\u00f5es importantes. Projetos coletivos prosperam. No amor, liberdade ser\u00e1 tema sens\u00edvel. Evite conflitos por diferen\u00e7a de opini\u00e3o.<\/p>\n<h1 data-start=\"3380\" data-end=\"3394\">\u2653 <strong data-start=\"3384\" data-end=\"3394\">Peixes<\/strong><\/h1>\n<p data-start=\"3395\" data-end=\"3604\">A intui\u00e7\u00e3o est\u00e1 alta, mas a sensibilidade tamb\u00e9m. Evite absorver problemas dos outros. No trabalho, boa semana para criar, planejar e finalizar algo que ficou parado. No amor, clima rom\u00e2ntico no fim de semana.<\/p>\n<p data-start=\"3395\" data-end=\"3604\">&#8230;&#8230;&#8230;&#8230;&#8230;&#8230;&#8230;<\/p>\n<p data-start=\"3395\" data-end=\"3604\"><strong>Anabelle Santa&#8217;cruz \u00e9 Editora de Or\u00e1culos<\/strong><\/p>\n","protected":false},"excerpt":{"rendered":"<p>A semana come\u00e7a sob uma vibra\u00e7\u00e3o intensa de reorganiza\u00e7\u00e3o emocional. O Sol segue firme em Sagit\u00e1rio, acendendo o desejo de expans\u00f5es, viagens, novas ideias e liberdade. Mas Marte tensiona aspectos da Lua logo nos primeiros dias, trazendo momentos de impulsividade \u2014 e pedindo cuidado nas respostas r\u00e1pidas ou julgamentos precipitados. V\u00eanus harmoniza rela\u00e7\u00f5es a partir [&hellip;]<\/p>\n","protected":false},"author":2,"featured_media":371973,"comment_status":"closed","ping_status":"closed","sticky":false,"template":"","format":"standard","meta":{"_acf_changed":false,"footnotes":""},"categories":[237],"tags":[],"class_list":["post-371972","post","type-post","status-publish","format-standard","has-post-thumbnail","hentry","category-oraculos"],"acf":[],"yoast_head":"<!-- This site is optimized with the Yoast SEO plugin v27.2 - https:\/\/yoast.com\/product\/yoast-seo-wordpress\/ -->\n<title>Hor\u00f3scopo da semana vem carregado de emo\u00e7\u00f5es - Notibras<\/title>\n<meta name=\"robots\" content=\"index, follow, max-snippet:-1, max-image-preview:large, max-video-preview:-1\" \/>\n<link rel=\"canonical\" href=\"https:\/\/www.notibras.com\/site\/horoscopo-da-semana-vem-carregado-de-emocoes\/\" \/>\n<meta property=\"og:locale\" content=\"pt_BR\" \/>\n<meta property=\"og:type\" content=\"article\" \/>\n<meta property=\"og:title\" content=\"Hor\u00f3scopo da semana vem carregado de emo\u00e7\u00f5es - Notibras\" \/>\n<meta property=\"og:description\" content=\"A semana come\u00e7a sob uma vibra\u00e7\u00e3o intensa de reorganiza\u00e7\u00e3o emocional. O Sol segue firme em Sagit\u00e1rio, acendendo o desejo de expans\u00f5es, viagens, novas ideias e liberdade. Mas Marte tensiona aspectos da Lua logo nos primeiros dias, trazendo momentos de impulsividade \u2014 e pedindo cuidado nas respostas r\u00e1pidas ou julgamentos precipitados. V\u00eanus harmoniza rela\u00e7\u00f5es a partir [&hellip;]\" \/>\n<meta property=\"og:url\" content=\"https:\/\/www.notibras.com\/site\/horoscopo-da-semana-vem-carregado-de-emocoes\/\" \/>\n<meta property=\"og:site_name\" content=\"Notibras\" \/>\n<meta property=\"article:publisher\" content=\"https:\/\/www.facebook.com\/notibras\/\" \/>\n<meta property=\"article:published_time\" content=\"2025-11-23T04:31:42+00:00\" \/>\n<meta property=\"article:modified_time\" content=\"2025-11-23T20:13:49+00:00\" \/>\n<meta property=\"og:image\" content=\"https:\/\/www.notibras.com\/site\/wp-content\/uploads\/2025\/11\/4dac2d16-6532-445b-b275-68a926d92d59-1024x683.png\" \/>\n\t<meta property=\"og:image:width\" content=\"1024\" \/>\n\t<meta property=\"og:image:height\" content=\"683\" \/>\n\t<meta property=\"og:image:type\" content=\"image\/png\" \/>\n<meta name=\"author\" content=\"Reda\u00e7\u00e3o\" \/>\n<meta name=\"twitter:card\" content=\"summary_large_image\" \/>\n<meta name=\"twitter:creator\" content=\"@Notibras\" \/>\n<meta name=\"twitter:site\" content=\"@Notibras\" \/>\n<meta name=\"twitter:label1\" content=\"Escrito por\" \/>\n\t<meta name=\"twitter:data1\" content=\"Reda\u00e7\u00e3o\" \/>\n\t<meta name=\"twitter:label2\" content=\"Est. tempo de leitura\" \/>\n\t<meta name=\"twitter:data2\" content=\"3 minutos\" \/>\n<script type=\"application\/ld+json\" class=\"yoast-schema-graph\">{\"@context\":\"https:\/\/schema.org\",\"@graph\":[{\"@type\":\"Article\",\"@id\":\"https:\/\/www.notibras.com\/site\/horoscopo-da-semana-vem-carregado-de-emocoes\/#article\",\"isPartOf\":{\"@id\":\"https:\/\/www.notibras.com\/site\/horoscopo-da-semana-vem-carregado-de-emocoes\/\"},\"author\":{\"name\":\"Reda\u00e7\u00e3o\",\"@id\":\"https:\/\/www.notibras.com\/site\/#\/schema\/person\/36ab0979449956132d3e5b517ea76ac8\"},\"headline\":\"Hor\u00f3scopo da semana vem carregado de emo\u00e7\u00f5es\",\"datePublished\":\"2025-11-23T04:31:42+00:00\",\"dateModified\":\"2025-11-23T20:13:49+00:00\",\"mainEntityOfPage\":{\"@id\":\"https:\/\/www.notibras.com\/site\/horoscopo-da-semana-vem-carregado-de-emocoes\/\"},\"wordCount\":548,\"publisher\":{\"@id\":\"https:\/\/www.notibras.com\/site\/#organization\"},\"image\":{\"@id\":\"https:\/\/www.notibras.com\/site\/horoscopo-da-semana-vem-carregado-de-emocoes\/#primaryimage\"},\"thumbnailUrl\":\"https:\/\/www.notibras.com\/site\/wp-content\/uploads\/2025\/11\/4dac2d16-6532-445b-b275-68a926d92d59.png\",\"articleSection\":[\"Or\u00e1culos\"],\"inLanguage\":\"pt-BR\"},{\"@type\":\"WebPage\",\"@id\":\"https:\/\/www.notibras.com\/site\/horoscopo-da-semana-vem-carregado-de-emocoes\/\",\"url\":\"https:\/\/www.notibras.com\/site\/horoscopo-da-semana-vem-carregado-de-emocoes\/\",\"name\":\"Hor\u00f3scopo da semana vem carregado de emo\u00e7\u00f5es - Notibras\",\"isPartOf\":{\"@id\":\"https:\/\/www.notibras.com\/site\/#website\"},\"primaryImageOfPage\":{\"@id\":\"https:\/\/www.notibras.com\/site\/horoscopo-da-semana-vem-carregado-de-emocoes\/#primaryimage\"},\"image\":{\"@id\":\"https:\/\/www.notibras.com\/site\/horoscopo-da-semana-vem-carregado-de-emocoes\/#primaryimage\"},\"thumbnailUrl\":\"https:\/\/www.notibras.com\/site\/wp-content\/uploads\/2025\/11\/4dac2d16-6532-445b-b275-68a926d92d59.png\",\"datePublished\":\"2025-11-23T04:31:42+00:00\",\"dateModified\":\"2025-11-23T20:13:49+00:00\",\"breadcrumb\":{\"@id\":\"https:\/\/www.notibras.com\/site\/horoscopo-da-semana-vem-carregado-de-emocoes\/#breadcrumb\"},\"inLanguage\":\"pt-BR\",\"potentialAction\":[{\"@type\":\"ReadAction\",\"target\":[\"https:\/\/www.notibras.com\/site\/horoscopo-da-semana-vem-carregado-de-emocoes\/\"]}]},{\"@type\":\"ImageObject\",\"inLanguage\":\"pt-BR\",\"@id\":\"https:\/\/www.notibras.com\/site\/horoscopo-da-semana-vem-carregado-de-emocoes\/#primaryimage\",\"url\":\"https:\/\/www.notibras.com\/site\/wp-content\/uploads\/2025\/11\/4dac2d16-6532-445b-b275-68a926d92d59.png\",\"contentUrl\":\"https:\/\/www.notibras.com\/site\/wp-content\/uploads\/2025\/11\/4dac2d16-6532-445b-b275-68a926d92d59.png\",\"width\":1536,\"height\":1024},{\"@type\":\"BreadcrumbList\",\"@id\":\"https:\/\/www.notibras.com\/site\/horoscopo-da-semana-vem-carregado-de-emocoes\/#breadcrumb\",\"itemListElement\":[{\"@type\":\"ListItem\",\"position\":1,\"name\":\"In\u00edcio\",\"item\":\"https:\/\/www.notibras.com\/site\/\"},{\"@type\":\"ListItem\",\"position\":2,\"name\":\"Hor\u00f3scopo da semana vem carregado de emo\u00e7\u00f5es\"}]},{\"@type\":\"WebSite\",\"@id\":\"https:\/\/www.notibras.com\/site\/#website\",\"url\":\"https:\/\/www.notibras.com\/site\/\",\"name\":\"Notibras\",\"description\":\"Not\u00edcias de Bras\u00edlia, do Brasil e do Mundo\",\"publisher\":{\"@id\":\"https:\/\/www.notibras.com\/site\/#organization\"},\"potentialAction\":[{\"@type\":\"SearchAction\",\"target\":{\"@type\":\"EntryPoint\",\"urlTemplate\":\"https:\/\/www.notibras.com\/site\/?s={search_term_string}\"},\"query-input\":{\"@type\":\"PropertyValueSpecification\",\"valueRequired\":true,\"valueName\":\"search_term_string\"}}],\"inLanguage\":\"pt-BR\"},{\"@type\":\"Organization\",\"@id\":\"https:\/\/www.notibras.com\/site\/#organization\",\"name\":\"Grupo Notibras de Comunica\u00e7\u00e3o\",\"url\":\"https:\/\/www.notibras.com\/site\/\",\"logo\":{\"@type\":\"ImageObject\",\"inLanguage\":\"pt-BR\",\"@id\":\"https:\/\/www.notibras.com\/site\/#\/schema\/logo\/image\/\",\"url\":\"https:\/\/www.notibras.com\/site\/wp-content\/uploads\/2023\/01\/notibras23.png\",\"contentUrl\":\"https:\/\/www.notibras.com\/site\/wp-content\/uploads\/2023\/01\/notibras23.png\",\"width\":350,\"height\":87,\"caption\":\"Grupo Notibras de Comunica\u00e7\u00e3o\"},\"image\":{\"@id\":\"https:\/\/www.notibras.com\/site\/#\/schema\/logo\/image\/\"},\"sameAs\":[\"https:\/\/www.facebook.com\/notibras\/\",\"https:\/\/x.com\/Notibras\",\"https:\/\/www.instagram.com\/notibras\/\"]},{\"@type\":\"Person\",\"@id\":\"https:\/\/www.notibras.com\/site\/#\/schema\/person\/36ab0979449956132d3e5b517ea76ac8\",\"name\":\"Reda\u00e7\u00e3o\",\"image\":{\"@type\":\"ImageObject\",\"inLanguage\":\"pt-BR\",\"@id\":\"https:\/\/secure.gravatar.com\/avatar\/e0a867bdedb85fd243eadf09663511f96fc81e0720a4a42581f334ad4303aa6b?s=96&d=mm&r=g\",\"url\":\"https:\/\/secure.gravatar.com\/avatar\/e0a867bdedb85fd243eadf09663511f96fc81e0720a4a42581f334ad4303aa6b?s=96&d=mm&r=g\",\"contentUrl\":\"https:\/\/secure.gravatar.com\/avatar\/e0a867bdedb85fd243eadf09663511f96fc81e0720a4a42581f334ad4303aa6b?s=96&d=mm&r=g\",\"caption\":\"Reda\u00e7\u00e3o\"}}]}<\/script>\n<!-- \/ Yoast SEO plugin. -->","yoast_head_json":{"title":"Hor\u00f3scopo da semana vem carregado de emo\u00e7\u00f5es - Notibras","robots":{"index":"index","follow":"follow","max-snippet":"max-snippet:-1","max-image-preview":"max-image-preview:large","max-video-preview":"max-video-preview:-1"},"canonical":"https:\/\/www.notibras.com\/site\/horoscopo-da-semana-vem-carregado-de-emocoes\/","og_locale":"pt_BR","og_type":"article","og_title":"Hor\u00f3scopo da semana vem carregado de emo\u00e7\u00f5es - Notibras","og_description":"A semana come\u00e7a sob uma vibra\u00e7\u00e3o intensa de reorganiza\u00e7\u00e3o emocional. O Sol segue firme em Sagit\u00e1rio, acendendo o desejo de expans\u00f5es, viagens, novas ideias e liberdade. Mas Marte tensiona aspectos da Lua logo nos primeiros dias, trazendo momentos de impulsividade \u2014 e pedindo cuidado nas respostas r\u00e1pidas ou julgamentos precipitados. V\u00eanus harmoniza rela\u00e7\u00f5es a partir [&hellip;]","og_url":"https:\/\/www.notibras.com\/site\/horoscopo-da-semana-vem-carregado-de-emocoes\/","og_site_name":"Notibras","article_publisher":"https:\/\/www.facebook.com\/notibras\/","article_published_time":"2025-11-23T04:31:42+00:00","article_modified_time":"2025-11-23T20:13:49+00:00","og_image":[{"width":1024,"height":683,"url":"https:\/\/www.notibras.com\/site\/wp-content\/uploads\/2025\/11\/4dac2d16-6532-445b-b275-68a926d92d59-1024x683.png","type":"image\/png"}],"author":"Reda\u00e7\u00e3o","twitter_card":"summary_large_image","twitter_creator":"@Notibras","twitter_site":"@Notibras","twitter_misc":{"Escrito por":"Reda\u00e7\u00e3o","Est. tempo de leitura":"3 minutos"},"schema":{"@context":"https:\/\/schema.org","@graph":[{"@type":"Article","@id":"https:\/\/www.notibras.com\/site\/horoscopo-da-semana-vem-carregado-de-emocoes\/#article","isPartOf":{"@id":"https:\/\/www.notibras.com\/site\/horoscopo-da-semana-vem-carregado-de-emocoes\/"},"author":{"name":"Reda\u00e7\u00e3o","@id":"https:\/\/www.notibras.com\/site\/#\/schema\/person\/36ab0979449956132d3e5b517ea76ac8"},"headline":"Hor\u00f3scopo da semana vem carregado de emo\u00e7\u00f5es","datePublished":"2025-11-23T04:31:42+00:00","dateModified":"2025-11-23T20:13:49+00:00","mainEntityOfPage":{"@id":"https:\/\/www.notibras.com\/site\/horoscopo-da-semana-vem-carregado-de-emocoes\/"},"wordCount":548,"publisher":{"@id":"https:\/\/www.notibras.com\/site\/#organization"},"image":{"@id":"https:\/\/www.notibras.com\/site\/horoscopo-da-semana-vem-carregado-de-emocoes\/#primaryimage"},"thumbnailUrl":"https:\/\/www.notibras.com\/site\/wp-content\/uploads\/2025\/11\/4dac2d16-6532-445b-b275-68a926d92d59.png","articleSection":["Or\u00e1culos"],"inLanguage":"pt-BR"},{"@type":"WebPage","@id":"https:\/\/www.notibras.com\/site\/horoscopo-da-semana-vem-carregado-de-emocoes\/","url":"https:\/\/www.notibras.com\/site\/horoscopo-da-semana-vem-carregado-de-emocoes\/","name":"Hor\u00f3scopo da semana vem carregado de emo\u00e7\u00f5es - Notibras","isPartOf":{"@id":"https:\/\/www.notibras.com\/site\/#website"},"primaryImageOfPage":{"@id":"https:\/\/www.notibras.com\/site\/horoscopo-da-semana-vem-carregado-de-emocoes\/#primaryimage"},"image":{"@id":"https:\/\/www.notibras.com\/site\/horoscopo-da-semana-vem-carregado-de-emocoes\/#primaryimage"},"thumbnailUrl":"https:\/\/www.notibras.com\/site\/wp-content\/uploads\/2025\/11\/4dac2d16-6532-445b-b275-68a926d92d59.png","datePublished":"2025-11-23T04:31:42+00:00","dateModified":"2025-11-23T20:13:49+00:00","breadcrumb":{"@id":"https:\/\/www.notibras.com\/site\/horoscopo-da-semana-vem-carregado-de-emocoes\/#breadcrumb"},"inLanguage":"pt-BR","potentialAction":[{"@type":"ReadAction","target":["https:\/\/www.notibras.com\/site\/horoscopo-da-semana-vem-carregado-de-emocoes\/"]}]},{"@type":"ImageObject","inLanguage":"pt-BR","@id":"https:\/\/www.notibras.com\/site\/horoscopo-da-semana-vem-carregado-de-emocoes\/#primaryimage","url":"https:\/\/www.notibras.com\/site\/wp-content\/uploads\/2025\/11\/4dac2d16-6532-445b-b275-68a926d92d59.png","contentUrl":"https:\/\/www.notibras.com\/site\/wp-content\/uploads\/2025\/11\/4dac2d16-6532-445b-b275-68a926d92d59.png","width":1536,"height":1024},{"@type":"BreadcrumbList","@id":"https:\/\/www.notibras.com\/site\/horoscopo-da-semana-vem-carregado-de-emocoes\/#breadcrumb","itemListElement":[{"@type":"ListItem","position":1,"name":"In\u00edcio","item":"https:\/\/www.notibras.com\/site\/"},{"@type":"ListItem","position":2,"name":"Hor\u00f3scopo da semana vem carregado de emo\u00e7\u00f5es"}]},{"@type":"WebSite","@id":"https:\/\/www.notibras.com\/site\/#website","url":"https:\/\/www.notibras.com\/site\/","name":"Notibras","description":"Not\u00edcias de Bras\u00edlia, do Brasil e do Mundo","publisher":{"@id":"https:\/\/www.notibras.com\/site\/#organization"},"potentialAction":[{"@type":"SearchAction","target":{"@type":"EntryPoint","urlTemplate":"https:\/\/www.notibras.com\/site\/?s={search_term_string}"},"query-input":{"@type":"PropertyValueSpecification","valueRequired":true,"valueName":"search_term_string"}}],"inLanguage":"pt-BR"},{"@type":"Organization","@id":"https:\/\/www.notibras.com\/site\/#organization","name":"Grupo Notibras de Comunica\u00e7\u00e3o","url":"https:\/\/www.notibras.com\/site\/","logo":{"@type":"ImageObject","inLanguage":"pt-BR","@id":"https:\/\/www.notibras.com\/site\/#\/schema\/logo\/image\/","url":"https:\/\/www.notibras.com\/site\/wp-content\/uploads\/2023\/01\/notibras23.png","contentUrl":"https:\/\/www.notibras.com\/site\/wp-content\/uploads\/2023\/01\/notibras23.png","width":350,"height":87,"caption":"Grupo Notibras de Comunica\u00e7\u00e3o"},"image":{"@id":"https:\/\/www.notibras.com\/site\/#\/schema\/logo\/image\/"},"sameAs":["https:\/\/www.facebook.com\/notibras\/","https:\/\/x.com\/Notibras","https:\/\/www.instagram.com\/notibras\/"]},{"@type":"Person","@id":"https:\/\/www.notibras.com\/site\/#\/schema\/person\/36ab0979449956132d3e5b517ea76ac8","name":"Reda\u00e7\u00e3o","image":{"@type":"ImageObject","inLanguage":"pt-BR","@id":"https:\/\/secure.gravatar.com\/avatar\/e0a867bdedb85fd243eadf09663511f96fc81e0720a4a42581f334ad4303aa6b?s=96&d=mm&r=g","url":"https:\/\/secure.gravatar.com\/avatar\/e0a867bdedb85fd243eadf09663511f96fc81e0720a4a42581f334ad4303aa6b?s=96&d=mm&r=g","contentUrl":"https:\/\/secure.gravatar.com\/avatar\/e0a867bdedb85fd243eadf09663511f96fc81e0720a4a42581f334ad4303aa6b?s=96&d=mm&r=g","caption":"Reda\u00e7\u00e3o"}}]}},"amp_enabled":true,"_links":{"self":[{"href":"https:\/\/www.notibras.com\/site\/wp-json\/wp\/v2\/posts\/371972","targetHints":{"allow":["GET"]}}],"collection":[{"href":"https:\/\/www.notibras.com\/site\/wp-json\/wp\/v2\/posts"}],"about":[{"href":"https:\/\/www.notibras.com\/site\/wp-json\/wp\/v2\/types\/post"}],"author":[{"embeddable":true,"href":"https:\/\/www.notibras.com\/site\/wp-json\/wp\/v2\/users\/2"}],"replies":[{"embeddable":true,"href":"https:\/\/www.notibras.com\/site\/wp-json\/wp\/v2\/comments?post=371972"}],"version-history":[{"count":2,"href":"https:\/\/www.notibras.com\/site\/wp-json\/wp\/v2\/posts\/371972\/revisions"}],"predecessor-version":[{"id":372004,"href":"https:\/\/www.notibras.com\/site\/wp-json\/wp\/v2\/posts\/371972\/revisions\/372004"}],"wp:featuredmedia":[{"embeddable":true,"href":"https:\/\/www.notibras.com\/site\/wp-json\/wp\/v2\/media\/371973"}],"wp:attachment":[{"href":"https:\/\/www.notibras.com\/site\/wp-json\/wp\/v2\/media?parent=371972"}],"wp:term":[{"taxonomy":"category","embeddable":true,"href":"https:\/\/www.notibras.com\/site\/wp-json\/wp\/v2\/categories?post=371972"},{"taxonomy":"post_tag","embeddable":true,"href":"https:\/\/www.notibras.com\/site\/wp-json\/wp\/v2\/tags?post=371972"}],"curies":[{"name":"wp","href":"https:\/\/api.w.org\/{rel}","templated":true}]}}