{"id":37198,"date":"2015-02-15T12:22:14","date_gmt":"2015-02-15T15:22:14","guid":{"rendered":"http:\/\/www.notibras.com\/site\/?p=37198"},"modified":"2015-02-15T12:23:46","modified_gmt":"2015-02-15T15:23:46","slug":"homem-da-meia-noite-sai-da-toca-para-eternizar-carnaval-de-olinda","status":"publish","type":"post","link":"https:\/\/www.notibras.com\/site\/homem-da-meia-noite-sai-da-toca-para-eternizar-carnaval-de-olinda\/","title":{"rendered":"Homem da Meia Noite sai da toca e eterniza o carnaval de olindenses"},"content":{"rendered":"<p>O Homem da Meia-Noite faz quest\u00e3o de manter a tradi\u00e7\u00e3o do carnaval de Olinda. E por isso, pontualmente, \u00e0 0h deste domingo (15), pela 83\u00aa vez, cruzou a porta da sede do seu &#8220;Clube de Alegoria e Cr\u00edtica&#8221;, no Largo do Bonsucesso, encantando uma multid\u00e3o, que aguardava ansiosa que ele aparecesse.<\/p>\n<p>Este ano o clube desfilou com o tema \u201cO m\u00edstico, o m\u00e1gico e o fant\u00e1stico\u201d. O traje (camisa verde-escura e fraque preto), foi confeccionado pelo artista pl\u00e1stico olindense Jo\u00e3o Andrade. E imponente, logo o calunga ganhou as ruas, que parecem ficar mais cheias a cada ano.<\/p>\n<p>Sob a reg\u00eancia dos maestros Carlos (oficial da agremia\u00e7\u00e3o) e Forr\u00f3, a orquestra do Gigante emocionou a todos com os versos do hino do clube. Artistas como Conxitas e o grupo Flor da Lira participaram da festa e homenagearam sua presen\u00e7a.<\/p>\n<p>O presidente da agremia\u00e7\u00e3o, Luiz Adolpho Alves, n\u00e3o escondia a emo\u00e7\u00e3o de, mais uma vez, poder ver o sucesso do Gigante na rua. E tinha certeza de que foi superada a expectativa dos organizadores de arrastar 400 mil foli\u00f5es.<\/p>\n<blockquote><p>&#8220;Este ano a quantidade de gente surpreendeu. Sem d\u00favida tivemos um p\u00fablico ainda maior nas ruas. \u00c9 muito gratificante, \u00e9 m\u00e1gico ver esse carinho que o povo tem pelo calunga&#8221;, afirmou.<\/p><\/blockquote>\n<p>A professora Elisabete Chagas acompanha o desfile h\u00e1 mais de duas d\u00e9cadas. Levava as filhas desde quando elas eram crian\u00e7as. Desde o ano passado leva tamb\u00e9m o neto, agora com um ano e tr\u00eas meses.<\/p>\n<p>&#8220;No desfile de 2014 ele (o menino) chamou aten\u00e7\u00e3o das pessoas, porque ainda estava muito novinho e mesmo assim trouxemos. \u00c9 uma tradi\u00e7\u00e3o da nossa fam\u00edlia. E, quando o calunga passa, n\u00e3o h\u00e1 quem segure as l\u00e1grimas&#8221;, conta.<\/p>\n","protected":false},"excerpt":{"rendered":"<p>O Homem da Meia-Noite faz quest\u00e3o de manter a tradi\u00e7\u00e3o do carnaval de Olinda. E por isso, pontualmente, \u00e0 0h deste domingo (15), pela 83\u00aa vez, cruzou a porta da sede do seu &#8220;Clube de Alegoria e Cr\u00edtica&#8221;, no Largo do Bonsucesso, encantando uma multid\u00e3o, que aguardava ansiosa que ele aparecesse. Este ano o clube [&hellip;]<\/p>\n","protected":false},"author":2,"featured_media":37199,"comment_status":"open","ping_status":"closed","sticky":false,"template":"","format":"standard","meta":{"_acf_changed":false,"footnotes":""},"categories":[16],"tags":[],"class_list":["post-37198","post","type-post","status-publish","format-standard","has-post-thumbnail","hentry","category-brasil"],"acf":[],"yoast_head":"<!-- This site is optimized with the Yoast SEO plugin v27.2 - https:\/\/yoast.com\/product\/yoast-seo-wordpress\/ -->\n<title>Homem da Meia Noite sai da toca e eterniza o carnaval de olindenses - Notibras<\/title>\n<meta name=\"robots\" content=\"index, follow, max-snippet:-1, max-image-preview:large, max-video-preview:-1\" \/>\n<link rel=\"canonical\" href=\"https:\/\/www.notibras.com\/site\/homem-da-meia-noite-sai-da-toca-para-eternizar-carnaval-de-olinda\/\" \/>\n<meta property=\"og:locale\" content=\"pt_BR\" \/>\n<meta property=\"og:type\" content=\"article\" \/>\n<meta property=\"og:title\" content=\"Homem da Meia Noite sai da toca e eterniza o carnaval de olindenses - Notibras\" \/>\n<meta property=\"og:description\" content=\"O Homem da Meia-Noite faz quest\u00e3o de manter a tradi\u00e7\u00e3o do carnaval de Olinda. E por isso, pontualmente, \u00e0 0h deste domingo (15), pela 83\u00aa vez, cruzou a porta da sede do seu &#8220;Clube de Alegoria e Cr\u00edtica&#8221;, no Largo do Bonsucesso, encantando uma multid\u00e3o, que aguardava ansiosa que ele aparecesse. Este ano o clube [&hellip;]\" \/>\n<meta property=\"og:url\" content=\"https:\/\/www.notibras.com\/site\/homem-da-meia-noite-sai-da-toca-para-eternizar-carnaval-de-olinda\/\" \/>\n<meta property=\"og:site_name\" content=\"Notibras\" \/>\n<meta property=\"article:publisher\" content=\"https:\/\/www.facebook.com\/notibras\/\" \/>\n<meta property=\"article:published_time\" content=\"2015-02-15T15:22:14+00:00\" \/>\n<meta property=\"article:modified_time\" content=\"2015-02-15T15:23:46+00:00\" \/>\n<meta property=\"og:image\" content=\"https:\/\/www.notibras.com\/site\/wp-content\/uploads\/2015\/02\/olin.jpg\" \/>\n\t<meta property=\"og:image:width\" content=\"1000\" \/>\n\t<meta property=\"og:image:height\" content=\"670\" \/>\n\t<meta property=\"og:image:type\" content=\"image\/jpeg\" \/>\n<meta name=\"author\" content=\"Reda\u00e7\u00e3o\" \/>\n<meta name=\"twitter:card\" content=\"summary_large_image\" \/>\n<meta name=\"twitter:creator\" content=\"@Notibras\" \/>\n<meta name=\"twitter:site\" content=\"@Notibras\" \/>\n<meta name=\"twitter:label1\" content=\"Escrito por\" \/>\n\t<meta name=\"twitter:data1\" content=\"Reda\u00e7\u00e3o\" \/>\n\t<meta name=\"twitter:label2\" content=\"Est. tempo de leitura\" \/>\n\t<meta name=\"twitter:data2\" content=\"2 minutos\" \/>\n<script type=\"application\/ld+json\" class=\"yoast-schema-graph\">{\"@context\":\"https:\/\/schema.org\",\"@graph\":[{\"@type\":\"Article\",\"@id\":\"https:\/\/www.notibras.com\/site\/homem-da-meia-noite-sai-da-toca-para-eternizar-carnaval-de-olinda\/#article\",\"isPartOf\":{\"@id\":\"https:\/\/www.notibras.com\/site\/homem-da-meia-noite-sai-da-toca-para-eternizar-carnaval-de-olinda\/\"},\"author\":{\"name\":\"Reda\u00e7\u00e3o\",\"@id\":\"https:\/\/www.notibras.com\/site\/#\/schema\/person\/36ab0979449956132d3e5b517ea76ac8\"},\"headline\":\"Homem da Meia Noite sai da toca e eterniza o carnaval de olindenses\",\"datePublished\":\"2015-02-15T15:22:14+00:00\",\"dateModified\":\"2015-02-15T15:23:46+00:00\",\"mainEntityOfPage\":{\"@id\":\"https:\/\/www.notibras.com\/site\/homem-da-meia-noite-sai-da-toca-para-eternizar-carnaval-de-olinda\/\"},\"wordCount\":314,\"commentCount\":0,\"publisher\":{\"@id\":\"https:\/\/www.notibras.com\/site\/#organization\"},\"image\":{\"@id\":\"https:\/\/www.notibras.com\/site\/homem-da-meia-noite-sai-da-toca-para-eternizar-carnaval-de-olinda\/#primaryimage\"},\"thumbnailUrl\":\"https:\/\/www.notibras.com\/site\/wp-content\/uploads\/2015\/02\/olin.jpg\",\"articleSection\":[\"Brasil\"],\"inLanguage\":\"pt-BR\",\"potentialAction\":[{\"@type\":\"CommentAction\",\"name\":\"Comment\",\"target\":[\"https:\/\/www.notibras.com\/site\/homem-da-meia-noite-sai-da-toca-para-eternizar-carnaval-de-olinda\/#respond\"]}]},{\"@type\":\"WebPage\",\"@id\":\"https:\/\/www.notibras.com\/site\/homem-da-meia-noite-sai-da-toca-para-eternizar-carnaval-de-olinda\/\",\"url\":\"https:\/\/www.notibras.com\/site\/homem-da-meia-noite-sai-da-toca-para-eternizar-carnaval-de-olinda\/\",\"name\":\"Homem da Meia Noite sai da toca e eterniza o carnaval de olindenses - Notibras\",\"isPartOf\":{\"@id\":\"https:\/\/www.notibras.com\/site\/#website\"},\"primaryImageOfPage\":{\"@id\":\"https:\/\/www.notibras.com\/site\/homem-da-meia-noite-sai-da-toca-para-eternizar-carnaval-de-olinda\/#primaryimage\"},\"image\":{\"@id\":\"https:\/\/www.notibras.com\/site\/homem-da-meia-noite-sai-da-toca-para-eternizar-carnaval-de-olinda\/#primaryimage\"},\"thumbnailUrl\":\"https:\/\/www.notibras.com\/site\/wp-content\/uploads\/2015\/02\/olin.jpg\",\"datePublished\":\"2015-02-15T15:22:14+00:00\",\"dateModified\":\"2015-02-15T15:23:46+00:00\",\"breadcrumb\":{\"@id\":\"https:\/\/www.notibras.com\/site\/homem-da-meia-noite-sai-da-toca-para-eternizar-carnaval-de-olinda\/#breadcrumb\"},\"inLanguage\":\"pt-BR\",\"potentialAction\":[{\"@type\":\"ReadAction\",\"target\":[\"https:\/\/www.notibras.com\/site\/homem-da-meia-noite-sai-da-toca-para-eternizar-carnaval-de-olinda\/\"]}]},{\"@type\":\"ImageObject\",\"inLanguage\":\"pt-BR\",\"@id\":\"https:\/\/www.notibras.com\/site\/homem-da-meia-noite-sai-da-toca-para-eternizar-carnaval-de-olinda\/#primaryimage\",\"url\":\"https:\/\/www.notibras.com\/site\/wp-content\/uploads\/2015\/02\/olin.jpg\",\"contentUrl\":\"https:\/\/www.notibras.com\/site\/wp-content\/uploads\/2015\/02\/olin.jpg\",\"width\":1000,\"height\":670},{\"@type\":\"BreadcrumbList\",\"@id\":\"https:\/\/www.notibras.com\/site\/homem-da-meia-noite-sai-da-toca-para-eternizar-carnaval-de-olinda\/#breadcrumb\",\"itemListElement\":[{\"@type\":\"ListItem\",\"position\":1,\"name\":\"In\u00edcio\",\"item\":\"https:\/\/www.notibras.com\/site\/\"},{\"@type\":\"ListItem\",\"position\":2,\"name\":\"Homem da Meia Noite sai da toca e eterniza o carnaval de olindenses\"}]},{\"@type\":\"WebSite\",\"@id\":\"https:\/\/www.notibras.com\/site\/#website\",\"url\":\"https:\/\/www.notibras.com\/site\/\",\"name\":\"Notibras\",\"description\":\"Not\u00edcias de Bras\u00edlia, do Brasil e do Mundo\",\"publisher\":{\"@id\":\"https:\/\/www.notibras.com\/site\/#organization\"},\"potentialAction\":[{\"@type\":\"SearchAction\",\"target\":{\"@type\":\"EntryPoint\",\"urlTemplate\":\"https:\/\/www.notibras.com\/site\/?s={search_term_string}\"},\"query-input\":{\"@type\":\"PropertyValueSpecification\",\"valueRequired\":true,\"valueName\":\"search_term_string\"}}],\"inLanguage\":\"pt-BR\"},{\"@type\":\"Organization\",\"@id\":\"https:\/\/www.notibras.com\/site\/#organization\",\"name\":\"Grupo Notibras de Comunica\u00e7\u00e3o\",\"url\":\"https:\/\/www.notibras.com\/site\/\",\"logo\":{\"@type\":\"ImageObject\",\"inLanguage\":\"pt-BR\",\"@id\":\"https:\/\/www.notibras.com\/site\/#\/schema\/logo\/image\/\",\"url\":\"https:\/\/www.notibras.com\/site\/wp-content\/uploads\/2023\/01\/notibras23.png\",\"contentUrl\":\"https:\/\/www.notibras.com\/site\/wp-content\/uploads\/2023\/01\/notibras23.png\",\"width\":350,\"height\":87,\"caption\":\"Grupo Notibras de Comunica\u00e7\u00e3o\"},\"image\":{\"@id\":\"https:\/\/www.notibras.com\/site\/#\/schema\/logo\/image\/\"},\"sameAs\":[\"https:\/\/www.facebook.com\/notibras\/\",\"https:\/\/x.com\/Notibras\",\"https:\/\/www.instagram.com\/notibras\/\"]},{\"@type\":\"Person\",\"@id\":\"https:\/\/www.notibras.com\/site\/#\/schema\/person\/36ab0979449956132d3e5b517ea76ac8\",\"name\":\"Reda\u00e7\u00e3o\",\"image\":{\"@type\":\"ImageObject\",\"inLanguage\":\"pt-BR\",\"@id\":\"https:\/\/secure.gravatar.com\/avatar\/e0a867bdedb85fd243eadf09663511f96fc81e0720a4a42581f334ad4303aa6b?s=96&d=mm&r=g\",\"url\":\"https:\/\/secure.gravatar.com\/avatar\/e0a867bdedb85fd243eadf09663511f96fc81e0720a4a42581f334ad4303aa6b?s=96&d=mm&r=g\",\"contentUrl\":\"https:\/\/secure.gravatar.com\/avatar\/e0a867bdedb85fd243eadf09663511f96fc81e0720a4a42581f334ad4303aa6b?s=96&d=mm&r=g\",\"caption\":\"Reda\u00e7\u00e3o\"}}]}<\/script>\n<!-- \/ Yoast SEO plugin. -->","yoast_head_json":{"title":"Homem da Meia Noite sai da toca e eterniza o carnaval de olindenses - Notibras","robots":{"index":"index","follow":"follow","max-snippet":"max-snippet:-1","max-image-preview":"max-image-preview:large","max-video-preview":"max-video-preview:-1"},"canonical":"https:\/\/www.notibras.com\/site\/homem-da-meia-noite-sai-da-toca-para-eternizar-carnaval-de-olinda\/","og_locale":"pt_BR","og_type":"article","og_title":"Homem da Meia Noite sai da toca e eterniza o carnaval de olindenses - Notibras","og_description":"O Homem da Meia-Noite faz quest\u00e3o de manter a tradi\u00e7\u00e3o do carnaval de Olinda. E por isso, pontualmente, \u00e0 0h deste domingo (15), pela 83\u00aa vez, cruzou a porta da sede do seu &#8220;Clube de Alegoria e Cr\u00edtica&#8221;, no Largo do Bonsucesso, encantando uma multid\u00e3o, que aguardava ansiosa que ele aparecesse. Este ano o clube [&hellip;]","og_url":"https:\/\/www.notibras.com\/site\/homem-da-meia-noite-sai-da-toca-para-eternizar-carnaval-de-olinda\/","og_site_name":"Notibras","article_publisher":"https:\/\/www.facebook.com\/notibras\/","article_published_time":"2015-02-15T15:22:14+00:00","article_modified_time":"2015-02-15T15:23:46+00:00","og_image":[{"width":1000,"height":670,"url":"https:\/\/www.notibras.com\/site\/wp-content\/uploads\/2015\/02\/olin.jpg","type":"image\/jpeg"}],"author":"Reda\u00e7\u00e3o","twitter_card":"summary_large_image","twitter_creator":"@Notibras","twitter_site":"@Notibras","twitter_misc":{"Escrito por":"Reda\u00e7\u00e3o","Est. tempo de leitura":"2 minutos"},"schema":{"@context":"https:\/\/schema.org","@graph":[{"@type":"Article","@id":"https:\/\/www.notibras.com\/site\/homem-da-meia-noite-sai-da-toca-para-eternizar-carnaval-de-olinda\/#article","isPartOf":{"@id":"https:\/\/www.notibras.com\/site\/homem-da-meia-noite-sai-da-toca-para-eternizar-carnaval-de-olinda\/"},"author":{"name":"Reda\u00e7\u00e3o","@id":"https:\/\/www.notibras.com\/site\/#\/schema\/person\/36ab0979449956132d3e5b517ea76ac8"},"headline":"Homem da Meia Noite sai da toca e eterniza o carnaval de olindenses","datePublished":"2015-02-15T15:22:14+00:00","dateModified":"2015-02-15T15:23:46+00:00","mainEntityOfPage":{"@id":"https:\/\/www.notibras.com\/site\/homem-da-meia-noite-sai-da-toca-para-eternizar-carnaval-de-olinda\/"},"wordCount":314,"commentCount":0,"publisher":{"@id":"https:\/\/www.notibras.com\/site\/#organization"},"image":{"@id":"https:\/\/www.notibras.com\/site\/homem-da-meia-noite-sai-da-toca-para-eternizar-carnaval-de-olinda\/#primaryimage"},"thumbnailUrl":"https:\/\/www.notibras.com\/site\/wp-content\/uploads\/2015\/02\/olin.jpg","articleSection":["Brasil"],"inLanguage":"pt-BR","potentialAction":[{"@type":"CommentAction","name":"Comment","target":["https:\/\/www.notibras.com\/site\/homem-da-meia-noite-sai-da-toca-para-eternizar-carnaval-de-olinda\/#respond"]}]},{"@type":"WebPage","@id":"https:\/\/www.notibras.com\/site\/homem-da-meia-noite-sai-da-toca-para-eternizar-carnaval-de-olinda\/","url":"https:\/\/www.notibras.com\/site\/homem-da-meia-noite-sai-da-toca-para-eternizar-carnaval-de-olinda\/","name":"Homem da Meia Noite sai da toca e eterniza o carnaval de olindenses - Notibras","isPartOf":{"@id":"https:\/\/www.notibras.com\/site\/#website"},"primaryImageOfPage":{"@id":"https:\/\/www.notibras.com\/site\/homem-da-meia-noite-sai-da-toca-para-eternizar-carnaval-de-olinda\/#primaryimage"},"image":{"@id":"https:\/\/www.notibras.com\/site\/homem-da-meia-noite-sai-da-toca-para-eternizar-carnaval-de-olinda\/#primaryimage"},"thumbnailUrl":"https:\/\/www.notibras.com\/site\/wp-content\/uploads\/2015\/02\/olin.jpg","datePublished":"2015-02-15T15:22:14+00:00","dateModified":"2015-02-15T15:23:46+00:00","breadcrumb":{"@id":"https:\/\/www.notibras.com\/site\/homem-da-meia-noite-sai-da-toca-para-eternizar-carnaval-de-olinda\/#breadcrumb"},"inLanguage":"pt-BR","potentialAction":[{"@type":"ReadAction","target":["https:\/\/www.notibras.com\/site\/homem-da-meia-noite-sai-da-toca-para-eternizar-carnaval-de-olinda\/"]}]},{"@type":"ImageObject","inLanguage":"pt-BR","@id":"https:\/\/www.notibras.com\/site\/homem-da-meia-noite-sai-da-toca-para-eternizar-carnaval-de-olinda\/#primaryimage","url":"https:\/\/www.notibras.com\/site\/wp-content\/uploads\/2015\/02\/olin.jpg","contentUrl":"https:\/\/www.notibras.com\/site\/wp-content\/uploads\/2015\/02\/olin.jpg","width":1000,"height":670},{"@type":"BreadcrumbList","@id":"https:\/\/www.notibras.com\/site\/homem-da-meia-noite-sai-da-toca-para-eternizar-carnaval-de-olinda\/#breadcrumb","itemListElement":[{"@type":"ListItem","position":1,"name":"In\u00edcio","item":"https:\/\/www.notibras.com\/site\/"},{"@type":"ListItem","position":2,"name":"Homem da Meia Noite sai da toca e eterniza o carnaval de olindenses"}]},{"@type":"WebSite","@id":"https:\/\/www.notibras.com\/site\/#website","url":"https:\/\/www.notibras.com\/site\/","name":"Notibras","description":"Not\u00edcias de Bras\u00edlia, do Brasil e do Mundo","publisher":{"@id":"https:\/\/www.notibras.com\/site\/#organization"},"potentialAction":[{"@type":"SearchAction","target":{"@type":"EntryPoint","urlTemplate":"https:\/\/www.notibras.com\/site\/?s={search_term_string}"},"query-input":{"@type":"PropertyValueSpecification","valueRequired":true,"valueName":"search_term_string"}}],"inLanguage":"pt-BR"},{"@type":"Organization","@id":"https:\/\/www.notibras.com\/site\/#organization","name":"Grupo Notibras de Comunica\u00e7\u00e3o","url":"https:\/\/www.notibras.com\/site\/","logo":{"@type":"ImageObject","inLanguage":"pt-BR","@id":"https:\/\/www.notibras.com\/site\/#\/schema\/logo\/image\/","url":"https:\/\/www.notibras.com\/site\/wp-content\/uploads\/2023\/01\/notibras23.png","contentUrl":"https:\/\/www.notibras.com\/site\/wp-content\/uploads\/2023\/01\/notibras23.png","width":350,"height":87,"caption":"Grupo Notibras de Comunica\u00e7\u00e3o"},"image":{"@id":"https:\/\/www.notibras.com\/site\/#\/schema\/logo\/image\/"},"sameAs":["https:\/\/www.facebook.com\/notibras\/","https:\/\/x.com\/Notibras","https:\/\/www.instagram.com\/notibras\/"]},{"@type":"Person","@id":"https:\/\/www.notibras.com\/site\/#\/schema\/person\/36ab0979449956132d3e5b517ea76ac8","name":"Reda\u00e7\u00e3o","image":{"@type":"ImageObject","inLanguage":"pt-BR","@id":"https:\/\/secure.gravatar.com\/avatar\/e0a867bdedb85fd243eadf09663511f96fc81e0720a4a42581f334ad4303aa6b?s=96&d=mm&r=g","url":"https:\/\/secure.gravatar.com\/avatar\/e0a867bdedb85fd243eadf09663511f96fc81e0720a4a42581f334ad4303aa6b?s=96&d=mm&r=g","contentUrl":"https:\/\/secure.gravatar.com\/avatar\/e0a867bdedb85fd243eadf09663511f96fc81e0720a4a42581f334ad4303aa6b?s=96&d=mm&r=g","caption":"Reda\u00e7\u00e3o"}}]}},"amp_enabled":true,"_links":{"self":[{"href":"https:\/\/www.notibras.com\/site\/wp-json\/wp\/v2\/posts\/37198","targetHints":{"allow":["GET"]}}],"collection":[{"href":"https:\/\/www.notibras.com\/site\/wp-json\/wp\/v2\/posts"}],"about":[{"href":"https:\/\/www.notibras.com\/site\/wp-json\/wp\/v2\/types\/post"}],"author":[{"embeddable":true,"href":"https:\/\/www.notibras.com\/site\/wp-json\/wp\/v2\/users\/2"}],"replies":[{"embeddable":true,"href":"https:\/\/www.notibras.com\/site\/wp-json\/wp\/v2\/comments?post=37198"}],"version-history":[{"count":0,"href":"https:\/\/www.notibras.com\/site\/wp-json\/wp\/v2\/posts\/37198\/revisions"}],"wp:featuredmedia":[{"embeddable":true,"href":"https:\/\/www.notibras.com\/site\/wp-json\/wp\/v2\/media\/37199"}],"wp:attachment":[{"href":"https:\/\/www.notibras.com\/site\/wp-json\/wp\/v2\/media?parent=37198"}],"wp:term":[{"taxonomy":"category","embeddable":true,"href":"https:\/\/www.notibras.com\/site\/wp-json\/wp\/v2\/categories?post=37198"},{"taxonomy":"post_tag","embeddable":true,"href":"https:\/\/www.notibras.com\/site\/wp-json\/wp\/v2\/tags?post=37198"}],"curies":[{"name":"wp","href":"https:\/\/api.w.org\/{rel}","templated":true}]}}