{"id":371992,"date":"2025-11-23T00:00:21","date_gmt":"2025-11-23T03:00:21","guid":{"rendered":"https:\/\/www.notibras.com\/site\/?p=371992"},"modified":"2025-11-23T11:37:48","modified_gmt":"2025-11-23T14:37:48","slug":"embora-denso-e-assustador-sonhar-com-cobras-tem-um-lado-bom","status":"publish","type":"post","link":"https:\/\/www.notibras.com\/site\/embora-denso-e-assustador-sonhar-com-cobras-tem-um-lado-bom\/","title":{"rendered":"Embora denso e assustador, sonhar com cobras tem um lado bom"},"content":{"rendered":"<p>No universo esot\u00e9rico, os sonhos s\u00e3o vistos como portas simb\u00f3licas para o inconsciente e para os planos invis\u00edveis que influenciam a vida cotidiana. Entre os s\u00edmbolos mais impactantes est\u00e1 o ninho de cobras, uma imagem que carrega grande for\u00e7a arquet\u00edpica e que costuma despertar inquieta\u00e7\u00e3o no sonhador. Mas afinal, o que ele realmente significa?<\/p>\n<p>Um ninho, por si s\u00f3, remete \u00e0 ideia de acumula\u00e7\u00e3o, abrigo, multiplicidade. Quando preenchido por cobras, o sonho passa a sugerir a presen\u00e7a de energias densas em torno do sonhador. No esoterismo, a cobra representa for\u00e7as ocultas, inten\u00e7\u00f5es dissimuladas e influ\u00eancias invis\u00edveis.<br \/>\nAssim, sonhar com um grupo delas pode indicar:<\/p>\n<p><strong>circula\u00e7\u00e3o de intrigas ao redor;<\/strong><\/p>\n<p><strong>pessoas movidas por inveja ou falsidade;<\/strong><\/p>\n<p><strong>ambientes carregados, que drenam a energia do indiv\u00edduo.<\/strong><\/p>\n<p>Esse tipo de sonho surge como um sinal de alerta: \u00e9 hora de observar melhor quem se aproxima e refor\u00e7ar os limites pessoais.<\/p>\n<p>No campo espiritualista, um ninho de cobras pode simbolizar tamb\u00e9m ataques energ\u00e9ticos, feiti\u00e7os ou vibra\u00e7\u00f5es negativas direcionadas ao sonhador. \u00c9 como se o inconsciente estivesse captando movimentos do plano sutil antes que eles se manifestem na vida desperta.<\/p>\n<p>Por isso, muitos int\u00e9rpretes esot\u00e9ricos afirmam que esse sonho pede:<\/p>\n<p><strong>banhos de limpeza e descarrego;<\/strong><\/p>\n<p><strong>pr\u00e1ticas de prote\u00e7\u00e3o (como ora\u00e7\u00f5es e velas espec\u00edficas);<\/strong><\/p>\n<p><strong>evitar ambientes pesados ou pessoas manipuladoras.<\/strong><\/p>\n<p>Apesar da conota\u00e7\u00e3o tensa, a cobra \u00e9 tamb\u00e9m um s\u00edmbolo ancestral de renova\u00e7\u00e3o. Sua capacidade de trocar de pele a transforma em met\u00e1fora da mudan\u00e7a inevit\u00e1vel.<\/p>\n<p>Um ninho repleto delas pode indicar que v\u00e1rias transforma\u00e7\u00f5es est\u00e3o ocorrendo simultaneamente \u2014 ou que o sonhador est\u00e1 prestes a romper padr\u00f5es antigos de uma vez s\u00f3.<\/p>\n<p>Esse tipo de sonho costuma aparecer em momentos de:<\/p>\n<p><strong>mudan\u00e7as profissionais, familiares ou emocionais;<\/strong><\/p>\n<p><strong>encerramentos de ciclos;<\/strong><\/p>\n<p><strong>renascimentos espirituais.<\/strong><\/p>\n<p>Em tradi\u00e7\u00f5es m\u00edsticas, as cobras tamb\u00e9m guardam o simbolismo do conhecimento secreto. Assim, se o sonho n\u00e3o provoca medo, mas curiosidade ou neutralidade, o ninho pode representar a amplia\u00e7\u00e3o da percep\u00e7\u00e3o intuitiva.<\/p>\n<p>Nesse caso, o significado \u00e9 positivo: indica que verdades ocultas podem emergir, revela\u00e7\u00f5es podem acontecer e o sonhador est\u00e1 adentrando um campo de maior consci\u00eancia.<\/p>\n<p>Sonhar com um ninho de cobras \u00e9, acima de tudo, um convite \u00e0 observa\u00e7\u00e3o. O simbolismo pode apontar para energias negativas ao redor, mas tamb\u00e9m pode anunciar transforma\u00e7\u00f5es profundas e at\u00e9 mesmo o despertar de uma sabedoria interna que estava adormecida.<\/p>\n<p>Como todo s\u00edmbolo esot\u00e9rico, a interpreta\u00e7\u00e3o final depende da sensa\u00e7\u00e3o vivida no sonho:<br \/>\n<strong>medo revela alerta;<\/strong><br \/>\n<strong>calma, transforma\u00e7\u00e3o;<\/strong><br \/>\n<strong>curiosidade, sabedoria emergente.<\/strong><\/p>\n","protected":false},"excerpt":{"rendered":"<p>No universo esot\u00e9rico, os sonhos s\u00e3o vistos como portas simb\u00f3licas para o inconsciente e para os planos invis\u00edveis que influenciam a vida cotidiana. Entre os s\u00edmbolos mais impactantes est\u00e1 o ninho de cobras, uma imagem que carrega grande for\u00e7a arquet\u00edpica e que costuma despertar inquieta\u00e7\u00e3o no sonhador. Mas afinal, o que ele realmente significa? Um [&hellip;]<\/p>\n","protected":false},"author":2,"featured_media":371993,"comment_status":"closed","ping_status":"closed","sticky":false,"template":"","format":"standard","meta":{"_acf_changed":false,"footnotes":""},"categories":[237],"tags":[],"class_list":["post-371992","post","type-post","status-publish","format-standard","has-post-thumbnail","hentry","category-oraculos"],"acf":[],"yoast_head":"<!-- This site is optimized with the Yoast SEO plugin v27.2 - https:\/\/yoast.com\/product\/yoast-seo-wordpress\/ -->\n<title>Embora denso e assustador, sonhar com cobras tem um lado bom - Notibras<\/title>\n<meta name=\"robots\" content=\"index, follow, max-snippet:-1, max-image-preview:large, max-video-preview:-1\" \/>\n<link rel=\"canonical\" href=\"https:\/\/www.notibras.com\/site\/embora-denso-e-assustador-sonhar-com-cobras-tem-um-lado-bom\/\" \/>\n<meta property=\"og:locale\" content=\"pt_BR\" \/>\n<meta property=\"og:type\" content=\"article\" \/>\n<meta property=\"og:title\" content=\"Embora denso e assustador, sonhar com cobras tem um lado bom - Notibras\" \/>\n<meta property=\"og:description\" content=\"No universo esot\u00e9rico, os sonhos s\u00e3o vistos como portas simb\u00f3licas para o inconsciente e para os planos invis\u00edveis que influenciam a vida cotidiana. Entre os s\u00edmbolos mais impactantes est\u00e1 o ninho de cobras, uma imagem que carrega grande for\u00e7a arquet\u00edpica e que costuma despertar inquieta\u00e7\u00e3o no sonhador. Mas afinal, o que ele realmente significa? Um [&hellip;]\" \/>\n<meta property=\"og:url\" content=\"https:\/\/www.notibras.com\/site\/embora-denso-e-assustador-sonhar-com-cobras-tem-um-lado-bom\/\" \/>\n<meta property=\"og:site_name\" content=\"Notibras\" \/>\n<meta property=\"article:publisher\" content=\"https:\/\/www.facebook.com\/notibras\/\" \/>\n<meta property=\"article:published_time\" content=\"2025-11-23T03:00:21+00:00\" \/>\n<meta property=\"article:modified_time\" content=\"2025-11-23T14:37:48+00:00\" \/>\n<meta property=\"og:image\" content=\"https:\/\/www.notibras.com\/site\/wp-content\/uploads\/2025\/11\/24b576ed-e83b-4932-9132-cae6b3e7c42b-1024x683.png\" \/>\n\t<meta property=\"og:image:width\" content=\"1024\" \/>\n\t<meta property=\"og:image:height\" content=\"683\" \/>\n\t<meta property=\"og:image:type\" content=\"image\/png\" \/>\n<meta name=\"author\" content=\"Reda\u00e7\u00e3o\" \/>\n<meta name=\"twitter:card\" content=\"summary_large_image\" \/>\n<meta name=\"twitter:creator\" content=\"@Notibras\" \/>\n<meta name=\"twitter:site\" content=\"@Notibras\" \/>\n<meta name=\"twitter:label1\" content=\"Escrito por\" \/>\n\t<meta name=\"twitter:data1\" content=\"Reda\u00e7\u00e3o\" \/>\n\t<meta name=\"twitter:label2\" content=\"Est. tempo de leitura\" \/>\n\t<meta name=\"twitter:data2\" content=\"3 minutos\" \/>\n<script type=\"application\/ld+json\" class=\"yoast-schema-graph\">{\"@context\":\"https:\/\/schema.org\",\"@graph\":[{\"@type\":\"Article\",\"@id\":\"https:\/\/www.notibras.com\/site\/embora-denso-e-assustador-sonhar-com-cobras-tem-um-lado-bom\/#article\",\"isPartOf\":{\"@id\":\"https:\/\/www.notibras.com\/site\/embora-denso-e-assustador-sonhar-com-cobras-tem-um-lado-bom\/\"},\"author\":{\"name\":\"Reda\u00e7\u00e3o\",\"@id\":\"https:\/\/www.notibras.com\/site\/#\/schema\/person\/36ab0979449956132d3e5b517ea76ac8\"},\"headline\":\"Embora denso e assustador, sonhar com cobras tem um lado bom\",\"datePublished\":\"2025-11-23T03:00:21+00:00\",\"dateModified\":\"2025-11-23T14:37:48+00:00\",\"mainEntityOfPage\":{\"@id\":\"https:\/\/www.notibras.com\/site\/embora-denso-e-assustador-sonhar-com-cobras-tem-um-lado-bom\/\"},\"wordCount\":462,\"publisher\":{\"@id\":\"https:\/\/www.notibras.com\/site\/#organization\"},\"image\":{\"@id\":\"https:\/\/www.notibras.com\/site\/embora-denso-e-assustador-sonhar-com-cobras-tem-um-lado-bom\/#primaryimage\"},\"thumbnailUrl\":\"https:\/\/www.notibras.com\/site\/wp-content\/uploads\/2025\/11\/24b576ed-e83b-4932-9132-cae6b3e7c42b.png\",\"articleSection\":[\"Or\u00e1culos\"],\"inLanguage\":\"pt-BR\"},{\"@type\":\"WebPage\",\"@id\":\"https:\/\/www.notibras.com\/site\/embora-denso-e-assustador-sonhar-com-cobras-tem-um-lado-bom\/\",\"url\":\"https:\/\/www.notibras.com\/site\/embora-denso-e-assustador-sonhar-com-cobras-tem-um-lado-bom\/\",\"name\":\"Embora denso e assustador, sonhar com cobras tem um lado bom - Notibras\",\"isPartOf\":{\"@id\":\"https:\/\/www.notibras.com\/site\/#website\"},\"primaryImageOfPage\":{\"@id\":\"https:\/\/www.notibras.com\/site\/embora-denso-e-assustador-sonhar-com-cobras-tem-um-lado-bom\/#primaryimage\"},\"image\":{\"@id\":\"https:\/\/www.notibras.com\/site\/embora-denso-e-assustador-sonhar-com-cobras-tem-um-lado-bom\/#primaryimage\"},\"thumbnailUrl\":\"https:\/\/www.notibras.com\/site\/wp-content\/uploads\/2025\/11\/24b576ed-e83b-4932-9132-cae6b3e7c42b.png\",\"datePublished\":\"2025-11-23T03:00:21+00:00\",\"dateModified\":\"2025-11-23T14:37:48+00:00\",\"breadcrumb\":{\"@id\":\"https:\/\/www.notibras.com\/site\/embora-denso-e-assustador-sonhar-com-cobras-tem-um-lado-bom\/#breadcrumb\"},\"inLanguage\":\"pt-BR\",\"potentialAction\":[{\"@type\":\"ReadAction\",\"target\":[\"https:\/\/www.notibras.com\/site\/embora-denso-e-assustador-sonhar-com-cobras-tem-um-lado-bom\/\"]}]},{\"@type\":\"ImageObject\",\"inLanguage\":\"pt-BR\",\"@id\":\"https:\/\/www.notibras.com\/site\/embora-denso-e-assustador-sonhar-com-cobras-tem-um-lado-bom\/#primaryimage\",\"url\":\"https:\/\/www.notibras.com\/site\/wp-content\/uploads\/2025\/11\/24b576ed-e83b-4932-9132-cae6b3e7c42b.png\",\"contentUrl\":\"https:\/\/www.notibras.com\/site\/wp-content\/uploads\/2025\/11\/24b576ed-e83b-4932-9132-cae6b3e7c42b.png\",\"width\":1536,\"height\":1024},{\"@type\":\"BreadcrumbList\",\"@id\":\"https:\/\/www.notibras.com\/site\/embora-denso-e-assustador-sonhar-com-cobras-tem-um-lado-bom\/#breadcrumb\",\"itemListElement\":[{\"@type\":\"ListItem\",\"position\":1,\"name\":\"In\u00edcio\",\"item\":\"https:\/\/www.notibras.com\/site\/\"},{\"@type\":\"ListItem\",\"position\":2,\"name\":\"Embora denso e assustador, sonhar com cobras tem um lado bom\"}]},{\"@type\":\"WebSite\",\"@id\":\"https:\/\/www.notibras.com\/site\/#website\",\"url\":\"https:\/\/www.notibras.com\/site\/\",\"name\":\"Notibras\",\"description\":\"Not\u00edcias de Bras\u00edlia, do Brasil e do Mundo\",\"publisher\":{\"@id\":\"https:\/\/www.notibras.com\/site\/#organization\"},\"potentialAction\":[{\"@type\":\"SearchAction\",\"target\":{\"@type\":\"EntryPoint\",\"urlTemplate\":\"https:\/\/www.notibras.com\/site\/?s={search_term_string}\"},\"query-input\":{\"@type\":\"PropertyValueSpecification\",\"valueRequired\":true,\"valueName\":\"search_term_string\"}}],\"inLanguage\":\"pt-BR\"},{\"@type\":\"Organization\",\"@id\":\"https:\/\/www.notibras.com\/site\/#organization\",\"name\":\"Grupo Notibras de Comunica\u00e7\u00e3o\",\"url\":\"https:\/\/www.notibras.com\/site\/\",\"logo\":{\"@type\":\"ImageObject\",\"inLanguage\":\"pt-BR\",\"@id\":\"https:\/\/www.notibras.com\/site\/#\/schema\/logo\/image\/\",\"url\":\"https:\/\/www.notibras.com\/site\/wp-content\/uploads\/2023\/01\/notibras23.png\",\"contentUrl\":\"https:\/\/www.notibras.com\/site\/wp-content\/uploads\/2023\/01\/notibras23.png\",\"width\":350,\"height\":87,\"caption\":\"Grupo Notibras de Comunica\u00e7\u00e3o\"},\"image\":{\"@id\":\"https:\/\/www.notibras.com\/site\/#\/schema\/logo\/image\/\"},\"sameAs\":[\"https:\/\/www.facebook.com\/notibras\/\",\"https:\/\/x.com\/Notibras\",\"https:\/\/www.instagram.com\/notibras\/\"]},{\"@type\":\"Person\",\"@id\":\"https:\/\/www.notibras.com\/site\/#\/schema\/person\/36ab0979449956132d3e5b517ea76ac8\",\"name\":\"Reda\u00e7\u00e3o\",\"image\":{\"@type\":\"ImageObject\",\"inLanguage\":\"pt-BR\",\"@id\":\"https:\/\/secure.gravatar.com\/avatar\/e0a867bdedb85fd243eadf09663511f96fc81e0720a4a42581f334ad4303aa6b?s=96&d=mm&r=g\",\"url\":\"https:\/\/secure.gravatar.com\/avatar\/e0a867bdedb85fd243eadf09663511f96fc81e0720a4a42581f334ad4303aa6b?s=96&d=mm&r=g\",\"contentUrl\":\"https:\/\/secure.gravatar.com\/avatar\/e0a867bdedb85fd243eadf09663511f96fc81e0720a4a42581f334ad4303aa6b?s=96&d=mm&r=g\",\"caption\":\"Reda\u00e7\u00e3o\"}}]}<\/script>\n<!-- \/ Yoast SEO plugin. -->","yoast_head_json":{"title":"Embora denso e assustador, sonhar com cobras tem um lado bom - Notibras","robots":{"index":"index","follow":"follow","max-snippet":"max-snippet:-1","max-image-preview":"max-image-preview:large","max-video-preview":"max-video-preview:-1"},"canonical":"https:\/\/www.notibras.com\/site\/embora-denso-e-assustador-sonhar-com-cobras-tem-um-lado-bom\/","og_locale":"pt_BR","og_type":"article","og_title":"Embora denso e assustador, sonhar com cobras tem um lado bom - Notibras","og_description":"No universo esot\u00e9rico, os sonhos s\u00e3o vistos como portas simb\u00f3licas para o inconsciente e para os planos invis\u00edveis que influenciam a vida cotidiana. Entre os s\u00edmbolos mais impactantes est\u00e1 o ninho de cobras, uma imagem que carrega grande for\u00e7a arquet\u00edpica e que costuma despertar inquieta\u00e7\u00e3o no sonhador. Mas afinal, o que ele realmente significa? Um [&hellip;]","og_url":"https:\/\/www.notibras.com\/site\/embora-denso-e-assustador-sonhar-com-cobras-tem-um-lado-bom\/","og_site_name":"Notibras","article_publisher":"https:\/\/www.facebook.com\/notibras\/","article_published_time":"2025-11-23T03:00:21+00:00","article_modified_time":"2025-11-23T14:37:48+00:00","og_image":[{"width":1024,"height":683,"url":"https:\/\/www.notibras.com\/site\/wp-content\/uploads\/2025\/11\/24b576ed-e83b-4932-9132-cae6b3e7c42b-1024x683.png","type":"image\/png"}],"author":"Reda\u00e7\u00e3o","twitter_card":"summary_large_image","twitter_creator":"@Notibras","twitter_site":"@Notibras","twitter_misc":{"Escrito por":"Reda\u00e7\u00e3o","Est. tempo de leitura":"3 minutos"},"schema":{"@context":"https:\/\/schema.org","@graph":[{"@type":"Article","@id":"https:\/\/www.notibras.com\/site\/embora-denso-e-assustador-sonhar-com-cobras-tem-um-lado-bom\/#article","isPartOf":{"@id":"https:\/\/www.notibras.com\/site\/embora-denso-e-assustador-sonhar-com-cobras-tem-um-lado-bom\/"},"author":{"name":"Reda\u00e7\u00e3o","@id":"https:\/\/www.notibras.com\/site\/#\/schema\/person\/36ab0979449956132d3e5b517ea76ac8"},"headline":"Embora denso e assustador, sonhar com cobras tem um lado bom","datePublished":"2025-11-23T03:00:21+00:00","dateModified":"2025-11-23T14:37:48+00:00","mainEntityOfPage":{"@id":"https:\/\/www.notibras.com\/site\/embora-denso-e-assustador-sonhar-com-cobras-tem-um-lado-bom\/"},"wordCount":462,"publisher":{"@id":"https:\/\/www.notibras.com\/site\/#organization"},"image":{"@id":"https:\/\/www.notibras.com\/site\/embora-denso-e-assustador-sonhar-com-cobras-tem-um-lado-bom\/#primaryimage"},"thumbnailUrl":"https:\/\/www.notibras.com\/site\/wp-content\/uploads\/2025\/11\/24b576ed-e83b-4932-9132-cae6b3e7c42b.png","articleSection":["Or\u00e1culos"],"inLanguage":"pt-BR"},{"@type":"WebPage","@id":"https:\/\/www.notibras.com\/site\/embora-denso-e-assustador-sonhar-com-cobras-tem-um-lado-bom\/","url":"https:\/\/www.notibras.com\/site\/embora-denso-e-assustador-sonhar-com-cobras-tem-um-lado-bom\/","name":"Embora denso e assustador, sonhar com cobras tem um lado bom - Notibras","isPartOf":{"@id":"https:\/\/www.notibras.com\/site\/#website"},"primaryImageOfPage":{"@id":"https:\/\/www.notibras.com\/site\/embora-denso-e-assustador-sonhar-com-cobras-tem-um-lado-bom\/#primaryimage"},"image":{"@id":"https:\/\/www.notibras.com\/site\/embora-denso-e-assustador-sonhar-com-cobras-tem-um-lado-bom\/#primaryimage"},"thumbnailUrl":"https:\/\/www.notibras.com\/site\/wp-content\/uploads\/2025\/11\/24b576ed-e83b-4932-9132-cae6b3e7c42b.png","datePublished":"2025-11-23T03:00:21+00:00","dateModified":"2025-11-23T14:37:48+00:00","breadcrumb":{"@id":"https:\/\/www.notibras.com\/site\/embora-denso-e-assustador-sonhar-com-cobras-tem-um-lado-bom\/#breadcrumb"},"inLanguage":"pt-BR","potentialAction":[{"@type":"ReadAction","target":["https:\/\/www.notibras.com\/site\/embora-denso-e-assustador-sonhar-com-cobras-tem-um-lado-bom\/"]}]},{"@type":"ImageObject","inLanguage":"pt-BR","@id":"https:\/\/www.notibras.com\/site\/embora-denso-e-assustador-sonhar-com-cobras-tem-um-lado-bom\/#primaryimage","url":"https:\/\/www.notibras.com\/site\/wp-content\/uploads\/2025\/11\/24b576ed-e83b-4932-9132-cae6b3e7c42b.png","contentUrl":"https:\/\/www.notibras.com\/site\/wp-content\/uploads\/2025\/11\/24b576ed-e83b-4932-9132-cae6b3e7c42b.png","width":1536,"height":1024},{"@type":"BreadcrumbList","@id":"https:\/\/www.notibras.com\/site\/embora-denso-e-assustador-sonhar-com-cobras-tem-um-lado-bom\/#breadcrumb","itemListElement":[{"@type":"ListItem","position":1,"name":"In\u00edcio","item":"https:\/\/www.notibras.com\/site\/"},{"@type":"ListItem","position":2,"name":"Embora denso e assustador, sonhar com cobras tem um lado bom"}]},{"@type":"WebSite","@id":"https:\/\/www.notibras.com\/site\/#website","url":"https:\/\/www.notibras.com\/site\/","name":"Notibras","description":"Not\u00edcias de Bras\u00edlia, do Brasil e do Mundo","publisher":{"@id":"https:\/\/www.notibras.com\/site\/#organization"},"potentialAction":[{"@type":"SearchAction","target":{"@type":"EntryPoint","urlTemplate":"https:\/\/www.notibras.com\/site\/?s={search_term_string}"},"query-input":{"@type":"PropertyValueSpecification","valueRequired":true,"valueName":"search_term_string"}}],"inLanguage":"pt-BR"},{"@type":"Organization","@id":"https:\/\/www.notibras.com\/site\/#organization","name":"Grupo Notibras de Comunica\u00e7\u00e3o","url":"https:\/\/www.notibras.com\/site\/","logo":{"@type":"ImageObject","inLanguage":"pt-BR","@id":"https:\/\/www.notibras.com\/site\/#\/schema\/logo\/image\/","url":"https:\/\/www.notibras.com\/site\/wp-content\/uploads\/2023\/01\/notibras23.png","contentUrl":"https:\/\/www.notibras.com\/site\/wp-content\/uploads\/2023\/01\/notibras23.png","width":350,"height":87,"caption":"Grupo Notibras de Comunica\u00e7\u00e3o"},"image":{"@id":"https:\/\/www.notibras.com\/site\/#\/schema\/logo\/image\/"},"sameAs":["https:\/\/www.facebook.com\/notibras\/","https:\/\/x.com\/Notibras","https:\/\/www.instagram.com\/notibras\/"]},{"@type":"Person","@id":"https:\/\/www.notibras.com\/site\/#\/schema\/person\/36ab0979449956132d3e5b517ea76ac8","name":"Reda\u00e7\u00e3o","image":{"@type":"ImageObject","inLanguage":"pt-BR","@id":"https:\/\/secure.gravatar.com\/avatar\/e0a867bdedb85fd243eadf09663511f96fc81e0720a4a42581f334ad4303aa6b?s=96&d=mm&r=g","url":"https:\/\/secure.gravatar.com\/avatar\/e0a867bdedb85fd243eadf09663511f96fc81e0720a4a42581f334ad4303aa6b?s=96&d=mm&r=g","contentUrl":"https:\/\/secure.gravatar.com\/avatar\/e0a867bdedb85fd243eadf09663511f96fc81e0720a4a42581f334ad4303aa6b?s=96&d=mm&r=g","caption":"Reda\u00e7\u00e3o"}}]}},"amp_enabled":true,"_links":{"self":[{"href":"https:\/\/www.notibras.com\/site\/wp-json\/wp\/v2\/posts\/371992","targetHints":{"allow":["GET"]}}],"collection":[{"href":"https:\/\/www.notibras.com\/site\/wp-json\/wp\/v2\/posts"}],"about":[{"href":"https:\/\/www.notibras.com\/site\/wp-json\/wp\/v2\/types\/post"}],"author":[{"embeddable":true,"href":"https:\/\/www.notibras.com\/site\/wp-json\/wp\/v2\/users\/2"}],"replies":[{"embeddable":true,"href":"https:\/\/www.notibras.com\/site\/wp-json\/wp\/v2\/comments?post=371992"}],"version-history":[{"count":1,"href":"https:\/\/www.notibras.com\/site\/wp-json\/wp\/v2\/posts\/371992\/revisions"}],"predecessor-version":[{"id":371994,"href":"https:\/\/www.notibras.com\/site\/wp-json\/wp\/v2\/posts\/371992\/revisions\/371994"}],"wp:featuredmedia":[{"embeddable":true,"href":"https:\/\/www.notibras.com\/site\/wp-json\/wp\/v2\/media\/371993"}],"wp:attachment":[{"href":"https:\/\/www.notibras.com\/site\/wp-json\/wp\/v2\/media?parent=371992"}],"wp:term":[{"taxonomy":"category","embeddable":true,"href":"https:\/\/www.notibras.com\/site\/wp-json\/wp\/v2\/categories?post=371992"},{"taxonomy":"post_tag","embeddable":true,"href":"https:\/\/www.notibras.com\/site\/wp-json\/wp\/v2\/tags?post=371992"}],"curies":[{"name":"wp","href":"https:\/\/api.w.org\/{rel}","templated":true}]}}