{"id":37204,"date":"2015-02-15T11:23:58","date_gmt":"2015-02-15T14:23:58","guid":{"rendered":"http:\/\/www.notibras.com\/site\/?p=37204"},"modified":"2015-02-15T12:32:15","modified_gmt":"2015-02-15T15:32:15","slug":"blocos-criam-enredos-para-combater-machismo-racismo-e-homofobia","status":"publish","type":"post","link":"https:\/\/www.notibras.com\/site\/blocos-criam-enredos-para-combater-machismo-racismo-e-homofobia\/","title":{"rendered":"Blocos criam enredos para combater as discrimina\u00e7\u00f5es"},"content":{"rendered":"<p>A constante mobiliza\u00e7\u00e3o de minorias e grupos militantes por direitos ganhou corpo no carnaval, e blocos grandes e pequenos aproveitam a irrever\u00eancia da festa para reivindicar espa\u00e7o e questionar preconceitos ainda presentes na sociedade. Acusados de politicamente chatos ou celebrados como movimentos sociais, os blocos contr\u00e1rios ao racismo, ao machismo e \u00e0 homofobia est\u00e3o na rua e podem reunir multid\u00f5es, como o Bloco da Preta, que juntou mais de 300 mil pessoas no Rio de Janeiro e, entre uma m\u00fasica e outra, tinha na voz da cantora Preta Gil o protesto contra a discrimina\u00e7\u00e3o de orienta\u00e7\u00f5es sexuais.<\/p>\n<p>Em resposta a uma fotomontagem na internet que dizia <em>Eu n\u00e3o mere\u00e7o mulher rodada<\/em>, duas amigas se inspiraram em uma s\u00e9rie de rea\u00e7\u00f5es debochadas que tomaram conta da internet e fundaram o Bloco das Mulheres Rodadas, que sai na quarta-feira de cinzas satirizando a opress\u00e3o contra a liberdade sexual das mulheres. Com 10 mil presen\u00e7as confirmadas no <em>Facebook<\/em>, o bloco organizado por Renata Rodrigues e Debora Thome vai ridicularizar o moralismo.<\/p>\n<p>&#8220;O caminho que a gente escolheu no carnaval \u00e9 o de fazer piada. O qu\u00e3o rid\u00edculo \u00e9, hoje em dia, voc\u00ea defender um conceito ou uma ideia como essa? N\u00f3s duas e muitas meninas j\u00e1 vivemos isso na pele. \u00c9 um preconceito idiota, rid\u00edculo. A gente achou que expor essa ideia ao rid\u00edculo tamb\u00e9m \u00e9 um ato pol\u00edtico&#8221;, diz Renata, que n\u00e3o se considera uma militante aguerrida, mas algu\u00e9m que acompanha e se preocupa com o assunto.<\/p>\n<p>A fundadora do bloco conta que recebeu cr\u00edticas de todos os lados pela iniciativa. &#8220;A gente enfrentou tanto pessoas que falam &#8216;o que seu filho e sua fam\u00edlia v\u00e3o pensar?&#8217;, como tamb\u00e9m uma milit\u00e2ncia que questionou que a gente estava fazendo piada com coisa s\u00e9ria&#8221;, diz. Ela espera entre mil e 2 mil pessoas no desfile e pede criatividade e saias rodadas.<\/p>\n<p>&#8220;Uma menina chegou para mim e disse que est\u00e1 preparando uma fantasia de roleta. O carnaval abre essa possibilidade de brincar e de aumentar esse rid\u00edculo que, em outra \u00e9poca do ano, a gente n\u00e3o conseguiria. A gente sabe que o assunto \u00e9 s\u00e9rio e s\u00f3 porque nos importamos com isso criamos o bloco&#8221;.<\/p>\n<blockquote><p>Na zona norte, o Bloco Gargalhada, formado por portadores de necessidades especiais, nasceu para dar um espa\u00e7o seguro para essas pessoas brincarem o carnaval. &#8220;Como o Gargalhada est\u00e1 fazendo dez anos, existe a consci\u00eancia das pessoas que frequentam de ajudar realmente. \u00c9 comum ver, dentro e fora do clube, uma pessoa ajudando um cego a ir ao banheiro, dan\u00e7ando com um foli\u00e3o com s\u00edndrome de down. \u00c9 um bloco de todo mundo&#8221;, explica a organizadora do bloco Yolanda Branconnot.<\/p><\/blockquote>\n<p>A concentra\u00e7\u00e3o do bloco \u00e9 dentro da Associa\u00e7\u00e3o Atl\u00e9tica Vila Isabel e, saindo de l\u00e1, ele percorre o Boluevard 28 de Setembro, uma das principais vias do bairro, plana e em linha reta. Al\u00e9m da solidariedade dos frequentadores, o bloco inclui int\u00e9rpretes da L\u00edngua Brasileira de Sinais (Libras), para deficientes auditivos acompanharem o tema do samba, que, neste ano, defende a perman\u00eancia do clube que abriga o bloco. &#8220;\u00c9 uma oportunidade de a gente se comunicar de uma maneira alegre, objetiva e irreverente, mas podendo dar eco \u00e0s mais diversas quest\u00f5es. \u00c9 brincar falando s\u00e9rio e colocar isso na boca de muita gente&#8221;.<\/p>\n<p>Para o historiador da Pontif\u00edcia Universidade Cat\u00f3lica do Rio de Janeiro Leonardo Pereira, o carnaval sempre foi espa\u00e7o de cr\u00edtica social. O que mudou foram os valores e o meio em que suas m\u00fasicas s\u00e3o concebidas. &#8220;Como espa\u00e7o de encontro e de diferentes grupos, o carnaval se prestou, muitas vezes, ao tipo de m\u00fasica que ironizava o outro. Como toda produ\u00e7\u00e3o cultural, as marchinhas de carnaval t\u00eam sentido no meio em que foram produzidas. O que era aceito na letra de uma marchinha de carnaval mudou&#8221;, diz o pesquisador, que destaca que m\u00fasicas como <em>O Teu Cabelo N\u00e3o Nega<\/em> se popularizaram porque grande parte da sociedade as julgou adequadas na \u00e9poca em que foram lan\u00e7adas.<\/p>\n<blockquote><p>&#8220;Elas fazem parte da experi\u00eancia e da cultura brasileira, mas expressam o racismo e a exclus\u00e3o dessa sociedade. N\u00e3o se trata de excluir a m\u00fasica, porque ela n\u00e3o \u00e9 a causadora do racismo&#8221;, defende ele, afirmando que o modo como o pa\u00eds lida com as quest\u00f5es raciais mudou. &#8220;N\u00e3o estou querendo dizer que isso representa a supera\u00e7\u00e3o do preconceito. A quest\u00e3o ainda est\u00e1 em processo, mas pelo menos est\u00e1 colocada&#8221;.<\/p><\/blockquote>\n<p>Compositor das marchinhas famosas &#8211; e hoje questionadas &#8211; <em>Cabeleira do Zez\u00e9 e Maria Sapat\u00e3o<\/em>, Jo\u00e3o Roberto Kelly se defende e afirma que nunca teve a inten\u00e7\u00e3o de ofender qualquer grupo com suas letras. &#8220;O Brasil tem muita coisa s\u00e9ria para pensar e muita coisa importante para tratar. O preconceito \u00e9 abomin\u00e1vel em todos os aspectos. Mas isso \u00e9 uma grande brincadeira. N\u00e3o \u00e9 com o intuito de ofender&#8221;, explica.<\/p>\n<p>Com um curr\u00edculo de m\u00fasicas que entraram para a hist\u00f3ria do carnaval, Kelly discorda de quem acha que o chamado &#8220;politicamente correto&#8221; atrapalha a composi\u00e7\u00e3o de marchinhas e a irrever\u00eancia do carnaval. &#8220;O processo criativo \u00e9 natural de cada um, e a pessoa tem que escolher temas interessantes. E tem que ser feito com intelig\u00eancia, com brincadeira. \u00c9 uma v\u00e1lvula de escape dos problemas de cada um&#8221;, afirma o compositor, que d\u00e1 dicas sobre como ter poder de s\u00edntese e satirizar para quem quer criar uma marchinha. Com bom humor, ele tamb\u00e9m sugere acompanhar os temas do notici\u00e1rio. &#8220;Os jornais j\u00e1 s\u00e3o uma grande marchinha de carnaval&#8221;.<\/p>\n<p><strong>Vin\u00edcius Lisboa, ABr <\/strong><\/p>\n","protected":false},"excerpt":{"rendered":"<p>A constante mobiliza\u00e7\u00e3o de minorias e grupos militantes por direitos ganhou corpo no carnaval, e blocos grandes e pequenos aproveitam a irrever\u00eancia da festa para reivindicar espa\u00e7o e questionar preconceitos ainda presentes na sociedade. Acusados de politicamente chatos ou celebrados como movimentos sociais, os blocos contr\u00e1rios ao racismo, ao machismo e \u00e0 homofobia est\u00e3o na [&hellip;]<\/p>\n","protected":false},"author":2,"featured_media":37205,"comment_status":"open","ping_status":"closed","sticky":false,"template":"","format":"standard","meta":{"_acf_changed":false,"footnotes":""},"categories":[16],"tags":[],"class_list":["post-37204","post","type-post","status-publish","format-standard","has-post-thumbnail","hentry","category-brasil"],"acf":[],"yoast_head":"<!-- This site is optimized with the Yoast SEO plugin v27.2 - https:\/\/yoast.com\/product\/yoast-seo-wordpress\/ -->\n<title>Blocos criam enredos para combater as discrimina\u00e7\u00f5es - Notibras<\/title>\n<meta name=\"robots\" content=\"index, follow, max-snippet:-1, max-image-preview:large, max-video-preview:-1\" \/>\n<link rel=\"canonical\" href=\"https:\/\/www.notibras.com\/site\/blocos-criam-enredos-para-combater-machismo-racismo-e-homofobia\/\" \/>\n<meta property=\"og:locale\" content=\"pt_BR\" \/>\n<meta property=\"og:type\" content=\"article\" \/>\n<meta property=\"og:title\" content=\"Blocos criam enredos para combater as discrimina\u00e7\u00f5es - Notibras\" \/>\n<meta property=\"og:description\" content=\"A constante mobiliza\u00e7\u00e3o de minorias e grupos militantes por direitos ganhou corpo no carnaval, e blocos grandes e pequenos aproveitam a irrever\u00eancia da festa para reivindicar espa\u00e7o e questionar preconceitos ainda presentes na sociedade. Acusados de politicamente chatos ou celebrados como movimentos sociais, os blocos contr\u00e1rios ao racismo, ao machismo e \u00e0 homofobia est\u00e3o na [&hellip;]\" \/>\n<meta property=\"og:url\" content=\"https:\/\/www.notibras.com\/site\/blocos-criam-enredos-para-combater-machismo-racismo-e-homofobia\/\" \/>\n<meta property=\"og:site_name\" content=\"Notibras\" \/>\n<meta property=\"article:publisher\" content=\"https:\/\/www.facebook.com\/notibras\/\" \/>\n<meta property=\"article:published_time\" content=\"2015-02-15T14:23:58+00:00\" \/>\n<meta property=\"article:modified_time\" content=\"2015-02-15T15:32:15+00:00\" \/>\n<meta property=\"og:image\" content=\"https:\/\/www.notibras.com\/site\/wp-content\/uploads\/2015\/02\/pg.jpeg\" \/>\n\t<meta property=\"og:image:width\" content=\"259\" \/>\n\t<meta property=\"og:image:height\" content=\"194\" \/>\n\t<meta property=\"og:image:type\" content=\"image\/jpeg\" \/>\n<meta name=\"author\" content=\"Reda\u00e7\u00e3o\" \/>\n<meta name=\"twitter:card\" content=\"summary_large_image\" \/>\n<meta name=\"twitter:creator\" content=\"@Notibras\" \/>\n<meta name=\"twitter:site\" content=\"@Notibras\" \/>\n<meta name=\"twitter:label1\" content=\"Escrito por\" \/>\n\t<meta name=\"twitter:data1\" content=\"Reda\u00e7\u00e3o\" \/>\n\t<meta name=\"twitter:label2\" content=\"Est. tempo de leitura\" \/>\n\t<meta name=\"twitter:data2\" content=\"5 minutos\" \/>\n<script type=\"application\/ld+json\" class=\"yoast-schema-graph\">{\"@context\":\"https:\/\/schema.org\",\"@graph\":[{\"@type\":\"Article\",\"@id\":\"https:\/\/www.notibras.com\/site\/blocos-criam-enredos-para-combater-machismo-racismo-e-homofobia\/#article\",\"isPartOf\":{\"@id\":\"https:\/\/www.notibras.com\/site\/blocos-criam-enredos-para-combater-machismo-racismo-e-homofobia\/\"},\"author\":{\"name\":\"Reda\u00e7\u00e3o\",\"@id\":\"https:\/\/www.notibras.com\/site\/#\/schema\/person\/36ab0979449956132d3e5b517ea76ac8\"},\"headline\":\"Blocos criam enredos para combater as discrimina\u00e7\u00f5es\",\"datePublished\":\"2015-02-15T14:23:58+00:00\",\"dateModified\":\"2015-02-15T15:32:15+00:00\",\"mainEntityOfPage\":{\"@id\":\"https:\/\/www.notibras.com\/site\/blocos-criam-enredos-para-combater-machismo-racismo-e-homofobia\/\"},\"wordCount\":984,\"commentCount\":0,\"publisher\":{\"@id\":\"https:\/\/www.notibras.com\/site\/#organization\"},\"image\":{\"@id\":\"https:\/\/www.notibras.com\/site\/blocos-criam-enredos-para-combater-machismo-racismo-e-homofobia\/#primaryimage\"},\"thumbnailUrl\":\"https:\/\/www.notibras.com\/site\/wp-content\/uploads\/2015\/02\/pg.jpeg\",\"articleSection\":[\"Brasil\"],\"inLanguage\":\"pt-BR\",\"potentialAction\":[{\"@type\":\"CommentAction\",\"name\":\"Comment\",\"target\":[\"https:\/\/www.notibras.com\/site\/blocos-criam-enredos-para-combater-machismo-racismo-e-homofobia\/#respond\"]}]},{\"@type\":\"WebPage\",\"@id\":\"https:\/\/www.notibras.com\/site\/blocos-criam-enredos-para-combater-machismo-racismo-e-homofobia\/\",\"url\":\"https:\/\/www.notibras.com\/site\/blocos-criam-enredos-para-combater-machismo-racismo-e-homofobia\/\",\"name\":\"Blocos criam enredos para combater as discrimina\u00e7\u00f5es - Notibras\",\"isPartOf\":{\"@id\":\"https:\/\/www.notibras.com\/site\/#website\"},\"primaryImageOfPage\":{\"@id\":\"https:\/\/www.notibras.com\/site\/blocos-criam-enredos-para-combater-machismo-racismo-e-homofobia\/#primaryimage\"},\"image\":{\"@id\":\"https:\/\/www.notibras.com\/site\/blocos-criam-enredos-para-combater-machismo-racismo-e-homofobia\/#primaryimage\"},\"thumbnailUrl\":\"https:\/\/www.notibras.com\/site\/wp-content\/uploads\/2015\/02\/pg.jpeg\",\"datePublished\":\"2015-02-15T14:23:58+00:00\",\"dateModified\":\"2015-02-15T15:32:15+00:00\",\"breadcrumb\":{\"@id\":\"https:\/\/www.notibras.com\/site\/blocos-criam-enredos-para-combater-machismo-racismo-e-homofobia\/#breadcrumb\"},\"inLanguage\":\"pt-BR\",\"potentialAction\":[{\"@type\":\"ReadAction\",\"target\":[\"https:\/\/www.notibras.com\/site\/blocos-criam-enredos-para-combater-machismo-racismo-e-homofobia\/\"]}]},{\"@type\":\"ImageObject\",\"inLanguage\":\"pt-BR\",\"@id\":\"https:\/\/www.notibras.com\/site\/blocos-criam-enredos-para-combater-machismo-racismo-e-homofobia\/#primaryimage\",\"url\":\"https:\/\/www.notibras.com\/site\/wp-content\/uploads\/2015\/02\/pg.jpeg\",\"contentUrl\":\"https:\/\/www.notibras.com\/site\/wp-content\/uploads\/2015\/02\/pg.jpeg\",\"width\":259,\"height\":194},{\"@type\":\"BreadcrumbList\",\"@id\":\"https:\/\/www.notibras.com\/site\/blocos-criam-enredos-para-combater-machismo-racismo-e-homofobia\/#breadcrumb\",\"itemListElement\":[{\"@type\":\"ListItem\",\"position\":1,\"name\":\"In\u00edcio\",\"item\":\"https:\/\/www.notibras.com\/site\/\"},{\"@type\":\"ListItem\",\"position\":2,\"name\":\"Blocos criam enredos para combater as discrimina\u00e7\u00f5es\"}]},{\"@type\":\"WebSite\",\"@id\":\"https:\/\/www.notibras.com\/site\/#website\",\"url\":\"https:\/\/www.notibras.com\/site\/\",\"name\":\"Notibras\",\"description\":\"Not\u00edcias de Bras\u00edlia, do Brasil e do Mundo\",\"publisher\":{\"@id\":\"https:\/\/www.notibras.com\/site\/#organization\"},\"potentialAction\":[{\"@type\":\"SearchAction\",\"target\":{\"@type\":\"EntryPoint\",\"urlTemplate\":\"https:\/\/www.notibras.com\/site\/?s={search_term_string}\"},\"query-input\":{\"@type\":\"PropertyValueSpecification\",\"valueRequired\":true,\"valueName\":\"search_term_string\"}}],\"inLanguage\":\"pt-BR\"},{\"@type\":\"Organization\",\"@id\":\"https:\/\/www.notibras.com\/site\/#organization\",\"name\":\"Grupo Notibras de Comunica\u00e7\u00e3o\",\"url\":\"https:\/\/www.notibras.com\/site\/\",\"logo\":{\"@type\":\"ImageObject\",\"inLanguage\":\"pt-BR\",\"@id\":\"https:\/\/www.notibras.com\/site\/#\/schema\/logo\/image\/\",\"url\":\"https:\/\/www.notibras.com\/site\/wp-content\/uploads\/2023\/01\/notibras23.png\",\"contentUrl\":\"https:\/\/www.notibras.com\/site\/wp-content\/uploads\/2023\/01\/notibras23.png\",\"width\":350,\"height\":87,\"caption\":\"Grupo Notibras de Comunica\u00e7\u00e3o\"},\"image\":{\"@id\":\"https:\/\/www.notibras.com\/site\/#\/schema\/logo\/image\/\"},\"sameAs\":[\"https:\/\/www.facebook.com\/notibras\/\",\"https:\/\/x.com\/Notibras\",\"https:\/\/www.instagram.com\/notibras\/\"]},{\"@type\":\"Person\",\"@id\":\"https:\/\/www.notibras.com\/site\/#\/schema\/person\/36ab0979449956132d3e5b517ea76ac8\",\"name\":\"Reda\u00e7\u00e3o\",\"image\":{\"@type\":\"ImageObject\",\"inLanguage\":\"pt-BR\",\"@id\":\"https:\/\/secure.gravatar.com\/avatar\/e0a867bdedb85fd243eadf09663511f96fc81e0720a4a42581f334ad4303aa6b?s=96&d=mm&r=g\",\"url\":\"https:\/\/secure.gravatar.com\/avatar\/e0a867bdedb85fd243eadf09663511f96fc81e0720a4a42581f334ad4303aa6b?s=96&d=mm&r=g\",\"contentUrl\":\"https:\/\/secure.gravatar.com\/avatar\/e0a867bdedb85fd243eadf09663511f96fc81e0720a4a42581f334ad4303aa6b?s=96&d=mm&r=g\",\"caption\":\"Reda\u00e7\u00e3o\"}}]}<\/script>\n<!-- \/ Yoast SEO plugin. -->","yoast_head_json":{"title":"Blocos criam enredos para combater as discrimina\u00e7\u00f5es - Notibras","robots":{"index":"index","follow":"follow","max-snippet":"max-snippet:-1","max-image-preview":"max-image-preview:large","max-video-preview":"max-video-preview:-1"},"canonical":"https:\/\/www.notibras.com\/site\/blocos-criam-enredos-para-combater-machismo-racismo-e-homofobia\/","og_locale":"pt_BR","og_type":"article","og_title":"Blocos criam enredos para combater as discrimina\u00e7\u00f5es - Notibras","og_description":"A constante mobiliza\u00e7\u00e3o de minorias e grupos militantes por direitos ganhou corpo no carnaval, e blocos grandes e pequenos aproveitam a irrever\u00eancia da festa para reivindicar espa\u00e7o e questionar preconceitos ainda presentes na sociedade. Acusados de politicamente chatos ou celebrados como movimentos sociais, os blocos contr\u00e1rios ao racismo, ao machismo e \u00e0 homofobia est\u00e3o na [&hellip;]","og_url":"https:\/\/www.notibras.com\/site\/blocos-criam-enredos-para-combater-machismo-racismo-e-homofobia\/","og_site_name":"Notibras","article_publisher":"https:\/\/www.facebook.com\/notibras\/","article_published_time":"2015-02-15T14:23:58+00:00","article_modified_time":"2015-02-15T15:32:15+00:00","og_image":[{"width":259,"height":194,"url":"https:\/\/www.notibras.com\/site\/wp-content\/uploads\/2015\/02\/pg.jpeg","type":"image\/jpeg"}],"author":"Reda\u00e7\u00e3o","twitter_card":"summary_large_image","twitter_creator":"@Notibras","twitter_site":"@Notibras","twitter_misc":{"Escrito por":"Reda\u00e7\u00e3o","Est. tempo de leitura":"5 minutos"},"schema":{"@context":"https:\/\/schema.org","@graph":[{"@type":"Article","@id":"https:\/\/www.notibras.com\/site\/blocos-criam-enredos-para-combater-machismo-racismo-e-homofobia\/#article","isPartOf":{"@id":"https:\/\/www.notibras.com\/site\/blocos-criam-enredos-para-combater-machismo-racismo-e-homofobia\/"},"author":{"name":"Reda\u00e7\u00e3o","@id":"https:\/\/www.notibras.com\/site\/#\/schema\/person\/36ab0979449956132d3e5b517ea76ac8"},"headline":"Blocos criam enredos para combater as discrimina\u00e7\u00f5es","datePublished":"2015-02-15T14:23:58+00:00","dateModified":"2015-02-15T15:32:15+00:00","mainEntityOfPage":{"@id":"https:\/\/www.notibras.com\/site\/blocos-criam-enredos-para-combater-machismo-racismo-e-homofobia\/"},"wordCount":984,"commentCount":0,"publisher":{"@id":"https:\/\/www.notibras.com\/site\/#organization"},"image":{"@id":"https:\/\/www.notibras.com\/site\/blocos-criam-enredos-para-combater-machismo-racismo-e-homofobia\/#primaryimage"},"thumbnailUrl":"https:\/\/www.notibras.com\/site\/wp-content\/uploads\/2015\/02\/pg.jpeg","articleSection":["Brasil"],"inLanguage":"pt-BR","potentialAction":[{"@type":"CommentAction","name":"Comment","target":["https:\/\/www.notibras.com\/site\/blocos-criam-enredos-para-combater-machismo-racismo-e-homofobia\/#respond"]}]},{"@type":"WebPage","@id":"https:\/\/www.notibras.com\/site\/blocos-criam-enredos-para-combater-machismo-racismo-e-homofobia\/","url":"https:\/\/www.notibras.com\/site\/blocos-criam-enredos-para-combater-machismo-racismo-e-homofobia\/","name":"Blocos criam enredos para combater as discrimina\u00e7\u00f5es - Notibras","isPartOf":{"@id":"https:\/\/www.notibras.com\/site\/#website"},"primaryImageOfPage":{"@id":"https:\/\/www.notibras.com\/site\/blocos-criam-enredos-para-combater-machismo-racismo-e-homofobia\/#primaryimage"},"image":{"@id":"https:\/\/www.notibras.com\/site\/blocos-criam-enredos-para-combater-machismo-racismo-e-homofobia\/#primaryimage"},"thumbnailUrl":"https:\/\/www.notibras.com\/site\/wp-content\/uploads\/2015\/02\/pg.jpeg","datePublished":"2015-02-15T14:23:58+00:00","dateModified":"2015-02-15T15:32:15+00:00","breadcrumb":{"@id":"https:\/\/www.notibras.com\/site\/blocos-criam-enredos-para-combater-machismo-racismo-e-homofobia\/#breadcrumb"},"inLanguage":"pt-BR","potentialAction":[{"@type":"ReadAction","target":["https:\/\/www.notibras.com\/site\/blocos-criam-enredos-para-combater-machismo-racismo-e-homofobia\/"]}]},{"@type":"ImageObject","inLanguage":"pt-BR","@id":"https:\/\/www.notibras.com\/site\/blocos-criam-enredos-para-combater-machismo-racismo-e-homofobia\/#primaryimage","url":"https:\/\/www.notibras.com\/site\/wp-content\/uploads\/2015\/02\/pg.jpeg","contentUrl":"https:\/\/www.notibras.com\/site\/wp-content\/uploads\/2015\/02\/pg.jpeg","width":259,"height":194},{"@type":"BreadcrumbList","@id":"https:\/\/www.notibras.com\/site\/blocos-criam-enredos-para-combater-machismo-racismo-e-homofobia\/#breadcrumb","itemListElement":[{"@type":"ListItem","position":1,"name":"In\u00edcio","item":"https:\/\/www.notibras.com\/site\/"},{"@type":"ListItem","position":2,"name":"Blocos criam enredos para combater as discrimina\u00e7\u00f5es"}]},{"@type":"WebSite","@id":"https:\/\/www.notibras.com\/site\/#website","url":"https:\/\/www.notibras.com\/site\/","name":"Notibras","description":"Not\u00edcias de Bras\u00edlia, do Brasil e do Mundo","publisher":{"@id":"https:\/\/www.notibras.com\/site\/#organization"},"potentialAction":[{"@type":"SearchAction","target":{"@type":"EntryPoint","urlTemplate":"https:\/\/www.notibras.com\/site\/?s={search_term_string}"},"query-input":{"@type":"PropertyValueSpecification","valueRequired":true,"valueName":"search_term_string"}}],"inLanguage":"pt-BR"},{"@type":"Organization","@id":"https:\/\/www.notibras.com\/site\/#organization","name":"Grupo Notibras de Comunica\u00e7\u00e3o","url":"https:\/\/www.notibras.com\/site\/","logo":{"@type":"ImageObject","inLanguage":"pt-BR","@id":"https:\/\/www.notibras.com\/site\/#\/schema\/logo\/image\/","url":"https:\/\/www.notibras.com\/site\/wp-content\/uploads\/2023\/01\/notibras23.png","contentUrl":"https:\/\/www.notibras.com\/site\/wp-content\/uploads\/2023\/01\/notibras23.png","width":350,"height":87,"caption":"Grupo Notibras de Comunica\u00e7\u00e3o"},"image":{"@id":"https:\/\/www.notibras.com\/site\/#\/schema\/logo\/image\/"},"sameAs":["https:\/\/www.facebook.com\/notibras\/","https:\/\/x.com\/Notibras","https:\/\/www.instagram.com\/notibras\/"]},{"@type":"Person","@id":"https:\/\/www.notibras.com\/site\/#\/schema\/person\/36ab0979449956132d3e5b517ea76ac8","name":"Reda\u00e7\u00e3o","image":{"@type":"ImageObject","inLanguage":"pt-BR","@id":"https:\/\/secure.gravatar.com\/avatar\/e0a867bdedb85fd243eadf09663511f96fc81e0720a4a42581f334ad4303aa6b?s=96&d=mm&r=g","url":"https:\/\/secure.gravatar.com\/avatar\/e0a867bdedb85fd243eadf09663511f96fc81e0720a4a42581f334ad4303aa6b?s=96&d=mm&r=g","contentUrl":"https:\/\/secure.gravatar.com\/avatar\/e0a867bdedb85fd243eadf09663511f96fc81e0720a4a42581f334ad4303aa6b?s=96&d=mm&r=g","caption":"Reda\u00e7\u00e3o"}}]}},"amp_enabled":true,"_links":{"self":[{"href":"https:\/\/www.notibras.com\/site\/wp-json\/wp\/v2\/posts\/37204","targetHints":{"allow":["GET"]}}],"collection":[{"href":"https:\/\/www.notibras.com\/site\/wp-json\/wp\/v2\/posts"}],"about":[{"href":"https:\/\/www.notibras.com\/site\/wp-json\/wp\/v2\/types\/post"}],"author":[{"embeddable":true,"href":"https:\/\/www.notibras.com\/site\/wp-json\/wp\/v2\/users\/2"}],"replies":[{"embeddable":true,"href":"https:\/\/www.notibras.com\/site\/wp-json\/wp\/v2\/comments?post=37204"}],"version-history":[{"count":0,"href":"https:\/\/www.notibras.com\/site\/wp-json\/wp\/v2\/posts\/37204\/revisions"}],"wp:featuredmedia":[{"embeddable":true,"href":"https:\/\/www.notibras.com\/site\/wp-json\/wp\/v2\/media\/37205"}],"wp:attachment":[{"href":"https:\/\/www.notibras.com\/site\/wp-json\/wp\/v2\/media?parent=37204"}],"wp:term":[{"taxonomy":"category","embeddable":true,"href":"https:\/\/www.notibras.com\/site\/wp-json\/wp\/v2\/categories?post=37204"},{"taxonomy":"post_tag","embeddable":true,"href":"https:\/\/www.notibras.com\/site\/wp-json\/wp\/v2\/tags?post=37204"}],"curies":[{"name":"wp","href":"https:\/\/api.w.org\/{rel}","templated":true}]}}