{"id":372164,"date":"2025-11-24T10:01:30","date_gmt":"2025-11-24T13:01:30","guid":{"rendered":"https:\/\/www.notibras.com\/site\/?p=372164"},"modified":"2025-11-24T10:01:30","modified_gmt":"2025-11-24T13:01:30","slug":"seca-deixa-rastro-na-jornada-de-todo-um-povo-pelo-coracao-do-nordeste","status":"publish","type":"post","link":"https:\/\/www.notibras.com\/site\/seca-deixa-rastro-na-jornada-de-todo-um-povo-pelo-coracao-do-nordeste\/","title":{"rendered":"Seca deixa rastro na jornada de todo um povo pelo cora\u00e7\u00e3o do Nordeste"},"content":{"rendered":"<p>O sol ainda nem tinha rasgado o horizonte quando o sert\u00e3o despertou com aquele sil\u00eancio pesado que s\u00f3 a seca sabe impor. A terra, rachada em cicatrizes fundas, guardava as marcas de anos sem chuva \u2014 como se o ch\u00e3o tivesse aprendido a sofrer calado. No Nordeste profundo, cada passo levantava poeira, cada vento carregava saudade, e cada olhar dizia mais do que qualquer palavra poderia traduzir.<\/p>\n<p>Nos rastros da seca, a vida segue, mesmo quando parece desistir. H\u00e1 um povo que aprende a caminhar sobre a aridez como quem caminha sobre mem\u00f3rias. Gente que faz do pouco um jeito de continuar. Ali, onde a \u00e1gua falta, a esperan\u00e7a insiste em nascer \u2014 teimosa, bonita, quase inconsequente.<\/p>\n<p>Nas estradas de ch\u00e3o, v\u00ea-se o desenho das jumentas magras, das latas d\u2019\u00e1gua equilibradas na cabe\u00e7a, dos peregrinos que caminham como quem carrega o mundo nas costas. V\u00ea-se tamb\u00e9m o brilho nos olhos de quem espera a chuva como quem espera not\u00edcia boa \u2014 aquela que demora, mas chega transformando tudo.<\/p>\n<p>E no cora\u00e7\u00e3o desse Nordeste sedento, pulsa uma for\u00e7a que n\u00e3o se mede. \u00c9 a f\u00e9 que se renova nos terreiros, nos potes vazios, nas promessas feitas \u00e0 sombra dos mandacarus. \u00c9 o sorriso que nasce mesmo em tempo de dor. \u00c9 a certeza de que nenhum sert\u00e3o \u00e9 maior do que a coragem de quem o atravessa.<\/p>\n<p>Porque a seca passa \u2014 sempre passa. R\u00f3i, machuca, resseca, mas passa. E, quando as primeiras gotas caem, o ch\u00e3o abre o peito e recebe a chuva como quem recebe um velho amigo de volta. A terra, antes dura, se enche de vida. E o sertanejo, calejado e s\u00e1bio, agradece em sil\u00eancio, sabendo que novos desafios vir\u00e3o, mas tamb\u00e9m sabendo que ele, mais uma vez, estar\u00e1 pronto.<\/p>\n<p>Assim segue a jornada: dura, \u00e1rida, bonita. Nos rastros da seca, encontra-se tamb\u00e9m o rastro da resist\u00eancia \u2014 essa marca eterna do Nordeste que, mesmo ferido, nunca deixa de florescer.<\/p>\n","protected":false},"excerpt":{"rendered":"<p>O sol ainda nem tinha rasgado o horizonte quando o sert\u00e3o despertou com aquele sil\u00eancio pesado que s\u00f3 a seca sabe impor. A terra, rachada em cicatrizes fundas, guardava as marcas de anos sem chuva \u2014 como se o ch\u00e3o tivesse aprendido a sofrer calado. No Nordeste profundo, cada passo levantava poeira, cada vento carregava [&hellip;]<\/p>\n","protected":false},"author":2,"featured_media":372165,"comment_status":"closed","ping_status":"closed","sticky":false,"template":"","format":"standard","meta":{"_acf_changed":false,"footnotes":""},"categories":[165],"tags":[],"class_list":["post-372164","post","type-post","status-publish","format-standard","has-post-thumbnail","hentry","category-nordeste"],"acf":[],"_links":{"self":[{"href":"https:\/\/www.notibras.com\/site\/wp-json\/wp\/v2\/posts\/372164","targetHints":{"allow":["GET"]}}],"collection":[{"href":"https:\/\/www.notibras.com\/site\/wp-json\/wp\/v2\/posts"}],"about":[{"href":"https:\/\/www.notibras.com\/site\/wp-json\/wp\/v2\/types\/post"}],"author":[{"embeddable":true,"href":"https:\/\/www.notibras.com\/site\/wp-json\/wp\/v2\/users\/2"}],"replies":[{"embeddable":true,"href":"https:\/\/www.notibras.com\/site\/wp-json\/wp\/v2\/comments?post=372164"}],"version-history":[{"count":1,"href":"https:\/\/www.notibras.com\/site\/wp-json\/wp\/v2\/posts\/372164\/revisions"}],"predecessor-version":[{"id":372166,"href":"https:\/\/www.notibras.com\/site\/wp-json\/wp\/v2\/posts\/372164\/revisions\/372166"}],"wp:featuredmedia":[{"embeddable":true,"href":"https:\/\/www.notibras.com\/site\/wp-json\/wp\/v2\/media\/372165"}],"wp:attachment":[{"href":"https:\/\/www.notibras.com\/site\/wp-json\/wp\/v2\/media?parent=372164"}],"wp:term":[{"taxonomy":"category","embeddable":true,"href":"https:\/\/www.notibras.com\/site\/wp-json\/wp\/v2\/categories?post=372164"},{"taxonomy":"post_tag","embeddable":true,"href":"https:\/\/www.notibras.com\/site\/wp-json\/wp\/v2\/tags?post=372164"}],"curies":[{"name":"wp","href":"https:\/\/api.w.org\/{rel}","templated":true}]}}