{"id":372167,"date":"2025-11-24T00:05:58","date_gmt":"2025-11-24T03:05:58","guid":{"rendered":"https:\/\/www.notibras.com\/site\/?p=372167"},"modified":"2025-11-24T10:07:44","modified_gmt":"2025-11-24T13:07:44","slug":"greve-dos-rodoviarios-segue-em-sao-luis-com-impasse-na-justica","status":"publish","type":"post","link":"https:\/\/www.notibras.com\/site\/greve-dos-rodoviarios-segue-em-sao-luis-com-impasse-na-justica\/","title":{"rendered":"Greve dos rodovi\u00e1rios segue em S\u00e3o Lu\u00eds, com impasse na Justi\u00e7a"},"content":{"rendered":"<p>A greve dos rodovi\u00e1rios da empresa 1001 completou mais um dia nesta semana em S\u00e3o Lu\u00eds, mantendo boa parte da frota fora de circula\u00e7\u00e3o e afetando milhares de passageiros que dependem do transporte coletivo para trabalhar, estudar e realizar atividades essenciais. O impasse, que come\u00e7ou ap\u00f3s a paralisa\u00e7\u00e3o iniciada pelos motoristas e cobradores, permanece sem previs\u00e3o de encerramento.<\/p>\n<p>O principal ponto de conflito envolve o pagamento de subs\u00eddios \u00e0 empresa, recurso considerado fundamental para manter a opera\u00e7\u00e3o regular das linhas que atendem bairros da capital. A 1001 afirma que s\u00f3 poder\u00e1 retomar o servi\u00e7o integral quando a Prefeitura de S\u00e3o Lu\u00eds efetivar a libera\u00e7\u00e3o dos valores referentes a repasses atrasados, indispens\u00e1veis para custear despesas operacionais e garantir benef\u00edcios aos trabalhadores.<\/p>\n<p>Do outro lado, a Prefeitura sustenta que os pagamentos dependem de decis\u00f5es judiciais e do cumprimento de requisitos formais por parte da empresa. Segundo o Executivo municipal, ainda h\u00e1 pend\u00eancias na presta\u00e7\u00e3o de contas e diverg\u00eancias sobre o montante que deve ser repassado, o que levou o caso para an\u00e1lise da Justi\u00e7a.<\/p>\n<p>Na \u00faltima audi\u00eancia, realizada no Tribunal Regional do Trabalho, n\u00e3o houve acordo entre representantes da empresa, do sindicato e do munic\u00edpio. Os trabalhadores exigem o pagamento imediato de sal\u00e1rios e benef\u00edcios atrasados, alegando que a situa\u00e7\u00e3o financeira dos profissionais se tornou insustent\u00e1vel. J\u00e1 a 1001 refor\u00e7a que depende do subs\u00eddio para regularizar os valores e retornar \u00e0s opera\u00e7\u00f5es normais.<\/p>\n<p>Enquanto o impasse segue, usu\u00e1rios continuam enfrentando longas esperas nos pontos de \u00f4nibus, linhas reduzidas e ve\u00edculos lotados das empresas que ainda seguem operando. Moradores de bairros mais afastados relatam dificuldades ainda maiores, j\u00e1 que algumas rotas n\u00e3o t\u00eam alternativas de deslocamento.<\/p>\n<p>A Justi\u00e7a deve convocar uma nova rodada de negocia\u00e7\u00e3o nos pr\u00f3ximos dias. At\u00e9 l\u00e1, passageiros, rodovi\u00e1rios e a pr\u00f3pria empresa seguem aguardando uma solu\u00e7\u00e3o que permita o retorno pleno do servi\u00e7o e o fim da greve que j\u00e1 afeta a rotina da capital maranhense.<\/p>\n","protected":false},"excerpt":{"rendered":"<p>A greve dos rodovi\u00e1rios da empresa 1001 completou mais um dia nesta semana em S\u00e3o Lu\u00eds, mantendo boa parte da frota fora de circula\u00e7\u00e3o e afetando milhares de passageiros que dependem do transporte coletivo para trabalhar, estudar e realizar atividades essenciais. O impasse, que come\u00e7ou ap\u00f3s a paralisa\u00e7\u00e3o iniciada pelos motoristas e cobradores, permanece sem [&hellip;]<\/p>\n","protected":false},"author":2,"featured_media":372168,"comment_status":"closed","ping_status":"closed","sticky":false,"template":"","format":"standard","meta":{"_acf_changed":false,"footnotes":""},"categories":[165],"tags":[],"class_list":["post-372167","post","type-post","status-publish","format-standard","has-post-thumbnail","hentry","category-nordeste"],"acf":[],"_links":{"self":[{"href":"https:\/\/www.notibras.com\/site\/wp-json\/wp\/v2\/posts\/372167","targetHints":{"allow":["GET"]}}],"collection":[{"href":"https:\/\/www.notibras.com\/site\/wp-json\/wp\/v2\/posts"}],"about":[{"href":"https:\/\/www.notibras.com\/site\/wp-json\/wp\/v2\/types\/post"}],"author":[{"embeddable":true,"href":"https:\/\/www.notibras.com\/site\/wp-json\/wp\/v2\/users\/2"}],"replies":[{"embeddable":true,"href":"https:\/\/www.notibras.com\/site\/wp-json\/wp\/v2\/comments?post=372167"}],"version-history":[{"count":1,"href":"https:\/\/www.notibras.com\/site\/wp-json\/wp\/v2\/posts\/372167\/revisions"}],"predecessor-version":[{"id":372169,"href":"https:\/\/www.notibras.com\/site\/wp-json\/wp\/v2\/posts\/372167\/revisions\/372169"}],"wp:featuredmedia":[{"embeddable":true,"href":"https:\/\/www.notibras.com\/site\/wp-json\/wp\/v2\/media\/372168"}],"wp:attachment":[{"href":"https:\/\/www.notibras.com\/site\/wp-json\/wp\/v2\/media?parent=372167"}],"wp:term":[{"taxonomy":"category","embeddable":true,"href":"https:\/\/www.notibras.com\/site\/wp-json\/wp\/v2\/categories?post=372167"},{"taxonomy":"post_tag","embeddable":true,"href":"https:\/\/www.notibras.com\/site\/wp-json\/wp\/v2\/tags?post=372167"}],"curies":[{"name":"wp","href":"https:\/\/api.w.org\/{rel}","templated":true}]}}