{"id":372186,"date":"2025-11-25T02:00:07","date_gmt":"2025-11-25T05:00:07","guid":{"rendered":"https:\/\/www.notibras.com\/site\/?p=372186"},"modified":"2025-11-24T21:15:55","modified_gmt":"2025-11-25T00:15:55","slug":"uma-conversa-do-alem","status":"publish","type":"post","link":"https:\/\/www.notibras.com\/site\/uma-conversa-do-alem\/","title":{"rendered":"Uma conversa do al\u00e9m"},"content":{"rendered":"<p>Bartolomeu morreu e n\u00e3o percebeu, como se aquilo fosse cochilo de domingo \u00e0 tarde. J\u00e1 acordou do outro lado, no caso, o al\u00e9m, como se nada tivesse acontecido de diferente. No entanto, n\u00e3o tardou, pensou que estivesse sonhando. O motivo? \u00c9 que se deparou com o Osvaldo, antigo desafeto, cujo destino, at\u00e9 onde Bartolomeu tinha conhecimento, teria sido na boca de um cl\u00e3 de hienas no parque Masai Mara, no Qu\u00eania.<\/p>\n<p>O defunto de \u00faltima hora, caso n\u00e3o estivesse mortinho da silva, certamente teria enfartado quando percebeu que Osvaldo se aproximou com aquele sorriso debochado e, pasmem, puxou conversa.<\/p>\n<p>\u2014 Finalmente, Bart\u00f4!<\/p>\n<p>\u2014 Bartolomeu, por favor!<\/p>\n<p>\u2014 Que isso? Somos amigos h\u00e1 tanto tempo!<\/p>\n<p>\u2014 Conhecidos e nada mais, Osvaldo.<\/p>\n<p>\u2014 Ih! Tu j\u00e1 chegou todo azedo!<\/p>\n<p>\u2014 Como assim?<\/p>\n<p>\u2014 Azedo. Que nem lim\u00e3o.<\/p>\n<p>\u2014 N\u00e3o \u00e9 isso.<\/p>\n<p>\u2014 Como n\u00e3o \u00e9, Bart\u00f4? Quer dizer, senhor Bartolomeu.<\/p>\n<p>\u2014 N\u00e3o precisa ser sarc\u00e1stico.<\/p>\n<p>\u2014 Hum! Mas tu continua o mesmo chato de galocha, hein?!<\/p>\n<p>\u2014 Desculpe. Colegas. Pode ser?<\/p>\n<p>\u2014 Que seja, n\u00e9, Bartolomeu?!<\/p>\n<p>\u2014 Mas voc\u00ea disse que eu j\u00e1 cheguei.<\/p>\n<p>\u2014 \u00c9.<\/p>\n<p>\u2014 Cheguei onde especificamente?<\/p>\n<p>\u2014 Ah, n\u00e3o acredito!<\/p>\n<p>\u2014 N\u00e3o acredita no qu\u00ea, Osvaldo?<\/p>\n<p>\u2014 Tu \u00e9 mesmo um sortudo!<\/p>\n<p>\u2014 Sortudo?<\/p>\n<p>\u2014 \u00c9!<\/p>\n<p>\u2014 Voc\u00ea poderia ser mais direito, Osvaldo?<\/p>\n<p>\u2014 Tu tava dormindo, n\u00e9?<\/p>\n<p>\u2014 \u00c9.<\/p>\n<p>\u2014 Sabia!<\/p>\n<p>\u2014 Por acaso anda me espionando agora?<\/p>\n<p>\u2014 N\u00e3o \u00e9 isso, Bart\u00f4&#8230; Quer dizer, Bartolomeu.<\/p>\n<p>\u2014 E \u00e9 o qu\u00ea, ent\u00e3o?<\/p>\n<p>\u2014 Tu morreu! T\u00e1 mortinho que nem eu e todo aquele povo dali.<\/p>\n<p>\u2014 Morto? Voc\u00ea quer dizer morto de verdade?<\/p>\n<p>\u2014 \u00c9! S\u00f3 n\u00e3o v\u00e1 ter um piripaque.<\/p>\n<p>\u2014 O qu\u00ea?<\/p>\n<p>\u2014 Brincadeira! Aqui ningu\u00e9m morre.<\/p>\n<p>\u2014 N\u00e3o?<\/p>\n<p>\u2014 \u00d3bvio que n\u00e3o! S\u00f3 se morre uma vez, Bartolomeu.<\/p>\n<p>\u2014 O qu\u00ea? E aquele lance de reencarna\u00e7\u00e3o? N\u00e3o existe?<\/p>\n<p>\u2014 Bobagem! Morreu, morreu, babau.<\/p>\n<p>Bartolomeu, olhos arregalados, n\u00e3o sabia o que dizer. Ainda se considerava jovem. Quer dizer, havia passado dos 40 sem grandes remorsos e, agora que estava perto de completar meio s\u00e9culo, todos os planos teriam se transformado em p\u00f3.<\/p>\n<p>De t\u00e3o perplexo com aquela situa\u00e7\u00e3o, come\u00e7ou a sentir a orelha esquerda esquentando, como se algu\u00e9m estivesse falando mal dele. O que estariam dizendo?<\/p>\n<p>Junto \u00e0 quentura, sentiu tamb\u00e9m a umidade. Agora n\u00e3o duvidava de que o estavam malhando quem nem Judas. O que ele teria feito de t\u00e3o ruim para merecer tudo aquilo? Sempre se considerou bom filho, bom irm\u00e3o, bom marido, bom pai, bom amigo&#8230; Diante de tantas d\u00favidas, Bartolomeu abriu os olhos e deu de cara com o Bronquinho, seu buldogue, que, ap\u00f3s tantas lambidas, conseguiu despert\u00e1-lo.<\/p>\n<p><strong>\u2026\u2026\u2026\u2026\u2026\u2026\u2026\u2026<\/strong><\/p>\n<p><strong>Eduardo Mart\u00ednez \u00e9 autor do livro \u201957 Contos e Cr\u00f4nicas por um Autor Muito Velho\u2019 (Vencedor do Pr\u00eamio Liter\u00e1rio Clarice Lispector \u2013 2025 na categoria livro de contos).<\/strong><\/p>\n<p><strong>Compre aqui<\/strong><\/p>\n<p><a href=\"https:\/\/www.joanineditora.com.br\/57-contos-e-cronicas-por-um-autor-muito-velho\"><strong>https:\/\/www.joanineditora.com.br\/57-contos-e-cronicas-por-um-autor-muito-velho<\/strong><\/a><\/p>\n","protected":false},"excerpt":{"rendered":"<p>Bartolomeu morreu e n\u00e3o percebeu, como se aquilo fosse cochilo de domingo \u00e0 tarde. J\u00e1 acordou do outro lado, no caso, o al\u00e9m, como se nada tivesse acontecido de diferente. No entanto, n\u00e3o tardou, pensou que estivesse sonhando. O motivo? \u00c9 que se deparou com o Osvaldo, antigo desafeto, cujo destino, at\u00e9 onde Bartolomeu tinha [&hellip;]<\/p>\n","protected":false},"author":21,"featured_media":372187,"comment_status":"closed","ping_status":"closed","sticky":false,"template":"","format":"standard","meta":{"_acf_changed":false,"footnotes":""},"categories":[161],"tags":[],"class_list":["post-372186","post","type-post","status-publish","format-standard","has-post-thumbnail","hentry","category-quadradinho-em-foco"],"acf":[],"_links":{"self":[{"href":"https:\/\/www.notibras.com\/site\/wp-json\/wp\/v2\/posts\/372186","targetHints":{"allow":["GET"]}}],"collection":[{"href":"https:\/\/www.notibras.com\/site\/wp-json\/wp\/v2\/posts"}],"about":[{"href":"https:\/\/www.notibras.com\/site\/wp-json\/wp\/v2\/types\/post"}],"author":[{"embeddable":true,"href":"https:\/\/www.notibras.com\/site\/wp-json\/wp\/v2\/users\/21"}],"replies":[{"embeddable":true,"href":"https:\/\/www.notibras.com\/site\/wp-json\/wp\/v2\/comments?post=372186"}],"version-history":[{"count":2,"href":"https:\/\/www.notibras.com\/site\/wp-json\/wp\/v2\/posts\/372186\/revisions"}],"predecessor-version":[{"id":372189,"href":"https:\/\/www.notibras.com\/site\/wp-json\/wp\/v2\/posts\/372186\/revisions\/372189"}],"wp:featuredmedia":[{"embeddable":true,"href":"https:\/\/www.notibras.com\/site\/wp-json\/wp\/v2\/media\/372187"}],"wp:attachment":[{"href":"https:\/\/www.notibras.com\/site\/wp-json\/wp\/v2\/media?parent=372186"}],"wp:term":[{"taxonomy":"category","embeddable":true,"href":"https:\/\/www.notibras.com\/site\/wp-json\/wp\/v2\/categories?post=372186"},{"taxonomy":"post_tag","embeddable":true,"href":"https:\/\/www.notibras.com\/site\/wp-json\/wp\/v2\/tags?post=372186"}],"curies":[{"name":"wp","href":"https:\/\/api.w.org\/{rel}","templated":true}]}}