{"id":372200,"date":"2025-11-25T00:45:48","date_gmt":"2025-11-25T03:45:48","guid":{"rendered":"https:\/\/www.notibras.com\/site\/?p=372200"},"modified":"2025-11-25T05:47:00","modified_gmt":"2025-11-25T08:47:00","slug":"carreta-itinerante-de-mamografia-inicia-atendimentos-gratuitos","status":"publish","type":"post","link":"https:\/\/www.notibras.com\/site\/carreta-itinerante-de-mamografia-inicia-atendimentos-gratuitos\/","title":{"rendered":"Carreta Itinerante de Mamografia inicia atendimentos gratuitos"},"content":{"rendered":"<p>\u201cTenho hist\u00f3rico familiar de c\u00e2ncer muito grande. N\u00e3o fa\u00e7o a mamografia h\u00e1 mais de 10 anos, por conta de muitas dificuldades. Fiquei sabendo desta a\u00e7\u00e3o, me inscrevi e j\u00e1 consegui o atendimento. Isso \u00e9 maravilhoso! A resposta foi r\u00e1pida e estou muito feliz\u201d, afirmou a assistente administrativa, Ieda Gomes, 56 anos.<\/p>\n<p>A Carreta de Mamografia da Funda\u00e7\u00e3o La\u00e7o Rosa chegou ao Distrito Federal nesta segunda-feira (24), no estacionamento ao lado do Buriti, com exames gratuitos de mamografia para o diagn\u00f3stico precoce do c\u00e2ncer de mama. Em parceria com a Secretaria da Mulher (SMDF), a unidade m\u00f3vel iniciou hoje e vai at\u00e9 29 de novembro, nas regi\u00f5es de Ceil\u00e2ndia, Estrutural, Sol Nascente e Plano Piloto. A expectativa \u00e9 realizar mais de 500 exames gratuitos ao longo da semana.<\/p>\n<p>\u201cEssa mobiliza\u00e7\u00e3o salva vidas e leva dignidade para quem mais precisa. O Estado deve se fazer presente, com sensibilidade para levar cuidado, acolhimento e conscientiza\u00e7\u00e3o para as mulheres\u201d, disse a vice-governadora Celina Le\u00e3o.<\/p>\n<p>O exame \u00e9 gratuito e as vagas s\u00e3o limitadas. Entre os crit\u00e9rios para sele\u00e7\u00e3o de benefici\u00e1rias est\u00e3o: idade, data do \u00faltimo exame, indica\u00e7\u00e3o cl\u00ednica e ordem de inscri\u00e7\u00e3o. As usu\u00e1rias contempladas ser\u00e3o contatadas via WhatsApp pela equipe da Funda\u00e7\u00e3o La\u00e7o Rosa para confirmar o agendamento do exame. Os atendimentos ocorrem das 10h \u00e0s 17h, na unidade itinerante.<\/p>\n<p>Para a secret\u00e1ria da Mulher, Giselle Ferreira, esse projeto \u00e9 fundamental por ampliar o acesso ao exame, levando o diagn\u00f3stico precoce do c\u00e2ncer de mama para mulheres que t\u00eam dificuldades de acesso. \u201cCom a unidade m\u00f3vel, mais pessoas conseguem realizar a mamografia de forma gratuita e com estrutura completa. Essa a\u00e7\u00e3o incentiva o autocuidado, sa\u00fade e qualidade de vida\u201d.<\/p>\n<p>Os agendamentos devem ser feitos com anteced\u00eancia neste site, por meio de formul\u00e1rio, ressaltando que o cadastro n\u00e3o garante a vaga. A a\u00e7\u00e3o tamb\u00e9m inclui atividades de acolhimento e conscientiza\u00e7\u00e3o voltadas \u00e0s mulheres.<\/p>\n<p>Segundo a presidente da Funda\u00e7\u00e3o La\u00e7o Rosa, Marcelle Medeiros, a carreta alerta sobre a import\u00e2ncia \u00e0 sa\u00fade da mulher. \u201cEsses exames salvam vidas, mas o acesso nem sempre \u00e9 f\u00e1cil, seja por medo, por falta de dinheiro, deslocamento ou oferta. A carreta passa pelos lugares trazendo mobiliza\u00e7\u00e3o por um assunto que muitas vezes \u00e9 negligenciado. Com esse apoio do GDF, conseguimos acolher e informar\u201d.<\/p>\n<p><strong>Veja os hor\u00e1rios e locais de atendimento na Carreta de Mamografia:<\/strong><\/p>\n<p>\u2022 24\/11 (segunda-feira): Em frente ao Pal\u00e1cio do Buriti (de 10h \u00e0s 17h);<\/p>\n<p>\u2022 25\/11 (ter\u00e7a-feira): Entrada da Regi\u00e3o Administrativa da Estrutural ao lado do posto de sa\u00fade (de 10h \u00e0s 17h);<\/p>\n<p>\u2022 26 e 27\/11 (quarta e quinta-feira): Casa da Mulher Brasileira, CNM 1, Ceil\u00e2ndia (de 10h \u00e0s 17h);<\/p>\n<p>\u2022 28 e 29\/11 (sexta e s\u00e1bado): Sol Nascente \u2014 estacionamento lateral do Fort Atacadista (de 10h \u00e0s 17h).<\/p>\n<p>O exame \u00e9 o principal m\u00e9todo de rastreamento do c\u00e2ncer de mama e, quando realizado regularmente, permite detectar a doen\u00e7a ainda nos est\u00e1gios iniciais, aumentando em at\u00e9 95% as chances de cura. A iniciativa integra o compromisso do Governo do Distrito Federal (GDF) em ampliar o acesso \u00e0 sa\u00fade e fortalecer pol\u00edticas p\u00fablicas voltadas \u00e0s mulheres.<\/p>\n<p><strong>Quem pode participar:<\/strong><\/p>\n<p>\u2022 Mulheres a partir de 40 anos, benefici\u00e1rias do SUS, que n\u00e3o tenham feito mamografia nos \u00faltimos 12 meses;<\/p>\n<p>\u2022 Mulheres abaixo de 40 anos, benefici\u00e1rias do SUS, apenas com pedido m\u00e9dico ou indica\u00e7\u00e3o cl\u00ednica.<\/p>\n","protected":false},"excerpt":{"rendered":"<p>\u201cTenho hist\u00f3rico familiar de c\u00e2ncer muito grande. N\u00e3o fa\u00e7o a mamografia h\u00e1 mais de 10 anos, por conta de muitas dificuldades. Fiquei sabendo desta a\u00e7\u00e3o, me inscrevi e j\u00e1 consegui o atendimento. Isso \u00e9 maravilhoso! A resposta foi r\u00e1pida e estou muito feliz\u201d, afirmou a assistente administrativa, Ieda Gomes, 56 anos. A Carreta de Mamografia [&hellip;]<\/p>\n","protected":false},"author":21,"featured_media":372201,"comment_status":"closed","ping_status":"closed","sticky":false,"template":"","format":"standard","meta":{"_acf_changed":false,"footnotes":""},"categories":[161],"tags":[],"class_list":["post-372200","post","type-post","status-publish","format-standard","has-post-thumbnail","hentry","category-quadradinho-em-foco"],"acf":[],"_links":{"self":[{"href":"https:\/\/www.notibras.com\/site\/wp-json\/wp\/v2\/posts\/372200","targetHints":{"allow":["GET"]}}],"collection":[{"href":"https:\/\/www.notibras.com\/site\/wp-json\/wp\/v2\/posts"}],"about":[{"href":"https:\/\/www.notibras.com\/site\/wp-json\/wp\/v2\/types\/post"}],"author":[{"embeddable":true,"href":"https:\/\/www.notibras.com\/site\/wp-json\/wp\/v2\/users\/21"}],"replies":[{"embeddable":true,"href":"https:\/\/www.notibras.com\/site\/wp-json\/wp\/v2\/comments?post=372200"}],"version-history":[{"count":5,"href":"https:\/\/www.notibras.com\/site\/wp-json\/wp\/v2\/posts\/372200\/revisions"}],"predecessor-version":[{"id":372237,"href":"https:\/\/www.notibras.com\/site\/wp-json\/wp\/v2\/posts\/372200\/revisions\/372237"}],"wp:featuredmedia":[{"embeddable":true,"href":"https:\/\/www.notibras.com\/site\/wp-json\/wp\/v2\/media\/372201"}],"wp:attachment":[{"href":"https:\/\/www.notibras.com\/site\/wp-json\/wp\/v2\/media?parent=372200"}],"wp:term":[{"taxonomy":"category","embeddable":true,"href":"https:\/\/www.notibras.com\/site\/wp-json\/wp\/v2\/categories?post=372200"},{"taxonomy":"post_tag","embeddable":true,"href":"https:\/\/www.notibras.com\/site\/wp-json\/wp\/v2\/tags?post=372200"}],"curies":[{"name":"wp","href":"https:\/\/api.w.org\/{rel}","templated":true}]}}