{"id":372206,"date":"2025-11-25T01:00:30","date_gmt":"2025-11-25T04:00:30","guid":{"rendered":"https:\/\/www.notibras.com\/site\/?p=372206"},"modified":"2025-11-25T05:45:30","modified_gmt":"2025-11-25T08:45:30","slug":"chega-proposta-de-melhor-educacao-alimentar-e-nutricional","status":"publish","type":"post","link":"https:\/\/www.notibras.com\/site\/chega-proposta-de-melhor-educacao-alimentar-e-nutricional\/","title":{"rendered":"Chega proposta de melhor educa\u00e7\u00e3o alimentar e nutricional"},"content":{"rendered":"<p>Fortalecer as a\u00e7\u00f5es de Educa\u00e7\u00e3o Alimentar e Nutricional (EAN) no Distrito Federal para articular as pol\u00edticas de seguran\u00e7a alimentar e de assist\u00eancia social \u00e9 o objetivo do III Plano de Educa\u00e7\u00e3o Alimentar e Nutricional da Sedes (2025-2027). Lan\u00e7ado pela Secretaria de Desenvolvimento Social durante a oficina Conex\u00e3o EAN,\u00a0 o documento ressalta o compromisso da Sedes com a capacita\u00e7\u00e3o dos servidores sobre o tema para aprendizado e aplica\u00e7\u00e3o no dia a dia, no ambiente de trabalho e na vida pessoal.<\/p>\n<p>\u201cO plano \u00e9 um documento estrat\u00e9gico que contribui para a promo\u00e7\u00e3o de h\u00e1bitos alimentares saud\u00e1veis e redu\u00e7\u00e3o das desigualdades sociais. Neste terceiro plano, a ideia \u00e9 fortalecer as a\u00e7\u00f5es de EAN dentro da secretaria e sensibilizar os servidores para que eles, al\u00e9m de cuidarem melhor da sa\u00fade, possam ser agentes multiplicadores de informa\u00e7\u00e3o de qualidade\u201d, pontuou a secret\u00e1ria de Desenvolvimento Social, Ana Paula Marra.<\/p>\n<p>Organizada pelo Comit\u00ea Gestor Permanente de Educa\u00e7\u00e3o Alimentar e Nutricional da Sedes, a oficina teve como objetivo promover o conhecimento e entendimento sobre educa\u00e7\u00e3o alimentar e nutricional, capacitando os profissionais da Sedes e da rede parceira para a implementa\u00e7\u00e3o do plano.<\/p>\n<p>\u201cPensar em educa\u00e7\u00e3o alimentar e nutricional conectada com seguran\u00e7a alimentar e assist\u00eancia social \u00e9 fundamental. A fome e a inseguran\u00e7a alimentar e nutricional est\u00e3o presentes nos territ\u00f3rios, nas portas das unidades socioassistenciais, como o Cras e o Creas. S\u00e3o nessas unidades de acolhimento que as fam\u00edlias se vinculam. Por isso, temos este plano, para orientar e criar estrat\u00e9gias de EAN\u201d, explicou a presidente do Comit\u00ea Permanente de Educa\u00e7\u00e3o Alimentar e Nutricional, Carolina Suaid.<\/p>\n<p>A palestrante e especialista em pol\u00edticas p\u00fablicas e gest\u00e3o governamental, Milena Serenini, representante da Secretaria Nacional de Seguran\u00e7a Alimentar e Nutricional do Minist\u00e9rio do Desenvolvimento e Assist\u00eancia Social, Fam\u00edlia e Combate \u00e0 Fome (MDS), destacou a iniciativa da Sedes na promo\u00e7\u00e3o da oficina: \u201cO Governo do Distrito Federal (GDF) j\u00e1 est\u00e1 no terceiro plano espec\u00edfico para esta agenda, o que, para n\u00f3s, \u00e9 uma grande inova\u00e7\u00e3o, j\u00e1 que ela tem uma import\u00e2ncia do ponto de vista t\u00e9cnico, pol\u00edtico e institucional. Entendemos que, a partir do momento que voc\u00ea define um plano com metas, monitoramentos e objetivos bem definidos e estabelecidos, as a\u00e7\u00f5es ocorrem de uma forma organizada e focalizada, considerando todas as adversidades dos territ\u00f3rios aqui do Distrito Federal\u201d, ressalta Milena Serenini.<\/p>\n<p>A palestra foi dividida em momentos de intera\u00e7\u00e3o, escuta e conversa. Por meio de uma din\u00e2mica inicial, foram alinhados conceitos acerca dos conhecimentos dos servidores sobre o direito \u00e0 alimenta\u00e7\u00e3o, a viola\u00e7\u00e3o desse direito e o que seria educa\u00e7\u00e3o alimentar e nutricional, seguindo por um panorama geral, abordando outros documentos importantes. \u201cHoje, n\u00f3s discutimos um pouco os princ\u00edpios do marco de refer\u00eancia de educa\u00e7\u00e3o alimentar e nutricional para as pol\u00edticas p\u00fablicas, o documento do governo federal que orienta toda a pr\u00e1tica de EAN nas diferentes pol\u00edticas do nosso pa\u00eds. \u00c9 importante que as a\u00e7\u00f5es de EAN ocorram de forma intersetorial e multidisciplinar sendo responsabilidade de todos os profissionais envolvidos e n\u00e3o de uma \u00fanica categoria\u201d, complementou Milena Serenini.<\/p>\n","protected":false},"excerpt":{"rendered":"<p>Fortalecer as a\u00e7\u00f5es de Educa\u00e7\u00e3o Alimentar e Nutricional (EAN) no Distrito Federal para articular as pol\u00edticas de seguran\u00e7a alimentar e de assist\u00eancia social \u00e9 o objetivo do III Plano de Educa\u00e7\u00e3o Alimentar e Nutricional da Sedes (2025-2027). Lan\u00e7ado pela Secretaria de Desenvolvimento Social durante a oficina Conex\u00e3o EAN,\u00a0 o documento ressalta o compromisso da Sedes [&hellip;]<\/p>\n","protected":false},"author":21,"featured_media":372207,"comment_status":"closed","ping_status":"closed","sticky":false,"template":"","format":"standard","meta":{"_acf_changed":false,"footnotes":""},"categories":[161],"tags":[],"class_list":["post-372206","post","type-post","status-publish","format-standard","has-post-thumbnail","hentry","category-quadradinho-em-foco"],"acf":[],"_links":{"self":[{"href":"https:\/\/www.notibras.com\/site\/wp-json\/wp\/v2\/posts\/372206","targetHints":{"allow":["GET"]}}],"collection":[{"href":"https:\/\/www.notibras.com\/site\/wp-json\/wp\/v2\/posts"}],"about":[{"href":"https:\/\/www.notibras.com\/site\/wp-json\/wp\/v2\/types\/post"}],"author":[{"embeddable":true,"href":"https:\/\/www.notibras.com\/site\/wp-json\/wp\/v2\/users\/21"}],"replies":[{"embeddable":true,"href":"https:\/\/www.notibras.com\/site\/wp-json\/wp\/v2\/comments?post=372206"}],"version-history":[{"count":5,"href":"https:\/\/www.notibras.com\/site\/wp-json\/wp\/v2\/posts\/372206\/revisions"}],"predecessor-version":[{"id":372236,"href":"https:\/\/www.notibras.com\/site\/wp-json\/wp\/v2\/posts\/372206\/revisions\/372236"}],"wp:featuredmedia":[{"embeddable":true,"href":"https:\/\/www.notibras.com\/site\/wp-json\/wp\/v2\/media\/372207"}],"wp:attachment":[{"href":"https:\/\/www.notibras.com\/site\/wp-json\/wp\/v2\/media?parent=372206"}],"wp:term":[{"taxonomy":"category","embeddable":true,"href":"https:\/\/www.notibras.com\/site\/wp-json\/wp\/v2\/categories?post=372206"},{"taxonomy":"post_tag","embeddable":true,"href":"https:\/\/www.notibras.com\/site\/wp-json\/wp\/v2\/tags?post=372206"}],"curies":[{"name":"wp","href":"https:\/\/api.w.org\/{rel}","templated":true}]}}