{"id":372239,"date":"2025-11-25T05:58:58","date_gmt":"2025-11-25T08:58:58","guid":{"rendered":"https:\/\/www.notibras.com\/site\/?p=372239"},"modified":"2025-11-25T05:58:58","modified_gmt":"2025-11-25T08:58:58","slug":"o-mago-mais-polemico-da-golden-dawn","status":"publish","type":"post","link":"https:\/\/www.notibras.com\/site\/o-mago-mais-polemico-da-golden-dawn\/","title":{"rendered":"O mago mais pol\u00eamico da Golden Dawn"},"content":{"rendered":"<p>O controverso mago brit\u00e2nico Aleister Crowley (1875\u20131947), nasceu em uma fam\u00edlia da Irmandade dos Irm\u00e3os de Plymouth. Logo cedo Crowley rompeu com a rigidez religiosa protestante, desenvolvendo interesse pelo ocultismo, filosofia oriental e magia aplicada. O marco inicial do esoterismo na vida de Crowley \u00e9 o seu ingresso na Hermetic Order of the Golden Dawn (Ordem Herm\u00e9tica Aurora Dourada), onde estudou cabala, alquimia e magia cerimonial.<\/p>\n<p>A partir de 1904, Crowley afirmou ter recebido a mensagem espiritual que ditou o livro The Book of the Law (O livro das leis), texto usado na funda\u00e7\u00e3o da religi\u00e3o filos\u00f3fica Thelema, cujo princ\u00edpio central \u201cFaze o que tu queres h\u00e1 de ser o todo da Lei\u201d sintetiza uma \u00e9tica do \u201cVerdadeiro Desejo\u201d (True Will), entendido como a natureza mais profunda do ser.<\/p>\n<p>O sistema thel\u00eamico, adotado como fundamento da A\u2234A\u2234 (Astrum Argentum), Estrela de Prata, ordem fundada por Crowley e George Cecil Jones, em 1907, compreende uma estrutura inici\u00e1tica centrada na descoberta e realiza\u00e7\u00e3o do Verdadeiro Desejo, conceito estrutural do edif\u00edcio filos\u00f3fico de Thelema. Esse sistema integra pr\u00e1ticas de purifica\u00e7\u00e3o, controle mental, estudo cabal\u00edstico, rituais de invoca\u00e7\u00e3o e exerc\u00edcios de misticismo oriental, articulando uma senda graduada orientada para a uni\u00e3o do indiv\u00edduo com sua natureza mais profunda.<\/p>\n<p>Crowley desenvolveu um corpo sistem\u00e1tico de Magia (\u201cMagick\u201d, grafada com K para distingui-la de ilusionismo), que definiu como \u201ca ci\u00eancia e a arte de causar mudan\u00e7as em conformidade com a Vontade\u201d. A magia pr\u00e1tica de Crowley inclui rituais cerimoniais, yoga, medita\u00e7\u00e3o, an\u00e1lises cabal\u00edsticas e opera\u00e7\u00f5es astrom\u00e1gicas. A obra de sua autoria Magia: teoria e pr\u00e1tica apresenta um arcabou\u00e7o interdisciplinar que integra psicologia, simbolismo herm\u00e9tico e t\u00e9cnicas orientais de concentra\u00e7\u00e3o. Sua abordagem influenciou diretamente escolas posteriores, como a Magia do Caos, a magia sexual moderna e diversas vertentes da alta magia contempor\u00e2nea. A influ\u00eancia de Crowley na Magia do Caos transita pela defini\u00e7\u00e3o de Caos Magick com \u00eanfase na vontade individual. Os Sigilos ca\u00f3ticos derivam parcialmente de m\u00e9todos de visualiza\u00e7\u00e3o e condensa\u00e7\u00e3o simb\u00f3lica do sistema thel\u00eamico, e ambos possuem ra\u00edzes ancestrais pag\u00e3s.<\/p>\n<p>O Tar\u00f4 de Aleister Crowley, tamb\u00e9m conhecido como Tar\u00f4 de Thoth, foi criado por Aleister Crowley e ilustrado pela artista Frieda Harris. \u00c9 conhecido por seu simbolismo complexo surrealista, que incorpora elementos de diversos sistemas esot\u00e9ricos, como magia cerimonial, astrologia, alquimia e a filosofia religiosa de Thelema. O baralho de Thoth se destaca por seus desenhos intrincados surrealistas e foi tema do pr\u00f3prio livro de Crowley, O Livro de Thoth.<\/p>\n<p>Ao romper com a Golden Dawn, Crowley ingressou na Ordo Templi Orientis (O.T.O.), onde reformulou o sistema ritual e reordenou os graus inici\u00e1ticos \u00e0 luz de Thelema, tornando-se O.H.O. (Chefe Externo da Ordem). Em seguida fundou a A\u2234A\u2234 ordem dedicada ao treinamento individual de inicia\u00e7\u00e3o, estruturada em graus progressivos e estudos graduais, acompanhados por instru\u00e7\u00f5es codificadas ou sigilosas. Este procedimento inici\u00e1tico hier\u00e1rquico \u00e9 adotado por diversas escolas herm\u00e9ticas, como o Col\u00e9gio dos Magos e Sacerdotisas.<\/p>\n<p>Em termos comparativos estruturais e doutrin\u00e1rios das Ordens Herm\u00e9ticas frequentadas por Crowley, assim se distinguiam: Golden Dawn: estrutura complexa, foco cerimonial e simb\u00f3lico, organiza\u00e7\u00e3o r\u00edgida; A\u2234A\u2234: enfoque individual e asc\u00e9tico, disciplina e experimenta\u00e7\u00e3o; O.T.O.: elementos ma\u00e7\u00f4nicos, ritual\u00edstica coletiva, magia sexual e thel\u00eamica.<\/p>\n<p>Os rituais operados por Aleister Crowley utilizavam as ferramentas tradicionais da magia, como a espada, a varinha, o pant\u00e1culo, e o c\u00e1lice; tamb\u00e9m fazia uso de incensos espec\u00edficos (ol\u00edbano, mirra, benjoim), sigilos, talism\u00e3s e tabelas cabal\u00edsticas e tamb\u00e9m pr\u00e1ticas de respira\u00e7\u00e3o e visualiza\u00e7\u00e3o provenientes de Yoga. Nos graus avan\u00e7ados da O.T.O. operava com t\u00e9cnicas de magia sexual, gerando cr\u00edticas e pol\u00eamicas no seio das ordens herm\u00e9ticas, sobretudo devido ao uso de psicotr\u00f3picos e pr\u00e1ticas sexuais ritual\u00edsticas consideradas transgressoras.<\/p>\n<p>Ocultista, poeta, espi\u00e3o, alpinista, mago e profeta Crowley foi considerado \u201co homem mais depravado do mundo\u201d, segundo a imprensa da \u00e9poca; e &#8220;um dos 100 brit\u00e2nicos mais importantes do s\u00e9culo XX&#8221;, de acordo com a BBC.<\/p>\n<p>Todavia, devemos considerar que Aleister Crowley consolidou um sistema m\u00e1gico-filos\u00f3fico de longo alcance, influenciando ordens, autores e movimentos esot\u00e9ricos contempor\u00e2neos, incluindo a Magia do Caos. Sua vida, permeada por pol\u00eamicas, inovou metodologias e propostas inici\u00e1ticas que permanecem na atualidade como objeto de estudo e pr\u00e1tica herm\u00e9tica.<\/p>\n<p>Seu legado permanece central para a hermen\u00eautica esot\u00e9rica moderna, seja pela sistematiza\u00e7\u00e3o ritual\u00edstica, a filosofia thel\u00eamica ou influ\u00eancia cultural que ultrapassa as fronteiras do ocultismo.<\/p>\n<p>&#8230;&#8230;&#8230;&#8230;&#8230;..<\/p>\n<p><strong>Giovanni Seabra<\/strong><br \/>\n<strong>Gr\u00e3o-Mestre do Col\u00e9gio dos Magos e Sacerdotisas<\/strong><br \/>\n<strong>@giovanniseabra.esoterico <\/strong><br \/>\n<strong>@colegiodosmagosesacerdotisas<\/strong><\/p>\n","protected":false},"excerpt":{"rendered":"<p>O controverso mago brit\u00e2nico Aleister Crowley (1875\u20131947), nasceu em uma fam\u00edlia da Irmandade dos Irm\u00e3os de Plymouth. Logo cedo Crowley rompeu com a rigidez religiosa protestante, desenvolvendo interesse pelo ocultismo, filosofia oriental e magia aplicada. O marco inicial do esoterismo na vida de Crowley \u00e9 o seu ingresso na Hermetic Order of the Golden Dawn [&hellip;]<\/p>\n","protected":false},"author":2,"featured_media":372240,"comment_status":"closed","ping_status":"closed","sticky":false,"template":"","format":"standard","meta":{"_acf_changed":false,"footnotes":""},"categories":[237],"tags":[],"class_list":["post-372239","post","type-post","status-publish","format-standard","has-post-thumbnail","hentry","category-oraculos"],"acf":[],"yoast_head":"<!-- This site is optimized with the Yoast SEO plugin v27.2 - https:\/\/yoast.com\/product\/yoast-seo-wordpress\/ -->\n<title>O mago mais pol\u00eamico da Golden Dawn - Notibras<\/title>\n<meta name=\"robots\" content=\"index, follow, max-snippet:-1, max-image-preview:large, max-video-preview:-1\" \/>\n<link rel=\"canonical\" href=\"https:\/\/www.notibras.com\/site\/o-mago-mais-polemico-da-golden-dawn\/\" \/>\n<meta property=\"og:locale\" content=\"pt_BR\" \/>\n<meta property=\"og:type\" content=\"article\" \/>\n<meta property=\"og:title\" content=\"O mago mais pol\u00eamico da Golden Dawn - Notibras\" \/>\n<meta property=\"og:description\" content=\"O controverso mago brit\u00e2nico Aleister Crowley (1875\u20131947), nasceu em uma fam\u00edlia da Irmandade dos Irm\u00e3os de Plymouth. Logo cedo Crowley rompeu com a rigidez religiosa protestante, desenvolvendo interesse pelo ocultismo, filosofia oriental e magia aplicada. O marco inicial do esoterismo na vida de Crowley \u00e9 o seu ingresso na Hermetic Order of the Golden Dawn [&hellip;]\" \/>\n<meta property=\"og:url\" content=\"https:\/\/www.notibras.com\/site\/o-mago-mais-polemico-da-golden-dawn\/\" \/>\n<meta property=\"og:site_name\" content=\"Notibras\" \/>\n<meta property=\"article:publisher\" content=\"https:\/\/www.facebook.com\/notibras\/\" \/>\n<meta property=\"article:published_time\" content=\"2025-11-25T08:58:58+00:00\" \/>\n<meta property=\"og:image\" content=\"https:\/\/www.notibras.com\/site\/wp-content\/uploads\/2025\/11\/33ed36f3-2f55-4072-8528-3d20273b12c4.jpg\" \/>\n\t<meta property=\"og:image:width\" content=\"674\" \/>\n\t<meta property=\"og:image:height\" content=\"1200\" \/>\n\t<meta property=\"og:image:type\" content=\"image\/jpeg\" \/>\n<meta name=\"author\" content=\"Reda\u00e7\u00e3o\" \/>\n<meta name=\"twitter:card\" content=\"summary_large_image\" \/>\n<meta name=\"twitter:creator\" content=\"@Notibras\" \/>\n<meta name=\"twitter:site\" content=\"@Notibras\" \/>\n<meta name=\"twitter:label1\" content=\"Escrito por\" \/>\n\t<meta name=\"twitter:data1\" content=\"Reda\u00e7\u00e3o\" \/>\n\t<meta name=\"twitter:label2\" content=\"Est. tempo de leitura\" \/>\n\t<meta name=\"twitter:data2\" content=\"5 minutos\" \/>\n<script type=\"application\/ld+json\" class=\"yoast-schema-graph\">{\"@context\":\"https:\/\/schema.org\",\"@graph\":[{\"@type\":\"Article\",\"@id\":\"https:\/\/www.notibras.com\/site\/o-mago-mais-polemico-da-golden-dawn\/#article\",\"isPartOf\":{\"@id\":\"https:\/\/www.notibras.com\/site\/o-mago-mais-polemico-da-golden-dawn\/\"},\"author\":{\"name\":\"Reda\u00e7\u00e3o\",\"@id\":\"https:\/\/www.notibras.com\/site\/#\/schema\/person\/36ab0979449956132d3e5b517ea76ac8\"},\"headline\":\"O mago mais pol\u00eamico da Golden Dawn\",\"datePublished\":\"2025-11-25T08:58:58+00:00\",\"mainEntityOfPage\":{\"@id\":\"https:\/\/www.notibras.com\/site\/o-mago-mais-polemico-da-golden-dawn\/\"},\"wordCount\":833,\"publisher\":{\"@id\":\"https:\/\/www.notibras.com\/site\/#organization\"},\"image\":{\"@id\":\"https:\/\/www.notibras.com\/site\/o-mago-mais-polemico-da-golden-dawn\/#primaryimage\"},\"thumbnailUrl\":\"https:\/\/www.notibras.com\/site\/wp-content\/uploads\/2025\/11\/33ed36f3-2f55-4072-8528-3d20273b12c4.jpg\",\"articleSection\":[\"Or\u00e1culos\"],\"inLanguage\":\"pt-BR\"},{\"@type\":\"WebPage\",\"@id\":\"https:\/\/www.notibras.com\/site\/o-mago-mais-polemico-da-golden-dawn\/\",\"url\":\"https:\/\/www.notibras.com\/site\/o-mago-mais-polemico-da-golden-dawn\/\",\"name\":\"O mago mais pol\u00eamico da Golden Dawn - Notibras\",\"isPartOf\":{\"@id\":\"https:\/\/www.notibras.com\/site\/#website\"},\"primaryImageOfPage\":{\"@id\":\"https:\/\/www.notibras.com\/site\/o-mago-mais-polemico-da-golden-dawn\/#primaryimage\"},\"image\":{\"@id\":\"https:\/\/www.notibras.com\/site\/o-mago-mais-polemico-da-golden-dawn\/#primaryimage\"},\"thumbnailUrl\":\"https:\/\/www.notibras.com\/site\/wp-content\/uploads\/2025\/11\/33ed36f3-2f55-4072-8528-3d20273b12c4.jpg\",\"datePublished\":\"2025-11-25T08:58:58+00:00\",\"breadcrumb\":{\"@id\":\"https:\/\/www.notibras.com\/site\/o-mago-mais-polemico-da-golden-dawn\/#breadcrumb\"},\"inLanguage\":\"pt-BR\",\"potentialAction\":[{\"@type\":\"ReadAction\",\"target\":[\"https:\/\/www.notibras.com\/site\/o-mago-mais-polemico-da-golden-dawn\/\"]}]},{\"@type\":\"ImageObject\",\"inLanguage\":\"pt-BR\",\"@id\":\"https:\/\/www.notibras.com\/site\/o-mago-mais-polemico-da-golden-dawn\/#primaryimage\",\"url\":\"https:\/\/www.notibras.com\/site\/wp-content\/uploads\/2025\/11\/33ed36f3-2f55-4072-8528-3d20273b12c4.jpg\",\"contentUrl\":\"https:\/\/www.notibras.com\/site\/wp-content\/uploads\/2025\/11\/33ed36f3-2f55-4072-8528-3d20273b12c4.jpg\",\"width\":674,\"height\":1200},{\"@type\":\"BreadcrumbList\",\"@id\":\"https:\/\/www.notibras.com\/site\/o-mago-mais-polemico-da-golden-dawn\/#breadcrumb\",\"itemListElement\":[{\"@type\":\"ListItem\",\"position\":1,\"name\":\"In\u00edcio\",\"item\":\"https:\/\/www.notibras.com\/site\/\"},{\"@type\":\"ListItem\",\"position\":2,\"name\":\"O mago mais pol\u00eamico da Golden Dawn\"}]},{\"@type\":\"WebSite\",\"@id\":\"https:\/\/www.notibras.com\/site\/#website\",\"url\":\"https:\/\/www.notibras.com\/site\/\",\"name\":\"Notibras\",\"description\":\"Not\u00edcias de Bras\u00edlia, do Brasil e do Mundo\",\"publisher\":{\"@id\":\"https:\/\/www.notibras.com\/site\/#organization\"},\"potentialAction\":[{\"@type\":\"SearchAction\",\"target\":{\"@type\":\"EntryPoint\",\"urlTemplate\":\"https:\/\/www.notibras.com\/site\/?s={search_term_string}\"},\"query-input\":{\"@type\":\"PropertyValueSpecification\",\"valueRequired\":true,\"valueName\":\"search_term_string\"}}],\"inLanguage\":\"pt-BR\"},{\"@type\":\"Organization\",\"@id\":\"https:\/\/www.notibras.com\/site\/#organization\",\"name\":\"Grupo Notibras de Comunica\u00e7\u00e3o\",\"url\":\"https:\/\/www.notibras.com\/site\/\",\"logo\":{\"@type\":\"ImageObject\",\"inLanguage\":\"pt-BR\",\"@id\":\"https:\/\/www.notibras.com\/site\/#\/schema\/logo\/image\/\",\"url\":\"https:\/\/www.notibras.com\/site\/wp-content\/uploads\/2023\/01\/notibras23.png\",\"contentUrl\":\"https:\/\/www.notibras.com\/site\/wp-content\/uploads\/2023\/01\/notibras23.png\",\"width\":350,\"height\":87,\"caption\":\"Grupo Notibras de Comunica\u00e7\u00e3o\"},\"image\":{\"@id\":\"https:\/\/www.notibras.com\/site\/#\/schema\/logo\/image\/\"},\"sameAs\":[\"https:\/\/www.facebook.com\/notibras\/\",\"https:\/\/x.com\/Notibras\",\"https:\/\/www.instagram.com\/notibras\/\"]},{\"@type\":\"Person\",\"@id\":\"https:\/\/www.notibras.com\/site\/#\/schema\/person\/36ab0979449956132d3e5b517ea76ac8\",\"name\":\"Reda\u00e7\u00e3o\",\"image\":{\"@type\":\"ImageObject\",\"inLanguage\":\"pt-BR\",\"@id\":\"https:\/\/secure.gravatar.com\/avatar\/e0a867bdedb85fd243eadf09663511f96fc81e0720a4a42581f334ad4303aa6b?s=96&d=mm&r=g\",\"url\":\"https:\/\/secure.gravatar.com\/avatar\/e0a867bdedb85fd243eadf09663511f96fc81e0720a4a42581f334ad4303aa6b?s=96&d=mm&r=g\",\"contentUrl\":\"https:\/\/secure.gravatar.com\/avatar\/e0a867bdedb85fd243eadf09663511f96fc81e0720a4a42581f334ad4303aa6b?s=96&d=mm&r=g\",\"caption\":\"Reda\u00e7\u00e3o\"}}]}<\/script>\n<!-- \/ Yoast SEO plugin. -->","yoast_head_json":{"title":"O mago mais pol\u00eamico da Golden Dawn - Notibras","robots":{"index":"index","follow":"follow","max-snippet":"max-snippet:-1","max-image-preview":"max-image-preview:large","max-video-preview":"max-video-preview:-1"},"canonical":"https:\/\/www.notibras.com\/site\/o-mago-mais-polemico-da-golden-dawn\/","og_locale":"pt_BR","og_type":"article","og_title":"O mago mais pol\u00eamico da Golden Dawn - Notibras","og_description":"O controverso mago brit\u00e2nico Aleister Crowley (1875\u20131947), nasceu em uma fam\u00edlia da Irmandade dos Irm\u00e3os de Plymouth. Logo cedo Crowley rompeu com a rigidez religiosa protestante, desenvolvendo interesse pelo ocultismo, filosofia oriental e magia aplicada. O marco inicial do esoterismo na vida de Crowley \u00e9 o seu ingresso na Hermetic Order of the Golden Dawn [&hellip;]","og_url":"https:\/\/www.notibras.com\/site\/o-mago-mais-polemico-da-golden-dawn\/","og_site_name":"Notibras","article_publisher":"https:\/\/www.facebook.com\/notibras\/","article_published_time":"2025-11-25T08:58:58+00:00","og_image":[{"width":674,"height":1200,"url":"https:\/\/www.notibras.com\/site\/wp-content\/uploads\/2025\/11\/33ed36f3-2f55-4072-8528-3d20273b12c4.jpg","type":"image\/jpeg"}],"author":"Reda\u00e7\u00e3o","twitter_card":"summary_large_image","twitter_creator":"@Notibras","twitter_site":"@Notibras","twitter_misc":{"Escrito por":"Reda\u00e7\u00e3o","Est. tempo de leitura":"5 minutos"},"schema":{"@context":"https:\/\/schema.org","@graph":[{"@type":"Article","@id":"https:\/\/www.notibras.com\/site\/o-mago-mais-polemico-da-golden-dawn\/#article","isPartOf":{"@id":"https:\/\/www.notibras.com\/site\/o-mago-mais-polemico-da-golden-dawn\/"},"author":{"name":"Reda\u00e7\u00e3o","@id":"https:\/\/www.notibras.com\/site\/#\/schema\/person\/36ab0979449956132d3e5b517ea76ac8"},"headline":"O mago mais pol\u00eamico da Golden Dawn","datePublished":"2025-11-25T08:58:58+00:00","mainEntityOfPage":{"@id":"https:\/\/www.notibras.com\/site\/o-mago-mais-polemico-da-golden-dawn\/"},"wordCount":833,"publisher":{"@id":"https:\/\/www.notibras.com\/site\/#organization"},"image":{"@id":"https:\/\/www.notibras.com\/site\/o-mago-mais-polemico-da-golden-dawn\/#primaryimage"},"thumbnailUrl":"https:\/\/www.notibras.com\/site\/wp-content\/uploads\/2025\/11\/33ed36f3-2f55-4072-8528-3d20273b12c4.jpg","articleSection":["Or\u00e1culos"],"inLanguage":"pt-BR"},{"@type":"WebPage","@id":"https:\/\/www.notibras.com\/site\/o-mago-mais-polemico-da-golden-dawn\/","url":"https:\/\/www.notibras.com\/site\/o-mago-mais-polemico-da-golden-dawn\/","name":"O mago mais pol\u00eamico da Golden Dawn - Notibras","isPartOf":{"@id":"https:\/\/www.notibras.com\/site\/#website"},"primaryImageOfPage":{"@id":"https:\/\/www.notibras.com\/site\/o-mago-mais-polemico-da-golden-dawn\/#primaryimage"},"image":{"@id":"https:\/\/www.notibras.com\/site\/o-mago-mais-polemico-da-golden-dawn\/#primaryimage"},"thumbnailUrl":"https:\/\/www.notibras.com\/site\/wp-content\/uploads\/2025\/11\/33ed36f3-2f55-4072-8528-3d20273b12c4.jpg","datePublished":"2025-11-25T08:58:58+00:00","breadcrumb":{"@id":"https:\/\/www.notibras.com\/site\/o-mago-mais-polemico-da-golden-dawn\/#breadcrumb"},"inLanguage":"pt-BR","potentialAction":[{"@type":"ReadAction","target":["https:\/\/www.notibras.com\/site\/o-mago-mais-polemico-da-golden-dawn\/"]}]},{"@type":"ImageObject","inLanguage":"pt-BR","@id":"https:\/\/www.notibras.com\/site\/o-mago-mais-polemico-da-golden-dawn\/#primaryimage","url":"https:\/\/www.notibras.com\/site\/wp-content\/uploads\/2025\/11\/33ed36f3-2f55-4072-8528-3d20273b12c4.jpg","contentUrl":"https:\/\/www.notibras.com\/site\/wp-content\/uploads\/2025\/11\/33ed36f3-2f55-4072-8528-3d20273b12c4.jpg","width":674,"height":1200},{"@type":"BreadcrumbList","@id":"https:\/\/www.notibras.com\/site\/o-mago-mais-polemico-da-golden-dawn\/#breadcrumb","itemListElement":[{"@type":"ListItem","position":1,"name":"In\u00edcio","item":"https:\/\/www.notibras.com\/site\/"},{"@type":"ListItem","position":2,"name":"O mago mais pol\u00eamico da Golden Dawn"}]},{"@type":"WebSite","@id":"https:\/\/www.notibras.com\/site\/#website","url":"https:\/\/www.notibras.com\/site\/","name":"Notibras","description":"Not\u00edcias de Bras\u00edlia, do Brasil e do Mundo","publisher":{"@id":"https:\/\/www.notibras.com\/site\/#organization"},"potentialAction":[{"@type":"SearchAction","target":{"@type":"EntryPoint","urlTemplate":"https:\/\/www.notibras.com\/site\/?s={search_term_string}"},"query-input":{"@type":"PropertyValueSpecification","valueRequired":true,"valueName":"search_term_string"}}],"inLanguage":"pt-BR"},{"@type":"Organization","@id":"https:\/\/www.notibras.com\/site\/#organization","name":"Grupo Notibras de Comunica\u00e7\u00e3o","url":"https:\/\/www.notibras.com\/site\/","logo":{"@type":"ImageObject","inLanguage":"pt-BR","@id":"https:\/\/www.notibras.com\/site\/#\/schema\/logo\/image\/","url":"https:\/\/www.notibras.com\/site\/wp-content\/uploads\/2023\/01\/notibras23.png","contentUrl":"https:\/\/www.notibras.com\/site\/wp-content\/uploads\/2023\/01\/notibras23.png","width":350,"height":87,"caption":"Grupo Notibras de Comunica\u00e7\u00e3o"},"image":{"@id":"https:\/\/www.notibras.com\/site\/#\/schema\/logo\/image\/"},"sameAs":["https:\/\/www.facebook.com\/notibras\/","https:\/\/x.com\/Notibras","https:\/\/www.instagram.com\/notibras\/"]},{"@type":"Person","@id":"https:\/\/www.notibras.com\/site\/#\/schema\/person\/36ab0979449956132d3e5b517ea76ac8","name":"Reda\u00e7\u00e3o","image":{"@type":"ImageObject","inLanguage":"pt-BR","@id":"https:\/\/secure.gravatar.com\/avatar\/e0a867bdedb85fd243eadf09663511f96fc81e0720a4a42581f334ad4303aa6b?s=96&d=mm&r=g","url":"https:\/\/secure.gravatar.com\/avatar\/e0a867bdedb85fd243eadf09663511f96fc81e0720a4a42581f334ad4303aa6b?s=96&d=mm&r=g","contentUrl":"https:\/\/secure.gravatar.com\/avatar\/e0a867bdedb85fd243eadf09663511f96fc81e0720a4a42581f334ad4303aa6b?s=96&d=mm&r=g","caption":"Reda\u00e7\u00e3o"}}]}},"amp_enabled":true,"_links":{"self":[{"href":"https:\/\/www.notibras.com\/site\/wp-json\/wp\/v2\/posts\/372239","targetHints":{"allow":["GET"]}}],"collection":[{"href":"https:\/\/www.notibras.com\/site\/wp-json\/wp\/v2\/posts"}],"about":[{"href":"https:\/\/www.notibras.com\/site\/wp-json\/wp\/v2\/types\/post"}],"author":[{"embeddable":true,"href":"https:\/\/www.notibras.com\/site\/wp-json\/wp\/v2\/users\/2"}],"replies":[{"embeddable":true,"href":"https:\/\/www.notibras.com\/site\/wp-json\/wp\/v2\/comments?post=372239"}],"version-history":[{"count":1,"href":"https:\/\/www.notibras.com\/site\/wp-json\/wp\/v2\/posts\/372239\/revisions"}],"predecessor-version":[{"id":372241,"href":"https:\/\/www.notibras.com\/site\/wp-json\/wp\/v2\/posts\/372239\/revisions\/372241"}],"wp:featuredmedia":[{"embeddable":true,"href":"https:\/\/www.notibras.com\/site\/wp-json\/wp\/v2\/media\/372240"}],"wp:attachment":[{"href":"https:\/\/www.notibras.com\/site\/wp-json\/wp\/v2\/media?parent=372239"}],"wp:term":[{"taxonomy":"category","embeddable":true,"href":"https:\/\/www.notibras.com\/site\/wp-json\/wp\/v2\/categories?post=372239"},{"taxonomy":"post_tag","embeddable":true,"href":"https:\/\/www.notibras.com\/site\/wp-json\/wp\/v2\/tags?post=372239"}],"curies":[{"name":"wp","href":"https:\/\/api.w.org\/{rel}","templated":true}]}}