{"id":372269,"date":"2025-11-25T00:52:38","date_gmt":"2025-11-25T03:52:38","guid":{"rendered":"https:\/\/www.notibras.com\/site\/?p=372269"},"modified":"2025-11-25T07:55:23","modified_gmt":"2025-11-25T10:55:23","slug":"seca-na-lagoa-do-portinho-no-piaui-e-natural-da-regiao-diz-governo","status":"publish","type":"post","link":"https:\/\/www.notibras.com\/site\/seca-na-lagoa-do-portinho-no-piaui-e-natural-da-regiao-diz-governo\/","title":{"rendered":"Seca na Lagoa do Portinho, no Piau\u00ed, \u00e9 \u2018natural da regi\u00e3o\u2019, diz governo"},"content":{"rendered":"<p>A Lagoa do Portinho, um dos principais cart\u00f5es-postais da regi\u00e3o litor\u00e2nea do Piau\u00ed, voltou a apresentar sinais de seca nas \u00faltimas semanas. Moradores relatam que o n\u00edvel da \u00e1gua recuou cerca de 10 metros, alterando a paisagem e afetando atividades tur\u00edsticas e de subsist\u00eancia no entorno. Apesar da preocupa\u00e7\u00e3o da comunidade, a Secretaria de Meio Ambiente do estado afirma que o fen\u00f4meno \u00e9 \u201cnatural da regi\u00e3o\u201d e costuma ocorrer em per\u00edodos de estiagem prolongada.<\/p>\n<p>Segundo relatos de quem vive h\u00e1 d\u00e9cadas no local, o avan\u00e7o da areia e a diminui\u00e7\u00e3o do espelho d\u2019\u00e1gua t\u00eam ocorrido de forma mais acelerada neste ano. Barqueiros, comerciantes e moradores relatam que \u00e1reas antes ocupadas pela lagoa agora est\u00e3o completamente secas, revelando bancos de areia e dificultando a navega\u00e7\u00e3o. \u201cNunca vimos baixar tanto em t\u00e3o pouco tempo\u201d, disse um morador, que teme que o cen\u00e1rio piore caso as chuvas n\u00e3o retornem.<\/p>\n<p>A Secretaria de Meio Ambiente, no entanto, esclarece que a Lagoa do Portinho \u00e9 um sistema natural influenciado pelos ventos fortes, pela din\u00e2mica das dunas e pelo regime de chuvas da regi\u00e3o. De acordo com o \u00f3rg\u00e3o, durante o per\u00edodo mais seco \u00e9 comum que a \u00e1gua recue, mas o volume tende a se recuperar com as chuvas do pr\u00f3ximo trimestre. T\u00e9cnicos afirmam que o movimento das dunas pode provocar bloqueios tempor\u00e1rios na entrada de \u00e1gua, contribuindo para a diminui\u00e7\u00e3o observada.<\/p>\n<p>Mesmo considerada uma oscila\u00e7\u00e3o natural, a situa\u00e7\u00e3o preocupa o setor tur\u00edstico, que tem na lagoa uma de suas maiores atra\u00e7\u00f5es. Restaurantes e quiosques j\u00e1 registram queda no movimento, enquanto esportes aqu\u00e1ticos, como stand-up paddle e passeios de pedalinho, est\u00e3o temporariamente suspensos em algumas \u00e1reas devido \u00e0 baixa profundidade.<\/p>\n<p>Moradores tamb\u00e9m defendem que, al\u00e9m das condi\u00e7\u00f5es clim\u00e1ticas, a degrada\u00e7\u00e3o ambiental e a ocupa\u00e7\u00e3o irregular podem estar agravando o problema. Eles cobram a\u00e7\u00f5es que garantam a preserva\u00e7\u00e3o da lagoa, como controle de \u00e1reas de constru\u00e7\u00e3o, manejo adequado das dunas e monitoramento constante do n\u00edvel da \u00e1gua.<\/p>\n<p>A Secretaria informou que continuar\u00e1 acompanhando a situa\u00e7\u00e3o e que novos levantamentos t\u00e9cnicos ser\u00e3o feitos para avaliar se h\u00e1 interfer\u00eancia humana no processo. Enquanto isso, a popula\u00e7\u00e3o segue na expectativa de que a chegada das chuvas devolva \u00e0 Lagoa do Portinho o volume habitual e alivie as preocupa\u00e7\u00f5es de quem vive do turismo e da pesca artesanal no local.<\/p>\n","protected":false},"excerpt":{"rendered":"<p>A Lagoa do Portinho, um dos principais cart\u00f5es-postais da regi\u00e3o litor\u00e2nea do Piau\u00ed, voltou a apresentar sinais de seca nas \u00faltimas semanas. Moradores relatam que o n\u00edvel da \u00e1gua recuou cerca de 10 metros, alterando a paisagem e afetando atividades tur\u00edsticas e de subsist\u00eancia no entorno. Apesar da preocupa\u00e7\u00e3o da comunidade, a Secretaria de Meio [&hellip;]<\/p>\n","protected":false},"author":2,"featured_media":372270,"comment_status":"closed","ping_status":"closed","sticky":false,"template":"","format":"standard","meta":{"_acf_changed":false,"footnotes":""},"categories":[165],"tags":[],"class_list":["post-372269","post","type-post","status-publish","format-standard","has-post-thumbnail","hentry","category-nordeste"],"acf":[],"_links":{"self":[{"href":"https:\/\/www.notibras.com\/site\/wp-json\/wp\/v2\/posts\/372269","targetHints":{"allow":["GET"]}}],"collection":[{"href":"https:\/\/www.notibras.com\/site\/wp-json\/wp\/v2\/posts"}],"about":[{"href":"https:\/\/www.notibras.com\/site\/wp-json\/wp\/v2\/types\/post"}],"author":[{"embeddable":true,"href":"https:\/\/www.notibras.com\/site\/wp-json\/wp\/v2\/users\/2"}],"replies":[{"embeddable":true,"href":"https:\/\/www.notibras.com\/site\/wp-json\/wp\/v2\/comments?post=372269"}],"version-history":[{"count":1,"href":"https:\/\/www.notibras.com\/site\/wp-json\/wp\/v2\/posts\/372269\/revisions"}],"predecessor-version":[{"id":372271,"href":"https:\/\/www.notibras.com\/site\/wp-json\/wp\/v2\/posts\/372269\/revisions\/372271"}],"wp:featuredmedia":[{"embeddable":true,"href":"https:\/\/www.notibras.com\/site\/wp-json\/wp\/v2\/media\/372270"}],"wp:attachment":[{"href":"https:\/\/www.notibras.com\/site\/wp-json\/wp\/v2\/media?parent=372269"}],"wp:term":[{"taxonomy":"category","embeddable":true,"href":"https:\/\/www.notibras.com\/site\/wp-json\/wp\/v2\/categories?post=372269"},{"taxonomy":"post_tag","embeddable":true,"href":"https:\/\/www.notibras.com\/site\/wp-json\/wp\/v2\/tags?post=372269"}],"curies":[{"name":"wp","href":"https:\/\/api.w.org\/{rel}","templated":true}]}}