{"id":372278,"date":"2025-11-25T00:10:01","date_gmt":"2025-11-25T03:10:01","guid":{"rendered":"https:\/\/www.notibras.com\/site\/?p=372278"},"modified":"2025-11-25T08:12:30","modified_gmt":"2025-11-25T11:12:30","slug":"nordestino-enfrenta-a-cada-dia-luta-por-uma-vida-mais-digna","status":"publish","type":"post","link":"https:\/\/www.notibras.com\/site\/nordestino-enfrenta-a-cada-dia-luta-por-uma-vida-mais-digna\/","title":{"rendered":"Nordestino enfrenta a cada dia luta por uma vida mais digna"},"content":{"rendered":"<p>No amanhecer rachado do Sert\u00e3o, quando o sol ainda engatinha por detr\u00e1s da caatinga, muitos j\u00e1 preparam o caminho que seguir\u00e1 para longe \u2014 \u00e0s vezes longe demais do que o cora\u00e7\u00e3o queria. O ch\u00e3o seco n\u00e3o oferece escolha; a vida, ali, \u00e9 uma r\u00e9dea curta que obriga o sertanejo a aprender a resistir cedo. Entre a poeira levantada pelo vento e o canto rouco dos galos, nasce tamb\u00e9m o sonho de dias mais fartos.<\/p>\n<p>E \u00e9 assim que tantos seguem viagem para as capitais, com a mala cheia de esperan\u00e7a e o bolso cheio de coragem. Recife, Salvador, Fortaleza \u2014 cidades que brilham de longe como promessa, mas revelam, de perto, o peso de uma vida recome\u00e7ada. A chegada \u00e9 sempre um impacto: a pressa das ruas, o vai-e-vem de gente que n\u00e3o se olha, o concreto que engole o horizonte. Quem vem do Sert\u00e3o aprende r\u00e1pido que, na cidade grande, o tempo parece correr para n\u00e3o cansar.<\/p>\n<p>Mas o sertanejo n\u00e3o desiste. A luta por uma vida digna continua em cada esquina, em cada \u00f4nibus lotado antes do sol nascer, em cada obra levantada no calor que parece mais quente que o do pr\u00f3prio interior. H\u00e1 quem limpe, quem venda, quem construa, quem cozinhe; todos contribuindo para uma cidade que sequer percebe os ombros que a sustentam.<\/p>\n<p>Mesmo assim, o Sert\u00e3o n\u00e3o sai da alma. No final do dia, entre uma marmita revirada e um descanso merecido, a lembran\u00e7a da terra vermelha, da fogueira nas noites frias e do cheiro de chuva que nunca vinha, volta como um acalanto. Porque quem nasce do ch\u00e3o bravo aprende a carregar dentro de si uma esp\u00e9cie de raiz que n\u00e3o se quebra \u2014 apenas se estica para alcan\u00e7ar novos territ\u00f3rios.<\/p>\n<p>A luta \u00e9 dura, mas \u00e9 tamb\u00e9m bonita. O sertanejo que pisa na capital traz consigo a for\u00e7a de quem j\u00e1 enfrentou a escassez, a dor e o abandono. E, apesar de todas as barreiras, segue firme \u2014 porque a vida digna n\u00e3o \u00e9 um luxo: \u00e9 um direito. E para quem veio do Sert\u00e3o, conquistar esse direito \u00e9 mais que necessidade; \u00e9, sobretudo, prova de que esperan\u00e7a, quando nasce no cora\u00e7\u00e3o nordestino, \u00e9 teimosa demais para morrer.<\/p>\n","protected":false},"excerpt":{"rendered":"<p>No amanhecer rachado do Sert\u00e3o, quando o sol ainda engatinha por detr\u00e1s da caatinga, muitos j\u00e1 preparam o caminho que seguir\u00e1 para longe \u2014 \u00e0s vezes longe demais do que o cora\u00e7\u00e3o queria. O ch\u00e3o seco n\u00e3o oferece escolha; a vida, ali, \u00e9 uma r\u00e9dea curta que obriga o sertanejo a aprender a resistir cedo. [&hellip;]<\/p>\n","protected":false},"author":2,"featured_media":372279,"comment_status":"closed","ping_status":"closed","sticky":false,"template":"","format":"standard","meta":{"_acf_changed":false,"footnotes":""},"categories":[165],"tags":[],"class_list":["post-372278","post","type-post","status-publish","format-standard","has-post-thumbnail","hentry","category-nordeste"],"acf":[],"_links":{"self":[{"href":"https:\/\/www.notibras.com\/site\/wp-json\/wp\/v2\/posts\/372278","targetHints":{"allow":["GET"]}}],"collection":[{"href":"https:\/\/www.notibras.com\/site\/wp-json\/wp\/v2\/posts"}],"about":[{"href":"https:\/\/www.notibras.com\/site\/wp-json\/wp\/v2\/types\/post"}],"author":[{"embeddable":true,"href":"https:\/\/www.notibras.com\/site\/wp-json\/wp\/v2\/users\/2"}],"replies":[{"embeddable":true,"href":"https:\/\/www.notibras.com\/site\/wp-json\/wp\/v2\/comments?post=372278"}],"version-history":[{"count":1,"href":"https:\/\/www.notibras.com\/site\/wp-json\/wp\/v2\/posts\/372278\/revisions"}],"predecessor-version":[{"id":372280,"href":"https:\/\/www.notibras.com\/site\/wp-json\/wp\/v2\/posts\/372278\/revisions\/372280"}],"wp:featuredmedia":[{"embeddable":true,"href":"https:\/\/www.notibras.com\/site\/wp-json\/wp\/v2\/media\/372279"}],"wp:attachment":[{"href":"https:\/\/www.notibras.com\/site\/wp-json\/wp\/v2\/media?parent=372278"}],"wp:term":[{"taxonomy":"category","embeddable":true,"href":"https:\/\/www.notibras.com\/site\/wp-json\/wp\/v2\/categories?post=372278"},{"taxonomy":"post_tag","embeddable":true,"href":"https:\/\/www.notibras.com\/site\/wp-json\/wp\/v2\/tags?post=372278"}],"curies":[{"name":"wp","href":"https:\/\/api.w.org\/{rel}","templated":true}]}}