{"id":37233,"date":"2015-02-15T18:14:27","date_gmt":"2015-02-15T21:14:27","guid":{"rendered":"http:\/\/www.notibras.com\/site\/?p=37233"},"modified":"2015-02-15T19:23:50","modified_gmt":"2015-02-15T22:23:50","slug":"tiroteio-em-bloco-mata-um-fere-11-e-paraty-suspende-carnaval-de-rua","status":"publish","type":"post","link":"https:\/\/www.notibras.com\/site\/tiroteio-em-bloco-mata-um-fere-11-e-paraty-suspende-carnaval-de-rua\/","title":{"rendered":"Tiroteio em bloco mata um e Paraty suspende seu carnaval"},"content":{"rendered":"<p>A prefeitura de Paraty, munic\u00edpio da Costa Verde do estado do Rio de Janeiro, confirmou que Emerson de Jesus, de 21 anos, morreu na tarde deste domingo (15) no Hospital Municipal S\u00e3o Pedro de Alc\u00e2ntara, em decorr\u00eancia de ferimentos causados por cinco tiros que recebeu na madrugada deste domingo, por volta das 2h10, no centro hist\u00f3rico da cidade, durante desfile do bloco carnavalesco Tribo do Samba. Emerson de Jesus passou por uma cirurgia de oito horas de dura\u00e7\u00e3o. As balas atingiram sua regi\u00e3o tor\u00e1cica. Segundo a pol\u00edcia, o tiroteio resultou de confronto entre traficantes de drogas rivais.<\/p>\n<p>De acordo com nota divulgada pela prefeitura, o incidente ocorreu a 50 metros do pol\u00edgono de seguran\u00e7a montado pela prefeitura, na Pra\u00e7a da Matriz. Foram feitos cerca de 20 disparos de arma autom\u00e1tica pelo indiv\u00edduo conhecido como Indinho, que est\u00e1 foragido. Ele est\u00e1 sendo procurado pela Pol\u00edcia Militar. Ao todo, dez pessoas foram feridas. As v\u00edtimas foram socorridas pelo Corpo de Bombeiros local e levadas para o Hospital Municipal S\u00e3o Pedro de Alc\u00e2ntara.<\/p>\n<p>Atingida por um proj\u00e9til na altura da p\u00e9lvis e submetida a uma interven\u00e7\u00e3o cir\u00fargica ainda na madrugada, Larissa da Rocha\u00a0 apresenta quadro est\u00e1vel, mas\u00a0 ainda sem previs\u00e3o de alta. J\u00e1 Brenda Pacheco de Souza aguarda libera\u00e7\u00e3o pela equipe m\u00e9dica. Ela foi atingida por um disparo na coxa.<\/p>\n<p>Tamb\u00e9m Fernando Alves Silvino se encontra em recupera\u00e7\u00e3o. Ele recebeu um disparo no bra\u00e7o. Renata Santos Oliveira foi atingida de rasp\u00e3o, no joelho, e\u00a0 submetida a uma cirurgia, j\u00e1 teve alta, enquanto Roberto dos Santos Pacheco,\u00a0 baleado na regi\u00e3o do abd\u00f4men, aguarda uma tomografia no Hospital da Japu\u00edba, no munic\u00edpio vizinho de Angra dos Reis. Foram feridos ainda, sem gravidade, Fl\u00e1via A. de Morais, Rodrigo Eivas, Thiago Barbosa e Elem Oliveira dos Santos.<\/p>\n<p>Por causa do tiroteio, a prefeitura informou, no final da tarde, que decidiu suspender a programa\u00e7\u00e3o noturna &#8220;como ato de rep\u00fadio \u00e0 viol\u00eancia e em prol da paz&#8221;.<\/p>\n<p>De acordo com a assessoria da prefeitura, ser\u00e3o mantidos apenas o som mec\u00e2nico na Tenda da Matriz e o cortejo dos Assombrosos do Morro com a Banda Santa Cec\u00edlia, com encerramento antes das 2h.<\/p>\n","protected":false},"excerpt":{"rendered":"<p>A prefeitura de Paraty, munic\u00edpio da Costa Verde do estado do Rio de Janeiro, confirmou que Emerson de Jesus, de 21 anos, morreu na tarde deste domingo (15) no Hospital Municipal S\u00e3o Pedro de Alc\u00e2ntara, em decorr\u00eancia de ferimentos causados por cinco tiros que recebeu na madrugada deste domingo, por volta das 2h10, no centro [&hellip;]<\/p>\n","protected":false},"author":2,"featured_media":37234,"comment_status":"open","ping_status":"closed","sticky":false,"template":"","format":"standard","meta":{"_acf_changed":false,"footnotes":""},"categories":[16],"tags":[],"class_list":["post-37233","post","type-post","status-publish","format-standard","has-post-thumbnail","hentry","category-brasil"],"acf":[],"yoast_head":"<!-- This site is optimized with the Yoast SEO plugin v27.2 - https:\/\/yoast.com\/product\/yoast-seo-wordpress\/ -->\n<title>Tiroteio em bloco mata um e Paraty suspende seu carnaval - Notibras<\/title>\n<meta name=\"robots\" content=\"index, follow, max-snippet:-1, max-image-preview:large, max-video-preview:-1\" \/>\n<link rel=\"canonical\" href=\"https:\/\/www.notibras.com\/site\/tiroteio-em-bloco-mata-um-fere-11-e-paraty-suspende-carnaval-de-rua\/\" \/>\n<meta property=\"og:locale\" content=\"pt_BR\" \/>\n<meta property=\"og:type\" content=\"article\" \/>\n<meta property=\"og:title\" content=\"Tiroteio em bloco mata um e Paraty suspende seu carnaval - Notibras\" \/>\n<meta property=\"og:description\" content=\"A prefeitura de Paraty, munic\u00edpio da Costa Verde do estado do Rio de Janeiro, confirmou que Emerson de Jesus, de 21 anos, morreu na tarde deste domingo (15) no Hospital Municipal S\u00e3o Pedro de Alc\u00e2ntara, em decorr\u00eancia de ferimentos causados por cinco tiros que recebeu na madrugada deste domingo, por volta das 2h10, no centro [&hellip;]\" \/>\n<meta property=\"og:url\" content=\"https:\/\/www.notibras.com\/site\/tiroteio-em-bloco-mata-um-fere-11-e-paraty-suspende-carnaval-de-rua\/\" \/>\n<meta property=\"og:site_name\" content=\"Notibras\" \/>\n<meta property=\"article:publisher\" content=\"https:\/\/www.facebook.com\/notibras\/\" \/>\n<meta property=\"article:published_time\" content=\"2015-02-15T21:14:27+00:00\" \/>\n<meta property=\"article:modified_time\" content=\"2015-02-15T22:23:50+00:00\" \/>\n<meta property=\"og:image\" content=\"https:\/\/www.notibras.com\/site\/wp-content\/uploads\/2015\/02\/cidades15021116_gd.jpg\" \/>\n\t<meta property=\"og:image:width\" content=\"380\" \/>\n\t<meta property=\"og:image:height\" content=\"250\" \/>\n\t<meta property=\"og:image:type\" content=\"image\/jpeg\" \/>\n<meta name=\"author\" content=\"Reda\u00e7\u00e3o\" \/>\n<meta name=\"twitter:card\" content=\"summary_large_image\" \/>\n<meta name=\"twitter:creator\" content=\"@Notibras\" \/>\n<meta name=\"twitter:site\" content=\"@Notibras\" \/>\n<meta name=\"twitter:label1\" content=\"Escrito por\" \/>\n\t<meta name=\"twitter:data1\" content=\"Reda\u00e7\u00e3o\" \/>\n\t<meta name=\"twitter:label2\" content=\"Est. tempo de leitura\" \/>\n\t<meta name=\"twitter:data2\" content=\"2 minutos\" \/>\n<script type=\"application\/ld+json\" class=\"yoast-schema-graph\">{\"@context\":\"https:\/\/schema.org\",\"@graph\":[{\"@type\":\"Article\",\"@id\":\"https:\/\/www.notibras.com\/site\/tiroteio-em-bloco-mata-um-fere-11-e-paraty-suspende-carnaval-de-rua\/#article\",\"isPartOf\":{\"@id\":\"https:\/\/www.notibras.com\/site\/tiroteio-em-bloco-mata-um-fere-11-e-paraty-suspende-carnaval-de-rua\/\"},\"author\":{\"name\":\"Reda\u00e7\u00e3o\",\"@id\":\"https:\/\/www.notibras.com\/site\/#\/schema\/person\/36ab0979449956132d3e5b517ea76ac8\"},\"headline\":\"Tiroteio em bloco mata um e Paraty suspende seu carnaval\",\"datePublished\":\"2015-02-15T21:14:27+00:00\",\"dateModified\":\"2015-02-15T22:23:50+00:00\",\"mainEntityOfPage\":{\"@id\":\"https:\/\/www.notibras.com\/site\/tiroteio-em-bloco-mata-um-fere-11-e-paraty-suspende-carnaval-de-rua\/\"},\"wordCount\":398,\"commentCount\":0,\"publisher\":{\"@id\":\"https:\/\/www.notibras.com\/site\/#organization\"},\"image\":{\"@id\":\"https:\/\/www.notibras.com\/site\/tiroteio-em-bloco-mata-um-fere-11-e-paraty-suspende-carnaval-de-rua\/#primaryimage\"},\"thumbnailUrl\":\"https:\/\/www.notibras.com\/site\/wp-content\/uploads\/2015\/02\/cidades15021116_gd.jpg\",\"articleSection\":[\"Brasil\"],\"inLanguage\":\"pt-BR\",\"potentialAction\":[{\"@type\":\"CommentAction\",\"name\":\"Comment\",\"target\":[\"https:\/\/www.notibras.com\/site\/tiroteio-em-bloco-mata-um-fere-11-e-paraty-suspende-carnaval-de-rua\/#respond\"]}]},{\"@type\":\"WebPage\",\"@id\":\"https:\/\/www.notibras.com\/site\/tiroteio-em-bloco-mata-um-fere-11-e-paraty-suspende-carnaval-de-rua\/\",\"url\":\"https:\/\/www.notibras.com\/site\/tiroteio-em-bloco-mata-um-fere-11-e-paraty-suspende-carnaval-de-rua\/\",\"name\":\"Tiroteio em bloco mata um e Paraty suspende seu carnaval - Notibras\",\"isPartOf\":{\"@id\":\"https:\/\/www.notibras.com\/site\/#website\"},\"primaryImageOfPage\":{\"@id\":\"https:\/\/www.notibras.com\/site\/tiroteio-em-bloco-mata-um-fere-11-e-paraty-suspende-carnaval-de-rua\/#primaryimage\"},\"image\":{\"@id\":\"https:\/\/www.notibras.com\/site\/tiroteio-em-bloco-mata-um-fere-11-e-paraty-suspende-carnaval-de-rua\/#primaryimage\"},\"thumbnailUrl\":\"https:\/\/www.notibras.com\/site\/wp-content\/uploads\/2015\/02\/cidades15021116_gd.jpg\",\"datePublished\":\"2015-02-15T21:14:27+00:00\",\"dateModified\":\"2015-02-15T22:23:50+00:00\",\"breadcrumb\":{\"@id\":\"https:\/\/www.notibras.com\/site\/tiroteio-em-bloco-mata-um-fere-11-e-paraty-suspende-carnaval-de-rua\/#breadcrumb\"},\"inLanguage\":\"pt-BR\",\"potentialAction\":[{\"@type\":\"ReadAction\",\"target\":[\"https:\/\/www.notibras.com\/site\/tiroteio-em-bloco-mata-um-fere-11-e-paraty-suspende-carnaval-de-rua\/\"]}]},{\"@type\":\"ImageObject\",\"inLanguage\":\"pt-BR\",\"@id\":\"https:\/\/www.notibras.com\/site\/tiroteio-em-bloco-mata-um-fere-11-e-paraty-suspende-carnaval-de-rua\/#primaryimage\",\"url\":\"https:\/\/www.notibras.com\/site\/wp-content\/uploads\/2015\/02\/cidades15021116_gd.jpg\",\"contentUrl\":\"https:\/\/www.notibras.com\/site\/wp-content\/uploads\/2015\/02\/cidades15021116_gd.jpg\",\"width\":380,\"height\":250},{\"@type\":\"BreadcrumbList\",\"@id\":\"https:\/\/www.notibras.com\/site\/tiroteio-em-bloco-mata-um-fere-11-e-paraty-suspende-carnaval-de-rua\/#breadcrumb\",\"itemListElement\":[{\"@type\":\"ListItem\",\"position\":1,\"name\":\"In\u00edcio\",\"item\":\"https:\/\/www.notibras.com\/site\/\"},{\"@type\":\"ListItem\",\"position\":2,\"name\":\"Tiroteio em bloco mata um e Paraty suspende seu carnaval\"}]},{\"@type\":\"WebSite\",\"@id\":\"https:\/\/www.notibras.com\/site\/#website\",\"url\":\"https:\/\/www.notibras.com\/site\/\",\"name\":\"Notibras\",\"description\":\"Not\u00edcias de Bras\u00edlia, do Brasil e do Mundo\",\"publisher\":{\"@id\":\"https:\/\/www.notibras.com\/site\/#organization\"},\"potentialAction\":[{\"@type\":\"SearchAction\",\"target\":{\"@type\":\"EntryPoint\",\"urlTemplate\":\"https:\/\/www.notibras.com\/site\/?s={search_term_string}\"},\"query-input\":{\"@type\":\"PropertyValueSpecification\",\"valueRequired\":true,\"valueName\":\"search_term_string\"}}],\"inLanguage\":\"pt-BR\"},{\"@type\":\"Organization\",\"@id\":\"https:\/\/www.notibras.com\/site\/#organization\",\"name\":\"Grupo Notibras de Comunica\u00e7\u00e3o\",\"url\":\"https:\/\/www.notibras.com\/site\/\",\"logo\":{\"@type\":\"ImageObject\",\"inLanguage\":\"pt-BR\",\"@id\":\"https:\/\/www.notibras.com\/site\/#\/schema\/logo\/image\/\",\"url\":\"https:\/\/www.notibras.com\/site\/wp-content\/uploads\/2023\/01\/notibras23.png\",\"contentUrl\":\"https:\/\/www.notibras.com\/site\/wp-content\/uploads\/2023\/01\/notibras23.png\",\"width\":350,\"height\":87,\"caption\":\"Grupo Notibras de Comunica\u00e7\u00e3o\"},\"image\":{\"@id\":\"https:\/\/www.notibras.com\/site\/#\/schema\/logo\/image\/\"},\"sameAs\":[\"https:\/\/www.facebook.com\/notibras\/\",\"https:\/\/x.com\/Notibras\",\"https:\/\/www.instagram.com\/notibras\/\"]},{\"@type\":\"Person\",\"@id\":\"https:\/\/www.notibras.com\/site\/#\/schema\/person\/36ab0979449956132d3e5b517ea76ac8\",\"name\":\"Reda\u00e7\u00e3o\",\"image\":{\"@type\":\"ImageObject\",\"inLanguage\":\"pt-BR\",\"@id\":\"https:\/\/secure.gravatar.com\/avatar\/e0a867bdedb85fd243eadf09663511f96fc81e0720a4a42581f334ad4303aa6b?s=96&d=mm&r=g\",\"url\":\"https:\/\/secure.gravatar.com\/avatar\/e0a867bdedb85fd243eadf09663511f96fc81e0720a4a42581f334ad4303aa6b?s=96&d=mm&r=g\",\"contentUrl\":\"https:\/\/secure.gravatar.com\/avatar\/e0a867bdedb85fd243eadf09663511f96fc81e0720a4a42581f334ad4303aa6b?s=96&d=mm&r=g\",\"caption\":\"Reda\u00e7\u00e3o\"}}]}<\/script>\n<!-- \/ Yoast SEO plugin. -->","yoast_head_json":{"title":"Tiroteio em bloco mata um e Paraty suspende seu carnaval - Notibras","robots":{"index":"index","follow":"follow","max-snippet":"max-snippet:-1","max-image-preview":"max-image-preview:large","max-video-preview":"max-video-preview:-1"},"canonical":"https:\/\/www.notibras.com\/site\/tiroteio-em-bloco-mata-um-fere-11-e-paraty-suspende-carnaval-de-rua\/","og_locale":"pt_BR","og_type":"article","og_title":"Tiroteio em bloco mata um e Paraty suspende seu carnaval - Notibras","og_description":"A prefeitura de Paraty, munic\u00edpio da Costa Verde do estado do Rio de Janeiro, confirmou que Emerson de Jesus, de 21 anos, morreu na tarde deste domingo (15) no Hospital Municipal S\u00e3o Pedro de Alc\u00e2ntara, em decorr\u00eancia de ferimentos causados por cinco tiros que recebeu na madrugada deste domingo, por volta das 2h10, no centro [&hellip;]","og_url":"https:\/\/www.notibras.com\/site\/tiroteio-em-bloco-mata-um-fere-11-e-paraty-suspende-carnaval-de-rua\/","og_site_name":"Notibras","article_publisher":"https:\/\/www.facebook.com\/notibras\/","article_published_time":"2015-02-15T21:14:27+00:00","article_modified_time":"2015-02-15T22:23:50+00:00","og_image":[{"width":380,"height":250,"url":"https:\/\/www.notibras.com\/site\/wp-content\/uploads\/2015\/02\/cidades15021116_gd.jpg","type":"image\/jpeg"}],"author":"Reda\u00e7\u00e3o","twitter_card":"summary_large_image","twitter_creator":"@Notibras","twitter_site":"@Notibras","twitter_misc":{"Escrito por":"Reda\u00e7\u00e3o","Est. tempo de leitura":"2 minutos"},"schema":{"@context":"https:\/\/schema.org","@graph":[{"@type":"Article","@id":"https:\/\/www.notibras.com\/site\/tiroteio-em-bloco-mata-um-fere-11-e-paraty-suspende-carnaval-de-rua\/#article","isPartOf":{"@id":"https:\/\/www.notibras.com\/site\/tiroteio-em-bloco-mata-um-fere-11-e-paraty-suspende-carnaval-de-rua\/"},"author":{"name":"Reda\u00e7\u00e3o","@id":"https:\/\/www.notibras.com\/site\/#\/schema\/person\/36ab0979449956132d3e5b517ea76ac8"},"headline":"Tiroteio em bloco mata um e Paraty suspende seu carnaval","datePublished":"2015-02-15T21:14:27+00:00","dateModified":"2015-02-15T22:23:50+00:00","mainEntityOfPage":{"@id":"https:\/\/www.notibras.com\/site\/tiroteio-em-bloco-mata-um-fere-11-e-paraty-suspende-carnaval-de-rua\/"},"wordCount":398,"commentCount":0,"publisher":{"@id":"https:\/\/www.notibras.com\/site\/#organization"},"image":{"@id":"https:\/\/www.notibras.com\/site\/tiroteio-em-bloco-mata-um-fere-11-e-paraty-suspende-carnaval-de-rua\/#primaryimage"},"thumbnailUrl":"https:\/\/www.notibras.com\/site\/wp-content\/uploads\/2015\/02\/cidades15021116_gd.jpg","articleSection":["Brasil"],"inLanguage":"pt-BR","potentialAction":[{"@type":"CommentAction","name":"Comment","target":["https:\/\/www.notibras.com\/site\/tiroteio-em-bloco-mata-um-fere-11-e-paraty-suspende-carnaval-de-rua\/#respond"]}]},{"@type":"WebPage","@id":"https:\/\/www.notibras.com\/site\/tiroteio-em-bloco-mata-um-fere-11-e-paraty-suspende-carnaval-de-rua\/","url":"https:\/\/www.notibras.com\/site\/tiroteio-em-bloco-mata-um-fere-11-e-paraty-suspende-carnaval-de-rua\/","name":"Tiroteio em bloco mata um e Paraty suspende seu carnaval - Notibras","isPartOf":{"@id":"https:\/\/www.notibras.com\/site\/#website"},"primaryImageOfPage":{"@id":"https:\/\/www.notibras.com\/site\/tiroteio-em-bloco-mata-um-fere-11-e-paraty-suspende-carnaval-de-rua\/#primaryimage"},"image":{"@id":"https:\/\/www.notibras.com\/site\/tiroteio-em-bloco-mata-um-fere-11-e-paraty-suspende-carnaval-de-rua\/#primaryimage"},"thumbnailUrl":"https:\/\/www.notibras.com\/site\/wp-content\/uploads\/2015\/02\/cidades15021116_gd.jpg","datePublished":"2015-02-15T21:14:27+00:00","dateModified":"2015-02-15T22:23:50+00:00","breadcrumb":{"@id":"https:\/\/www.notibras.com\/site\/tiroteio-em-bloco-mata-um-fere-11-e-paraty-suspende-carnaval-de-rua\/#breadcrumb"},"inLanguage":"pt-BR","potentialAction":[{"@type":"ReadAction","target":["https:\/\/www.notibras.com\/site\/tiroteio-em-bloco-mata-um-fere-11-e-paraty-suspende-carnaval-de-rua\/"]}]},{"@type":"ImageObject","inLanguage":"pt-BR","@id":"https:\/\/www.notibras.com\/site\/tiroteio-em-bloco-mata-um-fere-11-e-paraty-suspende-carnaval-de-rua\/#primaryimage","url":"https:\/\/www.notibras.com\/site\/wp-content\/uploads\/2015\/02\/cidades15021116_gd.jpg","contentUrl":"https:\/\/www.notibras.com\/site\/wp-content\/uploads\/2015\/02\/cidades15021116_gd.jpg","width":380,"height":250},{"@type":"BreadcrumbList","@id":"https:\/\/www.notibras.com\/site\/tiroteio-em-bloco-mata-um-fere-11-e-paraty-suspende-carnaval-de-rua\/#breadcrumb","itemListElement":[{"@type":"ListItem","position":1,"name":"In\u00edcio","item":"https:\/\/www.notibras.com\/site\/"},{"@type":"ListItem","position":2,"name":"Tiroteio em bloco mata um e Paraty suspende seu carnaval"}]},{"@type":"WebSite","@id":"https:\/\/www.notibras.com\/site\/#website","url":"https:\/\/www.notibras.com\/site\/","name":"Notibras","description":"Not\u00edcias de Bras\u00edlia, do Brasil e do Mundo","publisher":{"@id":"https:\/\/www.notibras.com\/site\/#organization"},"potentialAction":[{"@type":"SearchAction","target":{"@type":"EntryPoint","urlTemplate":"https:\/\/www.notibras.com\/site\/?s={search_term_string}"},"query-input":{"@type":"PropertyValueSpecification","valueRequired":true,"valueName":"search_term_string"}}],"inLanguage":"pt-BR"},{"@type":"Organization","@id":"https:\/\/www.notibras.com\/site\/#organization","name":"Grupo Notibras de Comunica\u00e7\u00e3o","url":"https:\/\/www.notibras.com\/site\/","logo":{"@type":"ImageObject","inLanguage":"pt-BR","@id":"https:\/\/www.notibras.com\/site\/#\/schema\/logo\/image\/","url":"https:\/\/www.notibras.com\/site\/wp-content\/uploads\/2023\/01\/notibras23.png","contentUrl":"https:\/\/www.notibras.com\/site\/wp-content\/uploads\/2023\/01\/notibras23.png","width":350,"height":87,"caption":"Grupo Notibras de Comunica\u00e7\u00e3o"},"image":{"@id":"https:\/\/www.notibras.com\/site\/#\/schema\/logo\/image\/"},"sameAs":["https:\/\/www.facebook.com\/notibras\/","https:\/\/x.com\/Notibras","https:\/\/www.instagram.com\/notibras\/"]},{"@type":"Person","@id":"https:\/\/www.notibras.com\/site\/#\/schema\/person\/36ab0979449956132d3e5b517ea76ac8","name":"Reda\u00e7\u00e3o","image":{"@type":"ImageObject","inLanguage":"pt-BR","@id":"https:\/\/secure.gravatar.com\/avatar\/e0a867bdedb85fd243eadf09663511f96fc81e0720a4a42581f334ad4303aa6b?s=96&d=mm&r=g","url":"https:\/\/secure.gravatar.com\/avatar\/e0a867bdedb85fd243eadf09663511f96fc81e0720a4a42581f334ad4303aa6b?s=96&d=mm&r=g","contentUrl":"https:\/\/secure.gravatar.com\/avatar\/e0a867bdedb85fd243eadf09663511f96fc81e0720a4a42581f334ad4303aa6b?s=96&d=mm&r=g","caption":"Reda\u00e7\u00e3o"}}]}},"amp_enabled":true,"_links":{"self":[{"href":"https:\/\/www.notibras.com\/site\/wp-json\/wp\/v2\/posts\/37233","targetHints":{"allow":["GET"]}}],"collection":[{"href":"https:\/\/www.notibras.com\/site\/wp-json\/wp\/v2\/posts"}],"about":[{"href":"https:\/\/www.notibras.com\/site\/wp-json\/wp\/v2\/types\/post"}],"author":[{"embeddable":true,"href":"https:\/\/www.notibras.com\/site\/wp-json\/wp\/v2\/users\/2"}],"replies":[{"embeddable":true,"href":"https:\/\/www.notibras.com\/site\/wp-json\/wp\/v2\/comments?post=37233"}],"version-history":[{"count":0,"href":"https:\/\/www.notibras.com\/site\/wp-json\/wp\/v2\/posts\/37233\/revisions"}],"wp:featuredmedia":[{"embeddable":true,"href":"https:\/\/www.notibras.com\/site\/wp-json\/wp\/v2\/media\/37234"}],"wp:attachment":[{"href":"https:\/\/www.notibras.com\/site\/wp-json\/wp\/v2\/media?parent=37233"}],"wp:term":[{"taxonomy":"category","embeddable":true,"href":"https:\/\/www.notibras.com\/site\/wp-json\/wp\/v2\/categories?post=37233"},{"taxonomy":"post_tag","embeddable":true,"href":"https:\/\/www.notibras.com\/site\/wp-json\/wp\/v2\/tags?post=37233"}],"curies":[{"name":"wp","href":"https:\/\/api.w.org\/{rel}","templated":true}]}}