{"id":372343,"date":"2025-11-26T00:30:16","date_gmt":"2025-11-26T03:30:16","guid":{"rendered":"https:\/\/www.notibras.com\/site\/?p=372343"},"modified":"2025-11-25T22:15:31","modified_gmt":"2025-11-26T01:15:31","slug":"liberacao-do-viaduto-entre-epig-e-espm","status":"publish","type":"post","link":"https:\/\/www.notibras.com\/site\/liberacao-do-viaduto-entre-epig-e-espm\/","title":{"rendered":"Libera\u00e7\u00e3o do viaduto entre Epig e ESPM"},"content":{"rendered":"<p>O tr\u00e2nsito no Setor Policial Sul passa a operar com uma nova din\u00e2mica ap\u00f3s a libera\u00e7\u00e3o total do novo viaduto constru\u00eddo na liga\u00e7\u00e3o entre a Estrada Parque Ind\u00fastrias Gr\u00e1ficas (Epig) e Estrada Setor Policial Militar (ESPM). A partir de agora, os \u00f4nibus com porta dos dois lados passam pela parte de baixo do viaduto. O trajeto vale tanto para os coletivos que seguem em dire\u00e7\u00e3o ao Setor Policial Sul, eixinhos, L2 e L4 Sul e Terminal Asa Sul, quanto para aqueles que v\u00eam no sentido contr\u00e1rio e precisam acessar a EPTG.<\/p>\n<p>A libera\u00e7\u00e3o permite o funcionamento completo do corredor de \u00f4nibus da ESPM, garantindo deslocamentos mais r\u00e1pidos, cont\u00ednuos e organizados at\u00e9 o Terminal Asa Sul. Os demais ve\u00edculos \u2014 carros, motos, caminh\u00f5es e \u00f4nibus com porta em apenas um dos lados \u2014 seguem circulando pela parte superior do viaduto, como j\u00e1 ocorre atualmente.<\/p>\n<p>As melhorias incluem tamb\u00e9m a amplia\u00e7\u00e3o da passarela de pedestres da Octogonal, permitindo o acesso seguro ao canteiro central, onde j\u00e1 est\u00e3o instaladas as novas esta\u00e7\u00f5es de embarque e desembarque. Com a reconfigura\u00e7\u00e3o da via, o Setor Policial Sul passa a contar com tr\u00eas faixas para o tr\u00e1fego geral, o que deve reduzir engarrafamentos e melhorar a fluidez da regi\u00e3o.<\/p>\n<p>O secret\u00e1rio de Obras e Infraestrutura, Valter Casimiro, destaca que a libera\u00e7\u00e3o marca um avan\u00e7o importante para quem utiliza o transporte coletivo diariamente: \u201cDar funcionalidade ao corredor de \u00f4nibus da ESPM \u00e9 fundamental para reduzir o tempo de deslocamento dos passageiros. Os \u00f4nibus ganham um trajeto mais r\u00e1pido e seguro, livre do tr\u00e2nsito comum. Isso melhora a qualidade do servi\u00e7o e traz mais efici\u00eancia para toda a mobilidade do DF.\u201d<\/p>\n<p>O secret\u00e1rio de Mobilidade, Zeno Gon\u00e7alves, refor\u00e7a a import\u00e2ncia da prioridade ao transporte p\u00fablico: \u201cOs corredores exclusivos trazem velocidade, previsibilidade e conforto para o usu\u00e1rio. Quando o \u00f4nibus tem prioridade, toda a cidade ganha: o sistema fica mais eficiente e o tr\u00e2nsito fica mais organizado para todos.\u201d<\/p>\n","protected":false},"excerpt":{"rendered":"<p>O tr\u00e2nsito no Setor Policial Sul passa a operar com uma nova din\u00e2mica ap\u00f3s a libera\u00e7\u00e3o total do novo viaduto constru\u00eddo na liga\u00e7\u00e3o entre a Estrada Parque Ind\u00fastrias Gr\u00e1ficas (Epig) e Estrada Setor Policial Militar (ESPM). A partir de agora, os \u00f4nibus com porta dos dois lados passam pela parte de baixo do viaduto. O [&hellip;]<\/p>\n","protected":false},"author":21,"featured_media":372344,"comment_status":"closed","ping_status":"closed","sticky":false,"template":"","format":"standard","meta":{"_acf_changed":false,"footnotes":""},"categories":[161],"tags":[],"class_list":["post-372343","post","type-post","status-publish","format-standard","has-post-thumbnail","hentry","category-quadradinho-em-foco"],"acf":[],"_links":{"self":[{"href":"https:\/\/www.notibras.com\/site\/wp-json\/wp\/v2\/posts\/372343","targetHints":{"allow":["GET"]}}],"collection":[{"href":"https:\/\/www.notibras.com\/site\/wp-json\/wp\/v2\/posts"}],"about":[{"href":"https:\/\/www.notibras.com\/site\/wp-json\/wp\/v2\/types\/post"}],"author":[{"embeddable":true,"href":"https:\/\/www.notibras.com\/site\/wp-json\/wp\/v2\/users\/21"}],"replies":[{"embeddable":true,"href":"https:\/\/www.notibras.com\/site\/wp-json\/wp\/v2\/comments?post=372343"}],"version-history":[{"count":2,"href":"https:\/\/www.notibras.com\/site\/wp-json\/wp\/v2\/posts\/372343\/revisions"}],"predecessor-version":[{"id":372346,"href":"https:\/\/www.notibras.com\/site\/wp-json\/wp\/v2\/posts\/372343\/revisions\/372346"}],"wp:featuredmedia":[{"embeddable":true,"href":"https:\/\/www.notibras.com\/site\/wp-json\/wp\/v2\/media\/372344"}],"wp:attachment":[{"href":"https:\/\/www.notibras.com\/site\/wp-json\/wp\/v2\/media?parent=372343"}],"wp:term":[{"taxonomy":"category","embeddable":true,"href":"https:\/\/www.notibras.com\/site\/wp-json\/wp\/v2\/categories?post=372343"},{"taxonomy":"post_tag","embeddable":true,"href":"https:\/\/www.notibras.com\/site\/wp-json\/wp\/v2\/tags?post=372343"}],"curies":[{"name":"wp","href":"https:\/\/api.w.org\/{rel}","templated":true}]}}