{"id":37240,"date":"2015-02-15T17:25:33","date_gmt":"2015-02-15T20:25:33","guid":{"rendered":"http:\/\/www.notibras.com\/site\/?p=37240"},"modified":"2015-02-15T19:31:15","modified_gmt":"2015-02-15T22:31:15","slug":"foliao-cai-na-danca-em-blocos-especificos-de-grandes-idolos-da-musica","status":"publish","type":"post","link":"https:\/\/www.notibras.com\/site\/foliao-cai-na-danca-em-blocos-especificos-de-grandes-idolos-da-musica\/","title":{"rendered":"Foli\u00e3o cai na dan\u00e7a em blocos espec\u00edficos de grandes \u00eddolos"},"content":{"rendered":"<p>Grandes nomes da m\u00fasica brasileira e internacional ganharam blocos de carnaval exclusivos para tocar suas m\u00fasicas, no Rio de Janeiro. Neste domingo (15) o Thriller El\u00e9trico levou o rei do <em>pop<\/em> aos foli\u00f5es da Vila Isabel, na zona norte da cidade, pela terceira vez. Com uma banda, tr\u00eas cantores e uma bateria completa, a Pra\u00e7a Bar\u00e3o de Drummond pulou ao som de <em>Bad<\/em>, <em>Billie Jean<\/em>, <em>Beat It<\/em>, entre outros, em ritmo de carnaval.<\/p>\n<p>N\u00e3o faltaram s\u00f3sias de Michael Jackson, como o dan\u00e7arino profissional Rogi Sasha, que faz <em>performance<\/em> do rei do <em>pop<\/em> em eventos e festas. \u201cEu conhe\u00e7o o pessoal do bloco, mas venho s\u00f3 fazer uma participa\u00e7\u00e3o espor\u00e1dica mesmo, mas hoje n\u00e3o tem palco, vai ficar um pouco mais dif\u00edcil. O carnaval est\u00e1 \u00f3timo, muita energia positiva, n\u00e3o vi nenhuma confus\u00e3o\u201d.<\/p>\n<p>No centro, a Pra\u00e7a Tiradentes recebeu, no in\u00edcio da tarde, o blobo Exalta Rei, que h\u00e1 cinco anos toca m\u00fasicas de Roberto Carlos para esquenta a folia. <em>Festa de Arromba<\/em>, <em>Minha Fama de Mau<\/em>, <em>Quero Que V\u00e1 Tudo Pro Inferno<\/em> animaram os foli\u00f5es sob um calor de 35 graus.<\/p>\n<blockquote><p>Usando uma coroa, o estudante Mateus Ribeiro C\u00e2mara disse que j\u00e1 tinha comprado a fantasia para o carnaval todo e foi coincid\u00eancia ir ao Exalta Rei. Acabou caindo na zoa\u00e7\u00e3o dos amigos. \u201cEu sou o rei da galera, rei do carnaval, rei do ver\u00e3o carioca, rei do camarote agregando valor. Mas o mais importante \u00e9 o rei Roberto Carlos, sempre. \u00c9, com certeza, o rei da simpatia, o rei de quem cuida da cidade, de quem se importa com os outros, \u00e9 isso que importa mais\u201d.<\/p><\/blockquote>\n<p>No fim da tarde, ser\u00e1 a vez do \u201cmaluco-beleza-poeta-her\u00f3i-marginal\u201d ser homenageado pelo bloco Toca Rauuul, tamb\u00e9m na Pra\u00e7a Tiradentes. Com releituras das m\u00fasicas de Raul Seixas em ritmos carnavalescos como frevo, samba, marchinha e maracatu, \u201csem jamais perder a pegada <em>rock \u2018n\u2019 roll<\/em>\u201d, o bloco saiu pela primeira vez em 2011.<\/p>\n<p>No domingo passado (8) j\u00e1 teve o Fogo e Paix\u00e3o, que desfilou pela quinta vez no dia em que foram lembrados os tr\u00eas anos da morte do \u201cmuso\u201d do bloco, o cantor Wando. E amanh\u00e3 ser\u00e1 a vez dos beatleman\u00edacos ca\u00edrem no batuque do Bloco do Sargento Pimenta, que desfila a partir das 15h, no Aterro do Flamengo.<\/p>\n<p><strong>Akemi Nitahara, ABr<br \/>\n<\/strong><\/p>\n","protected":false},"excerpt":{"rendered":"<p>Grandes nomes da m\u00fasica brasileira e internacional ganharam blocos de carnaval exclusivos para tocar suas m\u00fasicas, no Rio de Janeiro. Neste domingo (15) o Thriller El\u00e9trico levou o rei do pop aos foli\u00f5es da Vila Isabel, na zona norte da cidade, pela terceira vez. Com uma banda, tr\u00eas cantores e uma bateria completa, a Pra\u00e7a [&hellip;]<\/p>\n","protected":false},"author":2,"featured_media":37241,"comment_status":"open","ping_status":"closed","sticky":false,"template":"","format":"standard","meta":{"_acf_changed":false,"footnotes":""},"categories":[16],"tags":[],"class_list":["post-37240","post","type-post","status-publish","format-standard","has-post-thumbnail","hentry","category-brasil"],"acf":[],"yoast_head":"<!-- This site is optimized with the Yoast SEO plugin v27.2 - https:\/\/yoast.com\/product\/yoast-seo-wordpress\/ -->\n<title>Foli\u00e3o cai na dan\u00e7a em blocos espec\u00edficos de grandes \u00eddolos - Notibras<\/title>\n<meta name=\"robots\" content=\"index, follow, max-snippet:-1, max-image-preview:large, max-video-preview:-1\" \/>\n<link rel=\"canonical\" href=\"https:\/\/www.notibras.com\/site\/foliao-cai-na-danca-em-blocos-especificos-de-grandes-idolos-da-musica\/\" \/>\n<meta property=\"og:locale\" content=\"pt_BR\" \/>\n<meta property=\"og:type\" content=\"article\" \/>\n<meta property=\"og:title\" content=\"Foli\u00e3o cai na dan\u00e7a em blocos espec\u00edficos de grandes \u00eddolos - Notibras\" \/>\n<meta property=\"og:description\" content=\"Grandes nomes da m\u00fasica brasileira e internacional ganharam blocos de carnaval exclusivos para tocar suas m\u00fasicas, no Rio de Janeiro. Neste domingo (15) o Thriller El\u00e9trico levou o rei do pop aos foli\u00f5es da Vila Isabel, na zona norte da cidade, pela terceira vez. Com uma banda, tr\u00eas cantores e uma bateria completa, a Pra\u00e7a [&hellip;]\" \/>\n<meta property=\"og:url\" content=\"https:\/\/www.notibras.com\/site\/foliao-cai-na-danca-em-blocos-especificos-de-grandes-idolos-da-musica\/\" \/>\n<meta property=\"og:site_name\" content=\"Notibras\" \/>\n<meta property=\"article:publisher\" content=\"https:\/\/www.facebook.com\/notibras\/\" \/>\n<meta property=\"article:published_time\" content=\"2015-02-15T20:25:33+00:00\" \/>\n<meta property=\"article:modified_time\" content=\"2015-02-15T22:31:15+00:00\" \/>\n<meta property=\"og:image\" content=\"https:\/\/www.notibras.com\/site\/wp-content\/uploads\/2015\/02\/thriller_eletrico.jpg\" \/>\n\t<meta property=\"og:image:width\" content=\"580\" \/>\n\t<meta property=\"og:image:height\" content=\"388\" \/>\n\t<meta property=\"og:image:type\" content=\"image\/jpeg\" \/>\n<meta name=\"author\" content=\"Reda\u00e7\u00e3o\" \/>\n<meta name=\"twitter:card\" content=\"summary_large_image\" \/>\n<meta name=\"twitter:creator\" content=\"@Notibras\" \/>\n<meta name=\"twitter:site\" content=\"@Notibras\" \/>\n<meta name=\"twitter:label1\" content=\"Escrito por\" \/>\n\t<meta name=\"twitter:data1\" content=\"Reda\u00e7\u00e3o\" \/>\n\t<meta name=\"twitter:label2\" content=\"Est. tempo de leitura\" \/>\n\t<meta name=\"twitter:data2\" content=\"2 minutos\" \/>\n<script type=\"application\/ld+json\" class=\"yoast-schema-graph\">{\"@context\":\"https:\/\/schema.org\",\"@graph\":[{\"@type\":\"Article\",\"@id\":\"https:\/\/www.notibras.com\/site\/foliao-cai-na-danca-em-blocos-especificos-de-grandes-idolos-da-musica\/#article\",\"isPartOf\":{\"@id\":\"https:\/\/www.notibras.com\/site\/foliao-cai-na-danca-em-blocos-especificos-de-grandes-idolos-da-musica\/\"},\"author\":{\"name\":\"Reda\u00e7\u00e3o\",\"@id\":\"https:\/\/www.notibras.com\/site\/#\/schema\/person\/36ab0979449956132d3e5b517ea76ac8\"},\"headline\":\"Foli\u00e3o cai na dan\u00e7a em blocos espec\u00edficos de grandes \u00eddolos\",\"datePublished\":\"2015-02-15T20:25:33+00:00\",\"dateModified\":\"2015-02-15T22:31:15+00:00\",\"mainEntityOfPage\":{\"@id\":\"https:\/\/www.notibras.com\/site\/foliao-cai-na-danca-em-blocos-especificos-de-grandes-idolos-da-musica\/\"},\"wordCount\":418,\"commentCount\":0,\"publisher\":{\"@id\":\"https:\/\/www.notibras.com\/site\/#organization\"},\"image\":{\"@id\":\"https:\/\/www.notibras.com\/site\/foliao-cai-na-danca-em-blocos-especificos-de-grandes-idolos-da-musica\/#primaryimage\"},\"thumbnailUrl\":\"https:\/\/www.notibras.com\/site\/wp-content\/uploads\/2015\/02\/thriller_eletrico.jpg\",\"articleSection\":[\"Brasil\"],\"inLanguage\":\"pt-BR\",\"potentialAction\":[{\"@type\":\"CommentAction\",\"name\":\"Comment\",\"target\":[\"https:\/\/www.notibras.com\/site\/foliao-cai-na-danca-em-blocos-especificos-de-grandes-idolos-da-musica\/#respond\"]}]},{\"@type\":\"WebPage\",\"@id\":\"https:\/\/www.notibras.com\/site\/foliao-cai-na-danca-em-blocos-especificos-de-grandes-idolos-da-musica\/\",\"url\":\"https:\/\/www.notibras.com\/site\/foliao-cai-na-danca-em-blocos-especificos-de-grandes-idolos-da-musica\/\",\"name\":\"Foli\u00e3o cai na dan\u00e7a em blocos espec\u00edficos de grandes \u00eddolos - Notibras\",\"isPartOf\":{\"@id\":\"https:\/\/www.notibras.com\/site\/#website\"},\"primaryImageOfPage\":{\"@id\":\"https:\/\/www.notibras.com\/site\/foliao-cai-na-danca-em-blocos-especificos-de-grandes-idolos-da-musica\/#primaryimage\"},\"image\":{\"@id\":\"https:\/\/www.notibras.com\/site\/foliao-cai-na-danca-em-blocos-especificos-de-grandes-idolos-da-musica\/#primaryimage\"},\"thumbnailUrl\":\"https:\/\/www.notibras.com\/site\/wp-content\/uploads\/2015\/02\/thriller_eletrico.jpg\",\"datePublished\":\"2015-02-15T20:25:33+00:00\",\"dateModified\":\"2015-02-15T22:31:15+00:00\",\"breadcrumb\":{\"@id\":\"https:\/\/www.notibras.com\/site\/foliao-cai-na-danca-em-blocos-especificos-de-grandes-idolos-da-musica\/#breadcrumb\"},\"inLanguage\":\"pt-BR\",\"potentialAction\":[{\"@type\":\"ReadAction\",\"target\":[\"https:\/\/www.notibras.com\/site\/foliao-cai-na-danca-em-blocos-especificos-de-grandes-idolos-da-musica\/\"]}]},{\"@type\":\"ImageObject\",\"inLanguage\":\"pt-BR\",\"@id\":\"https:\/\/www.notibras.com\/site\/foliao-cai-na-danca-em-blocos-especificos-de-grandes-idolos-da-musica\/#primaryimage\",\"url\":\"https:\/\/www.notibras.com\/site\/wp-content\/uploads\/2015\/02\/thriller_eletrico.jpg\",\"contentUrl\":\"https:\/\/www.notibras.com\/site\/wp-content\/uploads\/2015\/02\/thriller_eletrico.jpg\",\"width\":580,\"height\":388},{\"@type\":\"BreadcrumbList\",\"@id\":\"https:\/\/www.notibras.com\/site\/foliao-cai-na-danca-em-blocos-especificos-de-grandes-idolos-da-musica\/#breadcrumb\",\"itemListElement\":[{\"@type\":\"ListItem\",\"position\":1,\"name\":\"In\u00edcio\",\"item\":\"https:\/\/www.notibras.com\/site\/\"},{\"@type\":\"ListItem\",\"position\":2,\"name\":\"Foli\u00e3o cai na dan\u00e7a em blocos espec\u00edficos de grandes \u00eddolos\"}]},{\"@type\":\"WebSite\",\"@id\":\"https:\/\/www.notibras.com\/site\/#website\",\"url\":\"https:\/\/www.notibras.com\/site\/\",\"name\":\"Notibras\",\"description\":\"Not\u00edcias de Bras\u00edlia, do Brasil e do Mundo\",\"publisher\":{\"@id\":\"https:\/\/www.notibras.com\/site\/#organization\"},\"potentialAction\":[{\"@type\":\"SearchAction\",\"target\":{\"@type\":\"EntryPoint\",\"urlTemplate\":\"https:\/\/www.notibras.com\/site\/?s={search_term_string}\"},\"query-input\":{\"@type\":\"PropertyValueSpecification\",\"valueRequired\":true,\"valueName\":\"search_term_string\"}}],\"inLanguage\":\"pt-BR\"},{\"@type\":\"Organization\",\"@id\":\"https:\/\/www.notibras.com\/site\/#organization\",\"name\":\"Grupo Notibras de Comunica\u00e7\u00e3o\",\"url\":\"https:\/\/www.notibras.com\/site\/\",\"logo\":{\"@type\":\"ImageObject\",\"inLanguage\":\"pt-BR\",\"@id\":\"https:\/\/www.notibras.com\/site\/#\/schema\/logo\/image\/\",\"url\":\"https:\/\/www.notibras.com\/site\/wp-content\/uploads\/2023\/01\/notibras23.png\",\"contentUrl\":\"https:\/\/www.notibras.com\/site\/wp-content\/uploads\/2023\/01\/notibras23.png\",\"width\":350,\"height\":87,\"caption\":\"Grupo Notibras de Comunica\u00e7\u00e3o\"},\"image\":{\"@id\":\"https:\/\/www.notibras.com\/site\/#\/schema\/logo\/image\/\"},\"sameAs\":[\"https:\/\/www.facebook.com\/notibras\/\",\"https:\/\/x.com\/Notibras\",\"https:\/\/www.instagram.com\/notibras\/\"]},{\"@type\":\"Person\",\"@id\":\"https:\/\/www.notibras.com\/site\/#\/schema\/person\/36ab0979449956132d3e5b517ea76ac8\",\"name\":\"Reda\u00e7\u00e3o\",\"image\":{\"@type\":\"ImageObject\",\"inLanguage\":\"pt-BR\",\"@id\":\"https:\/\/secure.gravatar.com\/avatar\/e0a867bdedb85fd243eadf09663511f96fc81e0720a4a42581f334ad4303aa6b?s=96&d=mm&r=g\",\"url\":\"https:\/\/secure.gravatar.com\/avatar\/e0a867bdedb85fd243eadf09663511f96fc81e0720a4a42581f334ad4303aa6b?s=96&d=mm&r=g\",\"contentUrl\":\"https:\/\/secure.gravatar.com\/avatar\/e0a867bdedb85fd243eadf09663511f96fc81e0720a4a42581f334ad4303aa6b?s=96&d=mm&r=g\",\"caption\":\"Reda\u00e7\u00e3o\"}}]}<\/script>\n<!-- \/ Yoast SEO plugin. -->","yoast_head_json":{"title":"Foli\u00e3o cai na dan\u00e7a em blocos espec\u00edficos de grandes \u00eddolos - Notibras","robots":{"index":"index","follow":"follow","max-snippet":"max-snippet:-1","max-image-preview":"max-image-preview:large","max-video-preview":"max-video-preview:-1"},"canonical":"https:\/\/www.notibras.com\/site\/foliao-cai-na-danca-em-blocos-especificos-de-grandes-idolos-da-musica\/","og_locale":"pt_BR","og_type":"article","og_title":"Foli\u00e3o cai na dan\u00e7a em blocos espec\u00edficos de grandes \u00eddolos - Notibras","og_description":"Grandes nomes da m\u00fasica brasileira e internacional ganharam blocos de carnaval exclusivos para tocar suas m\u00fasicas, no Rio de Janeiro. Neste domingo (15) o Thriller El\u00e9trico levou o rei do pop aos foli\u00f5es da Vila Isabel, na zona norte da cidade, pela terceira vez. Com uma banda, tr\u00eas cantores e uma bateria completa, a Pra\u00e7a [&hellip;]","og_url":"https:\/\/www.notibras.com\/site\/foliao-cai-na-danca-em-blocos-especificos-de-grandes-idolos-da-musica\/","og_site_name":"Notibras","article_publisher":"https:\/\/www.facebook.com\/notibras\/","article_published_time":"2015-02-15T20:25:33+00:00","article_modified_time":"2015-02-15T22:31:15+00:00","og_image":[{"width":580,"height":388,"url":"https:\/\/www.notibras.com\/site\/wp-content\/uploads\/2015\/02\/thriller_eletrico.jpg","type":"image\/jpeg"}],"author":"Reda\u00e7\u00e3o","twitter_card":"summary_large_image","twitter_creator":"@Notibras","twitter_site":"@Notibras","twitter_misc":{"Escrito por":"Reda\u00e7\u00e3o","Est. tempo de leitura":"2 minutos"},"schema":{"@context":"https:\/\/schema.org","@graph":[{"@type":"Article","@id":"https:\/\/www.notibras.com\/site\/foliao-cai-na-danca-em-blocos-especificos-de-grandes-idolos-da-musica\/#article","isPartOf":{"@id":"https:\/\/www.notibras.com\/site\/foliao-cai-na-danca-em-blocos-especificos-de-grandes-idolos-da-musica\/"},"author":{"name":"Reda\u00e7\u00e3o","@id":"https:\/\/www.notibras.com\/site\/#\/schema\/person\/36ab0979449956132d3e5b517ea76ac8"},"headline":"Foli\u00e3o cai na dan\u00e7a em blocos espec\u00edficos de grandes \u00eddolos","datePublished":"2015-02-15T20:25:33+00:00","dateModified":"2015-02-15T22:31:15+00:00","mainEntityOfPage":{"@id":"https:\/\/www.notibras.com\/site\/foliao-cai-na-danca-em-blocos-especificos-de-grandes-idolos-da-musica\/"},"wordCount":418,"commentCount":0,"publisher":{"@id":"https:\/\/www.notibras.com\/site\/#organization"},"image":{"@id":"https:\/\/www.notibras.com\/site\/foliao-cai-na-danca-em-blocos-especificos-de-grandes-idolos-da-musica\/#primaryimage"},"thumbnailUrl":"https:\/\/www.notibras.com\/site\/wp-content\/uploads\/2015\/02\/thriller_eletrico.jpg","articleSection":["Brasil"],"inLanguage":"pt-BR","potentialAction":[{"@type":"CommentAction","name":"Comment","target":["https:\/\/www.notibras.com\/site\/foliao-cai-na-danca-em-blocos-especificos-de-grandes-idolos-da-musica\/#respond"]}]},{"@type":"WebPage","@id":"https:\/\/www.notibras.com\/site\/foliao-cai-na-danca-em-blocos-especificos-de-grandes-idolos-da-musica\/","url":"https:\/\/www.notibras.com\/site\/foliao-cai-na-danca-em-blocos-especificos-de-grandes-idolos-da-musica\/","name":"Foli\u00e3o cai na dan\u00e7a em blocos espec\u00edficos de grandes \u00eddolos - Notibras","isPartOf":{"@id":"https:\/\/www.notibras.com\/site\/#website"},"primaryImageOfPage":{"@id":"https:\/\/www.notibras.com\/site\/foliao-cai-na-danca-em-blocos-especificos-de-grandes-idolos-da-musica\/#primaryimage"},"image":{"@id":"https:\/\/www.notibras.com\/site\/foliao-cai-na-danca-em-blocos-especificos-de-grandes-idolos-da-musica\/#primaryimage"},"thumbnailUrl":"https:\/\/www.notibras.com\/site\/wp-content\/uploads\/2015\/02\/thriller_eletrico.jpg","datePublished":"2015-02-15T20:25:33+00:00","dateModified":"2015-02-15T22:31:15+00:00","breadcrumb":{"@id":"https:\/\/www.notibras.com\/site\/foliao-cai-na-danca-em-blocos-especificos-de-grandes-idolos-da-musica\/#breadcrumb"},"inLanguage":"pt-BR","potentialAction":[{"@type":"ReadAction","target":["https:\/\/www.notibras.com\/site\/foliao-cai-na-danca-em-blocos-especificos-de-grandes-idolos-da-musica\/"]}]},{"@type":"ImageObject","inLanguage":"pt-BR","@id":"https:\/\/www.notibras.com\/site\/foliao-cai-na-danca-em-blocos-especificos-de-grandes-idolos-da-musica\/#primaryimage","url":"https:\/\/www.notibras.com\/site\/wp-content\/uploads\/2015\/02\/thriller_eletrico.jpg","contentUrl":"https:\/\/www.notibras.com\/site\/wp-content\/uploads\/2015\/02\/thriller_eletrico.jpg","width":580,"height":388},{"@type":"BreadcrumbList","@id":"https:\/\/www.notibras.com\/site\/foliao-cai-na-danca-em-blocos-especificos-de-grandes-idolos-da-musica\/#breadcrumb","itemListElement":[{"@type":"ListItem","position":1,"name":"In\u00edcio","item":"https:\/\/www.notibras.com\/site\/"},{"@type":"ListItem","position":2,"name":"Foli\u00e3o cai na dan\u00e7a em blocos espec\u00edficos de grandes \u00eddolos"}]},{"@type":"WebSite","@id":"https:\/\/www.notibras.com\/site\/#website","url":"https:\/\/www.notibras.com\/site\/","name":"Notibras","description":"Not\u00edcias de Bras\u00edlia, do Brasil e do Mundo","publisher":{"@id":"https:\/\/www.notibras.com\/site\/#organization"},"potentialAction":[{"@type":"SearchAction","target":{"@type":"EntryPoint","urlTemplate":"https:\/\/www.notibras.com\/site\/?s={search_term_string}"},"query-input":{"@type":"PropertyValueSpecification","valueRequired":true,"valueName":"search_term_string"}}],"inLanguage":"pt-BR"},{"@type":"Organization","@id":"https:\/\/www.notibras.com\/site\/#organization","name":"Grupo Notibras de Comunica\u00e7\u00e3o","url":"https:\/\/www.notibras.com\/site\/","logo":{"@type":"ImageObject","inLanguage":"pt-BR","@id":"https:\/\/www.notibras.com\/site\/#\/schema\/logo\/image\/","url":"https:\/\/www.notibras.com\/site\/wp-content\/uploads\/2023\/01\/notibras23.png","contentUrl":"https:\/\/www.notibras.com\/site\/wp-content\/uploads\/2023\/01\/notibras23.png","width":350,"height":87,"caption":"Grupo Notibras de Comunica\u00e7\u00e3o"},"image":{"@id":"https:\/\/www.notibras.com\/site\/#\/schema\/logo\/image\/"},"sameAs":["https:\/\/www.facebook.com\/notibras\/","https:\/\/x.com\/Notibras","https:\/\/www.instagram.com\/notibras\/"]},{"@type":"Person","@id":"https:\/\/www.notibras.com\/site\/#\/schema\/person\/36ab0979449956132d3e5b517ea76ac8","name":"Reda\u00e7\u00e3o","image":{"@type":"ImageObject","inLanguage":"pt-BR","@id":"https:\/\/secure.gravatar.com\/avatar\/e0a867bdedb85fd243eadf09663511f96fc81e0720a4a42581f334ad4303aa6b?s=96&d=mm&r=g","url":"https:\/\/secure.gravatar.com\/avatar\/e0a867bdedb85fd243eadf09663511f96fc81e0720a4a42581f334ad4303aa6b?s=96&d=mm&r=g","contentUrl":"https:\/\/secure.gravatar.com\/avatar\/e0a867bdedb85fd243eadf09663511f96fc81e0720a4a42581f334ad4303aa6b?s=96&d=mm&r=g","caption":"Reda\u00e7\u00e3o"}}]}},"amp_enabled":true,"_links":{"self":[{"href":"https:\/\/www.notibras.com\/site\/wp-json\/wp\/v2\/posts\/37240","targetHints":{"allow":["GET"]}}],"collection":[{"href":"https:\/\/www.notibras.com\/site\/wp-json\/wp\/v2\/posts"}],"about":[{"href":"https:\/\/www.notibras.com\/site\/wp-json\/wp\/v2\/types\/post"}],"author":[{"embeddable":true,"href":"https:\/\/www.notibras.com\/site\/wp-json\/wp\/v2\/users\/2"}],"replies":[{"embeddable":true,"href":"https:\/\/www.notibras.com\/site\/wp-json\/wp\/v2\/comments?post=37240"}],"version-history":[{"count":0,"href":"https:\/\/www.notibras.com\/site\/wp-json\/wp\/v2\/posts\/37240\/revisions"}],"wp:featuredmedia":[{"embeddable":true,"href":"https:\/\/www.notibras.com\/site\/wp-json\/wp\/v2\/media\/37241"}],"wp:attachment":[{"href":"https:\/\/www.notibras.com\/site\/wp-json\/wp\/v2\/media?parent=37240"}],"wp:term":[{"taxonomy":"category","embeddable":true,"href":"https:\/\/www.notibras.com\/site\/wp-json\/wp\/v2\/categories?post=37240"},{"taxonomy":"post_tag","embeddable":true,"href":"https:\/\/www.notibras.com\/site\/wp-json\/wp\/v2\/tags?post=37240"}],"curies":[{"name":"wp","href":"https:\/\/api.w.org\/{rel}","templated":true}]}}