{"id":372417,"date":"2025-11-26T07:58:27","date_gmt":"2025-11-26T10:58:27","guid":{"rendered":"https:\/\/www.notibras.com\/site\/?p=372417"},"modified":"2025-11-26T07:59:13","modified_gmt":"2025-11-26T10:59:13","slug":"o-professor-e-pesquisador-que-desvenda-misterios","status":"publish","type":"post","link":"https:\/\/www.notibras.com\/site\/o-professor-e-pesquisador-que-desvenda-misterios\/","title":{"rendered":"O professor e pesquisador que desvenda mist\u00e9rios"},"content":{"rendered":"<p>Nascido em Recife, Pernambuco, em 1955, Giovanni de Farias Seabra \u00e9 uma das figuras mais respeitadas do cen\u00e1rio acad\u00eamico, filos\u00f3fico e espiritual do Brasil contempor\u00e2neo. Filho do renomado jornalista, astr\u00f3logo e mago Geraldo Seabra, Giovanni cresceu em um ambiente permeado por livros raros, mapas astrais, s\u00edmbolos arcanos e discuss\u00f5es sobre metaf\u00edsica. Essa atmosfera moldou, desde cedo, seu olhar filos\u00f3fico e sua voca\u00e7\u00e3o para investigar os segredos da vida humana do ponto de vista espiritual e c\u00f3smico.<\/p>\n<p>Graduado em Geografia pela Universidade de Bras\u00edlia (UnB), Giovanni Seabra construiu uma carreira marcada pela uni\u00e3o rigorosa entre ci\u00eancia e espiritualidade. Para ele, a Geografia vai muito al\u00e9m da cartografia f\u00edsica: o mundo pode ser lido como paisagem simb\u00f3lica, como espelho da alma e manifesta\u00e7\u00e3o de for\u00e7as maiores. Suas pesquisas dialogam com a Geografia F\u00edsica, Humana, sociedade x cultura, meio ambiente, hermetismo e antropologia do sagrado, culminando em uma abordagem que denomina Geografia Sagrada \u2014 um campo que estuda a correspond\u00eancia entre lugares, arqu\u00e9tipos, ritmos c\u00f3smicos e processos de consci\u00eancia.<\/p>\n<p>Como professor e pesquisador, Giovanni participou e coordenou dezenas de congressos, simp\u00f3sios e encontros acad\u00eamicos no Brasil e no exterior. Reconhecido pela clareza did\u00e1tica e pela profundidade de suas interpreta\u00e7\u00f5es, ele convida seus alunos a compreenderem o planeta como um organismo vivo \u201cGAIA\u201d, integrado a uma ecologia profunda e espiritual na qual o ser humano desempenha papel consciente de preserva\u00e7\u00e3o da Natureza.<\/p>\n<p>Sua produ\u00e7\u00e3o acad\u00eamica \u00e9 vasta. Entre suas obras cient\u00edficas destacam-se: Terra: meio ambiente e sustentabilidade; Educa\u00e7\u00e3o Ambiental; Geografia: fundamentos e perspectivas; Para\u00edba; Pesquisa Cient\u00edfica: o M\u00e9todo em Quest\u00e3o; Turismo Sertanejo; e Chapada Diamantina: o falso brilhante.<\/p>\n<p>Nos estudos esot\u00e9ricos, Giovanni assume outro aspecto de sua identidade intelectual: o do mago-fil\u00f3sofo. Entre suas obras herm\u00e9ticas mais influentes est\u00e3o Abrakadabra: O Verbo Criador e a Linguagem Herm\u00e9tica; O Tarot Eg\u00edpcio e o Caminho Inici\u00e1tico da Consci\u00eancia; O Mago Jesus Cristo: Teurgia e Milagre nas Tradi\u00e7\u00f5es Crist\u00e3s; Magia e Feiti\u00e7aria; Giordano Bruno, o Mago das Trevas; e Ginseng: a raiz da vida que cura todos os males, entre outros.<\/p>\n<p>Nos seus escritos herm\u00e9ticos, combina precis\u00e3o acad\u00eamica com inspira\u00e7\u00e3o metaf\u00edsica, oferecendo ao leitor an\u00e1lises que entrela\u00e7am tradi\u00e7\u00e3o, ci\u00eancia, filosofia e espiritualidade. Um dos aspectos distintivos de sua obra \u00e9 a capacidade de transitar entre o racional e o simb\u00f3lico, revelando a figura incomum do intelectual que tamb\u00e9m \u00e9 iniciado.<\/p>\n<p>Com carreira acad\u00eamica coroada por mestrado, doutorado e p\u00f3s-doutorados, Giovanni Seabra sagrou-se professor titular da Universidade Federal da Para\u00edba (UFPB). Paralelamente, atua como estudioso e praticante das ci\u00eancias ocultas, com especial interesse em Magia Cerimonial, Quiromancia, Numerologia, Tarot, Teurgia e Hermetismo. Publica livros, artigos, ministra cursos, palestras e consultas, sempre enfatizando que a Magia \u00e9, antes de tudo, uma ci\u00eancia espiritual, uma linguagem simb\u00f3lica que conecta o homem ao Divino e o auxilia a compreender o lado oculto da realidade vivida.<\/p>\n<p>Atualmente, Giovanni \u00e9 Gr\u00e3o-Mestre do Col\u00e9gio dos Magos e Sacerdotisas, institui\u00e7\u00e3o fundada por seu pai, Geraldo Seabra, em 1996. Sob sua dire\u00e7\u00e3o, o Col\u00e9gio consolidou-se como espa\u00e7o de forma\u00e7\u00e3o esot\u00e9rica, filos\u00f3fica e ritual\u00edstica, reunindo magos, sacerdotisas e iniciados dedicados ao estudo dos mist\u00e9rios da Natureza, da consci\u00eancia e das tradi\u00e7\u00f5es m\u00e1gicas ancestrais. Sua orienta\u00e7\u00e3o deu novo f\u00f4lego \u00e0 institui\u00e7\u00e3o, fortalecendo a pesquisa herm\u00e9tica e a pr\u00e1tica de uma magia pautada no equil\u00edbrio entre disciplina, \u00e9tica e conhecimento.<\/p>\n<p>Intelectual e m\u00edstico por ess\u00eancia, Giovanni de Farias Seabra tornou-se refer\u00eancia para aqueles que buscam aproximar ci\u00eancia, filosofia e tradi\u00e7\u00e3o esot\u00e9rica. Sua vida e sua obra representam a uni\u00e3o do mapa terrestre ao mapa do esp\u00edrito \u2014 uma ponte viva entre as universidades e os antigos templos do saber. Para muitos disc\u00edpulos e leitores, Giovanni Seabra n\u00e3o \u00e9 apenas um professor: \u00e9 um Mestre Iniciador, cuja palavra ilumina e guia. Ele aparece, neste retrato intelectual, como um hierofante moderno: algu\u00e9m que transita entre mundos, decodificando s\u00edmbolos, organizando saberes e transmitindo conhecimento inici\u00e1tico a partir de uma postura \u00e9tica e iluminada. Seu percurso alterna entre o rigor da universidade e a profundidade dos templos esot\u00e9ricos, mostrando que a busca pela Luz Divina n\u00e3o dispensa estudo, m\u00e9todo e responsabilidade.<\/p>\n<p>Giovanni Seabra representa o arqu\u00e9tipo do Mago S\u00e1bio, aquele que n\u00e3o apenas conhece os mist\u00e9rios, mas os vive, os encarna e os oferece como caminho de transforma\u00e7\u00e3o. Sua trajet\u00f3ria demonstra que a verdadeira magia \u00e9 esclarecimento, discernimento e servi\u00e7o \u2014 uma forma elevada de conhecimento que une a raz\u00e3o \u00e0 transcend\u00eancia.<\/p>\n<p>Em suas palestras, repete o axioma que sintetiza seu caminho de busca: \u201cConhece-te a ti mesmo, e conhecer\u00e1s o Universo e os Deuses.\u201d<\/p>\n<p>&#8230;&#8230;&#8230;&#8230;.<\/p>\n<p><strong>Hussein Sabra el-Awar<\/strong><br \/>\n<strong>Membro Conselheiro do Col\u00e9gio dos Magos e Sacerdotisas<\/strong><br \/>\n<strong>@colegiodosmagosesacerdotisas<\/strong><\/p>\n","protected":false},"excerpt":{"rendered":"<p>Nascido em Recife, Pernambuco, em 1955, Giovanni de Farias Seabra \u00e9 uma das figuras mais respeitadas do cen\u00e1rio acad\u00eamico, filos\u00f3fico e espiritual do Brasil contempor\u00e2neo. Filho do renomado jornalista, astr\u00f3logo e mago Geraldo Seabra, Giovanni cresceu em um ambiente permeado por livros raros, mapas astrais, s\u00edmbolos arcanos e discuss\u00f5es sobre metaf\u00edsica. Essa atmosfera moldou, desde [&hellip;]<\/p>\n","protected":false},"author":2,"featured_media":372418,"comment_status":"closed","ping_status":"closed","sticky":false,"template":"","format":"standard","meta":{"_acf_changed":false,"footnotes":""},"categories":[237],"tags":[],"class_list":["post-372417","post","type-post","status-publish","format-standard","has-post-thumbnail","hentry","category-oraculos"],"acf":[],"yoast_head":"<!-- This site is optimized with the Yoast SEO plugin v27.2 - https:\/\/yoast.com\/product\/yoast-seo-wordpress\/ -->\n<title>O professor e pesquisador que desvenda mist\u00e9rios - Notibras<\/title>\n<meta name=\"robots\" content=\"index, follow, max-snippet:-1, max-image-preview:large, max-video-preview:-1\" \/>\n<link rel=\"canonical\" href=\"https:\/\/www.notibras.com\/site\/o-professor-e-pesquisador-que-desvenda-misterios\/\" \/>\n<meta property=\"og:locale\" content=\"pt_BR\" \/>\n<meta property=\"og:type\" content=\"article\" \/>\n<meta property=\"og:title\" content=\"O professor e pesquisador que desvenda mist\u00e9rios - Notibras\" \/>\n<meta property=\"og:description\" content=\"Nascido em Recife, Pernambuco, em 1955, Giovanni de Farias Seabra \u00e9 uma das figuras mais respeitadas do cen\u00e1rio acad\u00eamico, filos\u00f3fico e espiritual do Brasil contempor\u00e2neo. Filho do renomado jornalista, astr\u00f3logo e mago Geraldo Seabra, Giovanni cresceu em um ambiente permeado por livros raros, mapas astrais, s\u00edmbolos arcanos e discuss\u00f5es sobre metaf\u00edsica. Essa atmosfera moldou, desde [&hellip;]\" \/>\n<meta property=\"og:url\" content=\"https:\/\/www.notibras.com\/site\/o-professor-e-pesquisador-que-desvenda-misterios\/\" \/>\n<meta property=\"og:site_name\" content=\"Notibras\" \/>\n<meta property=\"article:publisher\" content=\"https:\/\/www.facebook.com\/notibras\/\" \/>\n<meta property=\"article:published_time\" content=\"2025-11-26T10:58:27+00:00\" \/>\n<meta property=\"article:modified_time\" content=\"2025-11-26T10:59:13+00:00\" \/>\n<meta property=\"og:image\" content=\"https:\/\/www.notibras.com\/site\/wp-content\/uploads\/2025\/11\/8879b6b9-b31f-44c3-8c6f-3a31eed46a6a.jpeg\" \/>\n\t<meta property=\"og:image:width\" content=\"1035\" \/>\n\t<meta property=\"og:image:height\" content=\"1035\" \/>\n\t<meta property=\"og:image:type\" content=\"image\/jpeg\" \/>\n<meta name=\"author\" content=\"Reda\u00e7\u00e3o\" \/>\n<meta name=\"twitter:card\" content=\"summary_large_image\" \/>\n<meta name=\"twitter:creator\" content=\"@Notibras\" \/>\n<meta name=\"twitter:site\" content=\"@Notibras\" \/>\n<meta name=\"twitter:label1\" content=\"Escrito por\" \/>\n\t<meta name=\"twitter:data1\" content=\"Reda\u00e7\u00e3o\" \/>\n\t<meta name=\"twitter:label2\" content=\"Est. tempo de leitura\" \/>\n\t<meta name=\"twitter:data2\" content=\"5 minutos\" \/>\n<script type=\"application\/ld+json\" class=\"yoast-schema-graph\">{\"@context\":\"https:\/\/schema.org\",\"@graph\":[{\"@type\":\"Article\",\"@id\":\"https:\/\/www.notibras.com\/site\/o-professor-e-pesquisador-que-desvenda-misterios\/#article\",\"isPartOf\":{\"@id\":\"https:\/\/www.notibras.com\/site\/o-professor-e-pesquisador-que-desvenda-misterios\/\"},\"author\":{\"name\":\"Reda\u00e7\u00e3o\",\"@id\":\"https:\/\/www.notibras.com\/site\/#\/schema\/person\/36ab0979449956132d3e5b517ea76ac8\"},\"headline\":\"O professor e pesquisador que desvenda mist\u00e9rios\",\"datePublished\":\"2025-11-26T10:58:27+00:00\",\"dateModified\":\"2025-11-26T10:59:13+00:00\",\"mainEntityOfPage\":{\"@id\":\"https:\/\/www.notibras.com\/site\/o-professor-e-pesquisador-que-desvenda-misterios\/\"},\"wordCount\":858,\"publisher\":{\"@id\":\"https:\/\/www.notibras.com\/site\/#organization\"},\"image\":{\"@id\":\"https:\/\/www.notibras.com\/site\/o-professor-e-pesquisador-que-desvenda-misterios\/#primaryimage\"},\"thumbnailUrl\":\"https:\/\/www.notibras.com\/site\/wp-content\/uploads\/2025\/11\/8879b6b9-b31f-44c3-8c6f-3a31eed46a6a.jpeg\",\"articleSection\":[\"Or\u00e1culos\"],\"inLanguage\":\"pt-BR\"},{\"@type\":\"WebPage\",\"@id\":\"https:\/\/www.notibras.com\/site\/o-professor-e-pesquisador-que-desvenda-misterios\/\",\"url\":\"https:\/\/www.notibras.com\/site\/o-professor-e-pesquisador-que-desvenda-misterios\/\",\"name\":\"O professor e pesquisador que desvenda mist\u00e9rios - Notibras\",\"isPartOf\":{\"@id\":\"https:\/\/www.notibras.com\/site\/#website\"},\"primaryImageOfPage\":{\"@id\":\"https:\/\/www.notibras.com\/site\/o-professor-e-pesquisador-que-desvenda-misterios\/#primaryimage\"},\"image\":{\"@id\":\"https:\/\/www.notibras.com\/site\/o-professor-e-pesquisador-que-desvenda-misterios\/#primaryimage\"},\"thumbnailUrl\":\"https:\/\/www.notibras.com\/site\/wp-content\/uploads\/2025\/11\/8879b6b9-b31f-44c3-8c6f-3a31eed46a6a.jpeg\",\"datePublished\":\"2025-11-26T10:58:27+00:00\",\"dateModified\":\"2025-11-26T10:59:13+00:00\",\"breadcrumb\":{\"@id\":\"https:\/\/www.notibras.com\/site\/o-professor-e-pesquisador-que-desvenda-misterios\/#breadcrumb\"},\"inLanguage\":\"pt-BR\",\"potentialAction\":[{\"@type\":\"ReadAction\",\"target\":[\"https:\/\/www.notibras.com\/site\/o-professor-e-pesquisador-que-desvenda-misterios\/\"]}]},{\"@type\":\"ImageObject\",\"inLanguage\":\"pt-BR\",\"@id\":\"https:\/\/www.notibras.com\/site\/o-professor-e-pesquisador-que-desvenda-misterios\/#primaryimage\",\"url\":\"https:\/\/www.notibras.com\/site\/wp-content\/uploads\/2025\/11\/8879b6b9-b31f-44c3-8c6f-3a31eed46a6a.jpeg\",\"contentUrl\":\"https:\/\/www.notibras.com\/site\/wp-content\/uploads\/2025\/11\/8879b6b9-b31f-44c3-8c6f-3a31eed46a6a.jpeg\",\"width\":1035,\"height\":1035},{\"@type\":\"BreadcrumbList\",\"@id\":\"https:\/\/www.notibras.com\/site\/o-professor-e-pesquisador-que-desvenda-misterios\/#breadcrumb\",\"itemListElement\":[{\"@type\":\"ListItem\",\"position\":1,\"name\":\"In\u00edcio\",\"item\":\"https:\/\/www.notibras.com\/site\/\"},{\"@type\":\"ListItem\",\"position\":2,\"name\":\"O professor e pesquisador que desvenda mist\u00e9rios\"}]},{\"@type\":\"WebSite\",\"@id\":\"https:\/\/www.notibras.com\/site\/#website\",\"url\":\"https:\/\/www.notibras.com\/site\/\",\"name\":\"Notibras\",\"description\":\"Not\u00edcias de Bras\u00edlia, do Brasil e do Mundo\",\"publisher\":{\"@id\":\"https:\/\/www.notibras.com\/site\/#organization\"},\"potentialAction\":[{\"@type\":\"SearchAction\",\"target\":{\"@type\":\"EntryPoint\",\"urlTemplate\":\"https:\/\/www.notibras.com\/site\/?s={search_term_string}\"},\"query-input\":{\"@type\":\"PropertyValueSpecification\",\"valueRequired\":true,\"valueName\":\"search_term_string\"}}],\"inLanguage\":\"pt-BR\"},{\"@type\":\"Organization\",\"@id\":\"https:\/\/www.notibras.com\/site\/#organization\",\"name\":\"Grupo Notibras de Comunica\u00e7\u00e3o\",\"url\":\"https:\/\/www.notibras.com\/site\/\",\"logo\":{\"@type\":\"ImageObject\",\"inLanguage\":\"pt-BR\",\"@id\":\"https:\/\/www.notibras.com\/site\/#\/schema\/logo\/image\/\",\"url\":\"https:\/\/www.notibras.com\/site\/wp-content\/uploads\/2023\/01\/notibras23.png\",\"contentUrl\":\"https:\/\/www.notibras.com\/site\/wp-content\/uploads\/2023\/01\/notibras23.png\",\"width\":350,\"height\":87,\"caption\":\"Grupo Notibras de Comunica\u00e7\u00e3o\"},\"image\":{\"@id\":\"https:\/\/www.notibras.com\/site\/#\/schema\/logo\/image\/\"},\"sameAs\":[\"https:\/\/www.facebook.com\/notibras\/\",\"https:\/\/x.com\/Notibras\",\"https:\/\/www.instagram.com\/notibras\/\"]},{\"@type\":\"Person\",\"@id\":\"https:\/\/www.notibras.com\/site\/#\/schema\/person\/36ab0979449956132d3e5b517ea76ac8\",\"name\":\"Reda\u00e7\u00e3o\",\"image\":{\"@type\":\"ImageObject\",\"inLanguage\":\"pt-BR\",\"@id\":\"https:\/\/secure.gravatar.com\/avatar\/e0a867bdedb85fd243eadf09663511f96fc81e0720a4a42581f334ad4303aa6b?s=96&d=mm&r=g\",\"url\":\"https:\/\/secure.gravatar.com\/avatar\/e0a867bdedb85fd243eadf09663511f96fc81e0720a4a42581f334ad4303aa6b?s=96&d=mm&r=g\",\"contentUrl\":\"https:\/\/secure.gravatar.com\/avatar\/e0a867bdedb85fd243eadf09663511f96fc81e0720a4a42581f334ad4303aa6b?s=96&d=mm&r=g\",\"caption\":\"Reda\u00e7\u00e3o\"}}]}<\/script>\n<!-- \/ Yoast SEO plugin. -->","yoast_head_json":{"title":"O professor e pesquisador que desvenda mist\u00e9rios - Notibras","robots":{"index":"index","follow":"follow","max-snippet":"max-snippet:-1","max-image-preview":"max-image-preview:large","max-video-preview":"max-video-preview:-1"},"canonical":"https:\/\/www.notibras.com\/site\/o-professor-e-pesquisador-que-desvenda-misterios\/","og_locale":"pt_BR","og_type":"article","og_title":"O professor e pesquisador que desvenda mist\u00e9rios - Notibras","og_description":"Nascido em Recife, Pernambuco, em 1955, Giovanni de Farias Seabra \u00e9 uma das figuras mais respeitadas do cen\u00e1rio acad\u00eamico, filos\u00f3fico e espiritual do Brasil contempor\u00e2neo. Filho do renomado jornalista, astr\u00f3logo e mago Geraldo Seabra, Giovanni cresceu em um ambiente permeado por livros raros, mapas astrais, s\u00edmbolos arcanos e discuss\u00f5es sobre metaf\u00edsica. Essa atmosfera moldou, desde [&hellip;]","og_url":"https:\/\/www.notibras.com\/site\/o-professor-e-pesquisador-que-desvenda-misterios\/","og_site_name":"Notibras","article_publisher":"https:\/\/www.facebook.com\/notibras\/","article_published_time":"2025-11-26T10:58:27+00:00","article_modified_time":"2025-11-26T10:59:13+00:00","og_image":[{"width":1035,"height":1035,"url":"https:\/\/www.notibras.com\/site\/wp-content\/uploads\/2025\/11\/8879b6b9-b31f-44c3-8c6f-3a31eed46a6a.jpeg","type":"image\/jpeg"}],"author":"Reda\u00e7\u00e3o","twitter_card":"summary_large_image","twitter_creator":"@Notibras","twitter_site":"@Notibras","twitter_misc":{"Escrito por":"Reda\u00e7\u00e3o","Est. tempo de leitura":"5 minutos"},"schema":{"@context":"https:\/\/schema.org","@graph":[{"@type":"Article","@id":"https:\/\/www.notibras.com\/site\/o-professor-e-pesquisador-que-desvenda-misterios\/#article","isPartOf":{"@id":"https:\/\/www.notibras.com\/site\/o-professor-e-pesquisador-que-desvenda-misterios\/"},"author":{"name":"Reda\u00e7\u00e3o","@id":"https:\/\/www.notibras.com\/site\/#\/schema\/person\/36ab0979449956132d3e5b517ea76ac8"},"headline":"O professor e pesquisador que desvenda mist\u00e9rios","datePublished":"2025-11-26T10:58:27+00:00","dateModified":"2025-11-26T10:59:13+00:00","mainEntityOfPage":{"@id":"https:\/\/www.notibras.com\/site\/o-professor-e-pesquisador-que-desvenda-misterios\/"},"wordCount":858,"publisher":{"@id":"https:\/\/www.notibras.com\/site\/#organization"},"image":{"@id":"https:\/\/www.notibras.com\/site\/o-professor-e-pesquisador-que-desvenda-misterios\/#primaryimage"},"thumbnailUrl":"https:\/\/www.notibras.com\/site\/wp-content\/uploads\/2025\/11\/8879b6b9-b31f-44c3-8c6f-3a31eed46a6a.jpeg","articleSection":["Or\u00e1culos"],"inLanguage":"pt-BR"},{"@type":"WebPage","@id":"https:\/\/www.notibras.com\/site\/o-professor-e-pesquisador-que-desvenda-misterios\/","url":"https:\/\/www.notibras.com\/site\/o-professor-e-pesquisador-que-desvenda-misterios\/","name":"O professor e pesquisador que desvenda mist\u00e9rios - Notibras","isPartOf":{"@id":"https:\/\/www.notibras.com\/site\/#website"},"primaryImageOfPage":{"@id":"https:\/\/www.notibras.com\/site\/o-professor-e-pesquisador-que-desvenda-misterios\/#primaryimage"},"image":{"@id":"https:\/\/www.notibras.com\/site\/o-professor-e-pesquisador-que-desvenda-misterios\/#primaryimage"},"thumbnailUrl":"https:\/\/www.notibras.com\/site\/wp-content\/uploads\/2025\/11\/8879b6b9-b31f-44c3-8c6f-3a31eed46a6a.jpeg","datePublished":"2025-11-26T10:58:27+00:00","dateModified":"2025-11-26T10:59:13+00:00","breadcrumb":{"@id":"https:\/\/www.notibras.com\/site\/o-professor-e-pesquisador-que-desvenda-misterios\/#breadcrumb"},"inLanguage":"pt-BR","potentialAction":[{"@type":"ReadAction","target":["https:\/\/www.notibras.com\/site\/o-professor-e-pesquisador-que-desvenda-misterios\/"]}]},{"@type":"ImageObject","inLanguage":"pt-BR","@id":"https:\/\/www.notibras.com\/site\/o-professor-e-pesquisador-que-desvenda-misterios\/#primaryimage","url":"https:\/\/www.notibras.com\/site\/wp-content\/uploads\/2025\/11\/8879b6b9-b31f-44c3-8c6f-3a31eed46a6a.jpeg","contentUrl":"https:\/\/www.notibras.com\/site\/wp-content\/uploads\/2025\/11\/8879b6b9-b31f-44c3-8c6f-3a31eed46a6a.jpeg","width":1035,"height":1035},{"@type":"BreadcrumbList","@id":"https:\/\/www.notibras.com\/site\/o-professor-e-pesquisador-que-desvenda-misterios\/#breadcrumb","itemListElement":[{"@type":"ListItem","position":1,"name":"In\u00edcio","item":"https:\/\/www.notibras.com\/site\/"},{"@type":"ListItem","position":2,"name":"O professor e pesquisador que desvenda mist\u00e9rios"}]},{"@type":"WebSite","@id":"https:\/\/www.notibras.com\/site\/#website","url":"https:\/\/www.notibras.com\/site\/","name":"Notibras","description":"Not\u00edcias de Bras\u00edlia, do Brasil e do Mundo","publisher":{"@id":"https:\/\/www.notibras.com\/site\/#organization"},"potentialAction":[{"@type":"SearchAction","target":{"@type":"EntryPoint","urlTemplate":"https:\/\/www.notibras.com\/site\/?s={search_term_string}"},"query-input":{"@type":"PropertyValueSpecification","valueRequired":true,"valueName":"search_term_string"}}],"inLanguage":"pt-BR"},{"@type":"Organization","@id":"https:\/\/www.notibras.com\/site\/#organization","name":"Grupo Notibras de Comunica\u00e7\u00e3o","url":"https:\/\/www.notibras.com\/site\/","logo":{"@type":"ImageObject","inLanguage":"pt-BR","@id":"https:\/\/www.notibras.com\/site\/#\/schema\/logo\/image\/","url":"https:\/\/www.notibras.com\/site\/wp-content\/uploads\/2023\/01\/notibras23.png","contentUrl":"https:\/\/www.notibras.com\/site\/wp-content\/uploads\/2023\/01\/notibras23.png","width":350,"height":87,"caption":"Grupo Notibras de Comunica\u00e7\u00e3o"},"image":{"@id":"https:\/\/www.notibras.com\/site\/#\/schema\/logo\/image\/"},"sameAs":["https:\/\/www.facebook.com\/notibras\/","https:\/\/x.com\/Notibras","https:\/\/www.instagram.com\/notibras\/"]},{"@type":"Person","@id":"https:\/\/www.notibras.com\/site\/#\/schema\/person\/36ab0979449956132d3e5b517ea76ac8","name":"Reda\u00e7\u00e3o","image":{"@type":"ImageObject","inLanguage":"pt-BR","@id":"https:\/\/secure.gravatar.com\/avatar\/e0a867bdedb85fd243eadf09663511f96fc81e0720a4a42581f334ad4303aa6b?s=96&d=mm&r=g","url":"https:\/\/secure.gravatar.com\/avatar\/e0a867bdedb85fd243eadf09663511f96fc81e0720a4a42581f334ad4303aa6b?s=96&d=mm&r=g","contentUrl":"https:\/\/secure.gravatar.com\/avatar\/e0a867bdedb85fd243eadf09663511f96fc81e0720a4a42581f334ad4303aa6b?s=96&d=mm&r=g","caption":"Reda\u00e7\u00e3o"}}]}},"amp_enabled":true,"_links":{"self":[{"href":"https:\/\/www.notibras.com\/site\/wp-json\/wp\/v2\/posts\/372417","targetHints":{"allow":["GET"]}}],"collection":[{"href":"https:\/\/www.notibras.com\/site\/wp-json\/wp\/v2\/posts"}],"about":[{"href":"https:\/\/www.notibras.com\/site\/wp-json\/wp\/v2\/types\/post"}],"author":[{"embeddable":true,"href":"https:\/\/www.notibras.com\/site\/wp-json\/wp\/v2\/users\/2"}],"replies":[{"embeddable":true,"href":"https:\/\/www.notibras.com\/site\/wp-json\/wp\/v2\/comments?post=372417"}],"version-history":[{"count":1,"href":"https:\/\/www.notibras.com\/site\/wp-json\/wp\/v2\/posts\/372417\/revisions"}],"predecessor-version":[{"id":372419,"href":"https:\/\/www.notibras.com\/site\/wp-json\/wp\/v2\/posts\/372417\/revisions\/372419"}],"wp:featuredmedia":[{"embeddable":true,"href":"https:\/\/www.notibras.com\/site\/wp-json\/wp\/v2\/media\/372418"}],"wp:attachment":[{"href":"https:\/\/www.notibras.com\/site\/wp-json\/wp\/v2\/media?parent=372417"}],"wp:term":[{"taxonomy":"category","embeddable":true,"href":"https:\/\/www.notibras.com\/site\/wp-json\/wp\/v2\/categories?post=372417"},{"taxonomy":"post_tag","embeddable":true,"href":"https:\/\/www.notibras.com\/site\/wp-json\/wp\/v2\/tags?post=372417"}],"curies":[{"name":"wp","href":"https:\/\/api.w.org\/{rel}","templated":true}]}}