{"id":372420,"date":"2025-11-26T00:05:05","date_gmt":"2025-11-26T03:05:05","guid":{"rendered":"https:\/\/www.notibras.com\/site\/?p=372420"},"modified":"2025-11-26T08:08:01","modified_gmt":"2025-11-26T11:08:01","slug":"fiscalizacao-apreende-cinco-motos-aquaticas","status":"publish","type":"post","link":"https:\/\/www.notibras.com\/site\/fiscalizacao-apreende-cinco-motos-aquaticas\/","title":{"rendered":"Fiscaliza\u00e7\u00e3o apreende cinco motos aqu\u00e1ticas"},"content":{"rendered":"<p>Uma opera\u00e7\u00e3o conjunta resultou na apreens\u00e3o de cinco motos aqu\u00e1ticas no Porto de Macei\u00f3. A a\u00e7\u00e3o, coordenada pela Capitania dos Portos em parceria com a Pol\u00edcia Militar Ambiental, teve como objetivo refor\u00e7ar a seguran\u00e7a da navega\u00e7\u00e3o e coibir o uso irregular de embarca\u00e7\u00f5es na regi\u00e3o.<\/p>\n<p>De acordo com a Capitania, as motos aqu\u00e1ticas estavam sendo utilizadas sem a documenta\u00e7\u00e3o obrigat\u00f3ria e, em alguns casos, conduzidas por pessoas sem habilita\u00e7\u00e3o adequada. Al\u00e9m disso, parte dos equipamentos apresentava irregularidades t\u00e9cnicas que poderiam colocar em risco tanto os condutores quanto outros banhistas e navegadores.<\/p>\n<p>O comandante da Capitania dos Portos, tenente-coronel Marcos Farias, destacou que as fiscaliza\u00e7\u00f5es t\u00eam sido intensificadas devido ao aumento do fluxo de embarca\u00e7\u00f5es durante os fins de semana. \u201cNosso foco \u00e9 garantir a seguran\u00e7a no mar. Infelizmente, ainda encontramos muitas pessoas que insistem em descumprir as normas, o que torna a\u00e7\u00f5es como esta essenciais\u201d, afirmou.<\/p>\n<p>As motos aqu\u00e1ticas foram recolhidas e encaminhadas ao p\u00e1tio da Capitania, onde permanecer\u00e3o at\u00e9 que os propriet\u00e1rios regularizem a situa\u00e7\u00e3o. Eles poder\u00e3o responder por infra\u00e7\u00f5es administrativas e, dependendo do caso, por crimes ambientais ou de navega\u00e7\u00e3o.<\/p>\n<p>A opera\u00e7\u00e3o tamb\u00e9m realizou orienta\u00e7\u00f5es a banhistas e trabalhadores do porto, refor\u00e7ando a import\u00e2ncia do uso de equipamentos de seguran\u00e7a e do respeito \u00e0s \u00e1reas de tr\u00e1fego mar\u00edtimo.<\/p>\n<p>A Capitania informou que novas a\u00e7\u00f5es est\u00e3o previstas para os pr\u00f3ximos dias, especialmente em \u00e1reas de grande movimenta\u00e7\u00e3o tur\u00edstica, como a orla de Paju\u00e7ara e Ponta Verde.<\/p>\n","protected":false},"excerpt":{"rendered":"<p>Uma opera\u00e7\u00e3o conjunta resultou na apreens\u00e3o de cinco motos aqu\u00e1ticas no Porto de Macei\u00f3. A a\u00e7\u00e3o, coordenada pela Capitania dos Portos em parceria com a Pol\u00edcia Militar Ambiental, teve como objetivo refor\u00e7ar a seguran\u00e7a da navega\u00e7\u00e3o e coibir o uso irregular de embarca\u00e7\u00f5es na regi\u00e3o. De acordo com a Capitania, as motos aqu\u00e1ticas estavam sendo [&hellip;]<\/p>\n","protected":false},"author":2,"featured_media":372421,"comment_status":"closed","ping_status":"closed","sticky":false,"template":"","format":"standard","meta":{"_acf_changed":false,"footnotes":""},"categories":[165],"tags":[],"class_list":["post-372420","post","type-post","status-publish","format-standard","has-post-thumbnail","hentry","category-nordeste"],"acf":[],"_links":{"self":[{"href":"https:\/\/www.notibras.com\/site\/wp-json\/wp\/v2\/posts\/372420","targetHints":{"allow":["GET"]}}],"collection":[{"href":"https:\/\/www.notibras.com\/site\/wp-json\/wp\/v2\/posts"}],"about":[{"href":"https:\/\/www.notibras.com\/site\/wp-json\/wp\/v2\/types\/post"}],"author":[{"embeddable":true,"href":"https:\/\/www.notibras.com\/site\/wp-json\/wp\/v2\/users\/2"}],"replies":[{"embeddable":true,"href":"https:\/\/www.notibras.com\/site\/wp-json\/wp\/v2\/comments?post=372420"}],"version-history":[{"count":2,"href":"https:\/\/www.notibras.com\/site\/wp-json\/wp\/v2\/posts\/372420\/revisions"}],"predecessor-version":[{"id":372423,"href":"https:\/\/www.notibras.com\/site\/wp-json\/wp\/v2\/posts\/372420\/revisions\/372423"}],"wp:featuredmedia":[{"embeddable":true,"href":"https:\/\/www.notibras.com\/site\/wp-json\/wp\/v2\/media\/372421"}],"wp:attachment":[{"href":"https:\/\/www.notibras.com\/site\/wp-json\/wp\/v2\/media?parent=372420"}],"wp:term":[{"taxonomy":"category","embeddable":true,"href":"https:\/\/www.notibras.com\/site\/wp-json\/wp\/v2\/categories?post=372420"},{"taxonomy":"post_tag","embeddable":true,"href":"https:\/\/www.notibras.com\/site\/wp-json\/wp\/v2\/tags?post=372420"}],"curies":[{"name":"wp","href":"https:\/\/api.w.org\/{rel}","templated":true}]}}