{"id":372424,"date":"2025-11-26T00:00:42","date_gmt":"2025-11-26T03:00:42","guid":{"rendered":"https:\/\/www.notibras.com\/site\/?p=372424"},"modified":"2025-11-26T08:11:52","modified_gmt":"2025-11-26T11:11:52","slug":"piaui-ganha-boia-meteorologica-para-estudo-de-ventos-em-alto-mar","status":"publish","type":"post","link":"https:\/\/www.notibras.com\/site\/piaui-ganha-boia-meteorologica-para-estudo-de-ventos-em-alto-mar\/","title":{"rendered":"Piau\u00ed ganha boia meteorol\u00f3gica para estudo de ventos em alto-mar"},"content":{"rendered":"<p>Uma boia meteorol\u00f3gica de \u00faltima gera\u00e7\u00e3o foi instalada no litoral do Piau\u00ed para monitorar, em tempo real, as condi\u00e7\u00f5es de vento e do mar em \u00e1reas de alto-mar. O equipamento, considerado estrat\u00e9gico para pesquisas e futuros projetos de gera\u00e7\u00e3o de energia e\u00f3lica offshore, foi posicionado a cerca de 40 quil\u00f4metros da costa, em uma das \u00e1reas com maior potencial e\u00f3lico do Nordeste.<\/p>\n<p>A instala\u00e7\u00e3o foi realizada por uma equipe t\u00e9cnica especializada, com apoio de pesquisadores e \u00f3rg\u00e3os ambientais. A boia est\u00e1 equipada com sensores capazes de medir velocidade e dire\u00e7\u00e3o dos ventos, altura das ondas, intensidade das correntes mar\u00edtimas e outros dados atmosf\u00e9ricos que auxiliam no mapeamento do comportamento clim\u00e1tico marinho.<\/p>\n<p>Segundo os respons\u00e1veis pelo projeto, o objetivo \u00e9 coletar informa\u00e7\u00f5es de longo prazo para embasar estudos ambientais e viabilizar investimentos em energia renov\u00e1vel na regi\u00e3o. Os dados tamb\u00e9m servir\u00e3o para pesquisas oceanogr\u00e1ficas, contribuindo para o monitoramento de mudan\u00e7as clim\u00e1ticas, previs\u00e3o do tempo e seguran\u00e7a da navega\u00e7\u00e3o.<\/p>\n<p>A escolha do litoral piauiense ocorreu devido \u00e0s condi\u00e7\u00f5es naturais favor\u00e1veis, como ventos constantes e forte incid\u00eancia solar, caracter\u00edsticas que v\u00eam atraindo empresas brasileiras e estrangeiras interessadas no desenvolvimento de parques e\u00f3licos no mar. A nova boia ir\u00e1 refor\u00e7ar o banco de dados necess\u00e1rio para an\u00e1lises t\u00e9cnicas e licenciamento ambiental desses empreendimentos.<\/p>\n<p>Pescadores da regi\u00e3o acompanharam a opera\u00e7\u00e3o de instala\u00e7\u00e3o e comemoram a iniciativa, destacando que estudos mais precisos sobre mar\u00e9s e ventos podem ajudar tamb\u00e9m na atividade pesqueira. A coordenadoria do projeto informou que toda a opera\u00e7\u00e3o foi realizada dentro dos padr\u00f5es de seguran\u00e7a e que a boia ser\u00e1 monitorada continuamente para garantir seu bom funcionamento.<\/p>\n<p>A expectativa \u00e9 de que os primeiros relat\u00f3rios consolidados sejam divulgados nos pr\u00f3ximos meses, trazendo um panorama mais detalhado sobre o comportamento dos ventos em alto-mar no Piau\u00ed e fortalecendo o avan\u00e7o das energias renov\u00e1veis no estado.<\/p>\n","protected":false},"excerpt":{"rendered":"<p>Uma boia meteorol\u00f3gica de \u00faltima gera\u00e7\u00e3o foi instalada no litoral do Piau\u00ed para monitorar, em tempo real, as condi\u00e7\u00f5es de vento e do mar em \u00e1reas de alto-mar. O equipamento, considerado estrat\u00e9gico para pesquisas e futuros projetos de gera\u00e7\u00e3o de energia e\u00f3lica offshore, foi posicionado a cerca de 40 quil\u00f4metros da costa, em uma das [&hellip;]<\/p>\n","protected":false},"author":2,"featured_media":372425,"comment_status":"closed","ping_status":"closed","sticky":false,"template":"","format":"standard","meta":{"_acf_changed":false,"footnotes":""},"categories":[165],"tags":[],"class_list":["post-372424","post","type-post","status-publish","format-standard","has-post-thumbnail","hentry","category-nordeste"],"acf":[],"_links":{"self":[{"href":"https:\/\/www.notibras.com\/site\/wp-json\/wp\/v2\/posts\/372424","targetHints":{"allow":["GET"]}}],"collection":[{"href":"https:\/\/www.notibras.com\/site\/wp-json\/wp\/v2\/posts"}],"about":[{"href":"https:\/\/www.notibras.com\/site\/wp-json\/wp\/v2\/types\/post"}],"author":[{"embeddable":true,"href":"https:\/\/www.notibras.com\/site\/wp-json\/wp\/v2\/users\/2"}],"replies":[{"embeddable":true,"href":"https:\/\/www.notibras.com\/site\/wp-json\/wp\/v2\/comments?post=372424"}],"version-history":[{"count":1,"href":"https:\/\/www.notibras.com\/site\/wp-json\/wp\/v2\/posts\/372424\/revisions"}],"predecessor-version":[{"id":372426,"href":"https:\/\/www.notibras.com\/site\/wp-json\/wp\/v2\/posts\/372424\/revisions\/372426"}],"wp:featuredmedia":[{"embeddable":true,"href":"https:\/\/www.notibras.com\/site\/wp-json\/wp\/v2\/media\/372425"}],"wp:attachment":[{"href":"https:\/\/www.notibras.com\/site\/wp-json\/wp\/v2\/media?parent=372424"}],"wp:term":[{"taxonomy":"category","embeddable":true,"href":"https:\/\/www.notibras.com\/site\/wp-json\/wp\/v2\/categories?post=372424"},{"taxonomy":"post_tag","embeddable":true,"href":"https:\/\/www.notibras.com\/site\/wp-json\/wp\/v2\/tags?post=372424"}],"curies":[{"name":"wp","href":"https:\/\/api.w.org\/{rel}","templated":true}]}}