{"id":372451,"date":"2025-11-27T02:00:26","date_gmt":"2025-11-27T05:00:26","guid":{"rendered":"https:\/\/www.notibras.com\/site\/?p=372451"},"modified":"2025-11-26T21:38:42","modified_gmt":"2025-11-27T00:38:42","slug":"a-menina-o-pai-e-o-dia-de-chuva","status":"publish","type":"post","link":"https:\/\/www.notibras.com\/site\/a-menina-o-pai-e-o-dia-de-chuva\/","title":{"rendered":"A menina, o pai e o dia de chuva"},"content":{"rendered":"<p>Alice, dois anos, queria porque queria ir ao parquinho como todos os dias. Mas eis que amanheceu com aquela chuvarada, que se estendeu por toda a tarde, o que deixou a crian\u00e7a impaciente. O pai, que estava de f\u00e9rias, resolveu dedicar o tempo todo ao lado da filha, enquanto a m\u00e3e vivia em reuni\u00f5es no trabalho.<\/p>\n<p>O homem, que adorava aqueles momentos, parecia se divertir at\u00e9 mais do que a pequena Alice. Era como se revivesse o seu tempo de inf\u00e2ncia, quando sua av\u00f3 lhe contava e recontava hist\u00f3rias. Naqueles idos, tamb\u00e9m havia o galinheiro no quintal, com o galo cantando cocoric\u00f3 a todo instante. E o ent\u00e3o menino morria de medo do dono do terreiro, ainda mais porque o bicho tinha fama de bicar a crian\u00e7ada.<\/p>\n<p>O pai pegou um livro de animais da fazenda. Alice pareceu encantada. Os dois imitaram a vaca, imitaram o cavalo, imitaram o porco, imitaram o pato, imitaram at\u00e9 o jumento e, \u00f3bvio, n\u00e3o poderiam faltar as imita\u00e7\u00f5es do galo, da galinha e dos in\u00fameros pintinhos.<\/p>\n<p>Depois foi a vez do livro sobre os bichos da selva. L\u00e1 estavam o tamandu\u00e1, a on\u00e7a, o jacar\u00e9, a coruja, a anta, a capivara e at\u00e9 a jiboia. Mas a menina ficou encantada mesmo foi com o lobo-guar\u00e1.<\/p>\n<p>\u2014 Au-au!<\/p>\n<p>\u2014 N\u00e3o, Alice. Esse a\u00ed \u00e9 o lobo-guar\u00e1.<\/p>\n<p>\u2014 Au-au!<\/p>\n<p>N\u00e3o tinha conversa e, por isso, o pai gargalhou do pr\u00f3prio pensamento. Aquele lobo-guar\u00e1 parecia mesmo um cachorro. Mas um cachorro de pernas compridas que nem girafa. O exagero fazia parte da brincadeira.<\/p>\n<p>Tamb\u00e9m brincaram de pintar, de colar, de amassar papel, de encher bal\u00e3o e fazer um monte de bolhas de sab\u00e3o. Tudo dentro de casa. Ali\u00e1s, casa de crian\u00e7a, do tipo que nem adianta arrumar arrumadinho, pois j\u00e1 desarruma desarrumadinho.<\/p>\n<p>Quando a mulher chegou, viu o marido e a filha deitados no tapete da sala. Adormecidos, mas com semblante de felicidade. Ela desejou se deitar tamb\u00e9m. Tirou os sapatos que a apertavam e se esparramou ao lado. Como \u00e9 bom deitar no tapete, pensou. Fechou os olhos e, abra\u00e7ada ao esposo e \u00e0 filha, dormiu.<\/p>\n<p><strong>\u2026\u2026\u2026\u2026\u2026\u2026\u2026\u2026<\/strong><\/p>\n<p><strong>Eduardo Mart\u00ednez \u00e9 autor do livro \u201957 Contos e Cr\u00f4nicas por um Autor Muito Velho\u2019 (Vencedor do Pr\u00eamio Liter\u00e1rio Clarice Lispector \u2013 2025 na categoria livro de contos).<\/strong><\/p>\n<p><strong>Compre aqui<\/strong><\/p>\n<p><a href=\"https:\/\/www.joanineditora.com.br\/57-contos-e-cronicas-por-um-autor-muito-velho\"><strong>https:\/\/www.joanineditora.com.br\/57-contos-e-cronicas-por-um-autor-muito-velho<\/strong><\/a><\/p>\n","protected":false},"excerpt":{"rendered":"<p>Alice, dois anos, queria porque queria ir ao parquinho como todos os dias. Mas eis que amanheceu com aquela chuvarada, que se estendeu por toda a tarde, o que deixou a crian\u00e7a impaciente. O pai, que estava de f\u00e9rias, resolveu dedicar o tempo todo ao lado da filha, enquanto a m\u00e3e vivia em reuni\u00f5es no [&hellip;]<\/p>\n","protected":false},"author":21,"featured_media":372452,"comment_status":"closed","ping_status":"closed","sticky":false,"template":"","format":"standard","meta":{"_acf_changed":false,"footnotes":""},"categories":[161],"tags":[],"class_list":["post-372451","post","type-post","status-publish","format-standard","has-post-thumbnail","hentry","category-quadradinho-em-foco"],"acf":[],"_links":{"self":[{"href":"https:\/\/www.notibras.com\/site\/wp-json\/wp\/v2\/posts\/372451","targetHints":{"allow":["GET"]}}],"collection":[{"href":"https:\/\/www.notibras.com\/site\/wp-json\/wp\/v2\/posts"}],"about":[{"href":"https:\/\/www.notibras.com\/site\/wp-json\/wp\/v2\/types\/post"}],"author":[{"embeddable":true,"href":"https:\/\/www.notibras.com\/site\/wp-json\/wp\/v2\/users\/21"}],"replies":[{"embeddable":true,"href":"https:\/\/www.notibras.com\/site\/wp-json\/wp\/v2\/comments?post=372451"}],"version-history":[{"count":2,"href":"https:\/\/www.notibras.com\/site\/wp-json\/wp\/v2\/posts\/372451\/revisions"}],"predecessor-version":[{"id":372454,"href":"https:\/\/www.notibras.com\/site\/wp-json\/wp\/v2\/posts\/372451\/revisions\/372454"}],"wp:featuredmedia":[{"embeddable":true,"href":"https:\/\/www.notibras.com\/site\/wp-json\/wp\/v2\/media\/372452"}],"wp:attachment":[{"href":"https:\/\/www.notibras.com\/site\/wp-json\/wp\/v2\/media?parent=372451"}],"wp:term":[{"taxonomy":"category","embeddable":true,"href":"https:\/\/www.notibras.com\/site\/wp-json\/wp\/v2\/categories?post=372451"},{"taxonomy":"post_tag","embeddable":true,"href":"https:\/\/www.notibras.com\/site\/wp-json\/wp\/v2\/tags?post=372451"}],"curies":[{"name":"wp","href":"https:\/\/api.w.org\/{rel}","templated":true}]}}