{"id":372463,"date":"2025-11-27T01:55:37","date_gmt":"2025-11-27T04:55:37","guid":{"rendered":"https:\/\/www.notibras.com\/site\/?p=372463"},"modified":"2025-11-27T04:40:42","modified_gmt":"2025-11-27T07:40:42","slug":"banco-central-aprova-nelson-souza-para-presidir-banco-brb","status":"publish","type":"post","link":"https:\/\/www.notibras.com\/site\/banco-central-aprova-nelson-souza-para-presidir-banco-brb\/","title":{"rendered":"Banco Central aprova Nelson Souza para presidir Banco BRB"},"content":{"rendered":"<p>O Banco BRB j\u00e1 tem um novo presidente. Nelson Ant\u00f4nio de Souza foi aprovado pelo Banco Central (BC), nesta quarta-feira (26), para presidir a institui\u00e7\u00e3o.<\/p>\n<p>Com 45 anos de experi\u00eancia no mercado financeiro, Souza j\u00e1 esteve \u00e0 frente de outros grandes bancos. &#8220;Meu compromisso \u00e9 defender o BRB e trabalhar junto com os mais de cinco mil empregados do Conglomerado BRB para fazer com que a institui\u00e7\u00e3o siga sendo forte, s\u00f3lida e que d\u00ea ainda mais orgulho \u00e0 popula\u00e7\u00e3o de Bras\u00edlia. Faremos um choque de gest\u00e3o, em parceria com os \u00f3rg\u00e3os de controle, sempre observando a legisla\u00e7\u00e3o&#8221;, afirmou.<\/p>\n<p>Antes da aprova\u00e7\u00e3o no BC, Nelson Souza foi sabatinado pela Comiss\u00e3o de Economia, Or\u00e7amento e Finan\u00e7as da C\u00e2mara Legislativa do Distrito Federal, que aprovou seu nome, assim como o Plen\u00e1rio da Casa, na ter\u00e7a-feira (25).<\/p>\n<p>A indica\u00e7\u00e3o de Souza para a Presid\u00eancia do BRB foi feita pelo governador Ibaneis Rocha e divulgada ao mercado por meio de Fato Relevante, no dia 19. O Distrito Federal (GDF) \u00e9 o principal acionista do Banco.<\/p>\n<p><strong>Trajet\u00f3ria<\/strong><\/p>\n<p>Resultados, pessoas e governan\u00e7a s\u00e3o os tr\u00eas pilares de gest\u00e3o que orientaram a trajet\u00f3ria profissional de Souza.<\/p>\n<p>Paulistano com ra\u00edzes no Piau\u00ed, o novo presidente do BRB possui MBA em Consultoria Empresarial pela Universidade de Bras\u00edlia (UnB) e em Administra\u00e7\u00e3o e Marketing pela Instituto de Estudos Empresariais do Rio de Janeiro. Souza tamb\u00e9m \u00e9 graduado em Letras e Psicologia, bagagem que d\u00e1 o tom principal de sua gest\u00e3o com foco na valoriza\u00e7\u00e3o das pessoas.<\/p>\n<p>Come\u00e7ou a carreira como menor aprendiz no Banco do Brasil, onde foi concursado. Chegou \u00e0 Caixa Econ\u00f4mica Federal, tamb\u00e9m por concurso, em 1979.<\/p>\n<p>Ocupou diversos cargos na Caixa: foi vice-presidente de Habita\u00e7\u00e3o e virou presidente da institui\u00e7\u00e3o em 2018. Presidiu ainda o Banco do Nordeste &#8211; BNB, a Desenvolve SP, e a BrasilCap. Mais recentemente ocupava o cargo de vice-presidente da Elo.<\/p>\n<p>\u201cAssumo esta miss\u00e3o com responsabilidade e compromisso com o Distrito Federal e com todas as regi\u00f5es onde o BRB atua. Meu foco ser\u00e1 fortalecer a liquidez do Banco, aprimorar os controles e garantir opera\u00e7\u00f5es pautadas por governan\u00e7a, gest\u00e3o de riscos e transpar\u00eancia, sempre com \u00e9tica e foco na valoriza\u00e7\u00e3o das pessoas\u201d, refor\u00e7ou.<\/p>\n<p>Segundo ele, o momento \u00e9 de um trabalho minucioso de melhorias, principalmente na governan\u00e7a. \u201cVamos fortalecer o BRB, mantendo o Banco de Bras\u00edlia s\u00f3lido, confi\u00e1vel e com resultados sustent\u00e1veis, preservando a integridade das pr\u00e1ticas banc\u00e1rias e a confian\u00e7a de clientes e investidores\u201d, finalizou.<\/p>\n","protected":false},"excerpt":{"rendered":"<p>O Banco BRB j\u00e1 tem um novo presidente. Nelson Ant\u00f4nio de Souza foi aprovado pelo Banco Central (BC), nesta quarta-feira (26), para presidir a institui\u00e7\u00e3o. Com 45 anos de experi\u00eancia no mercado financeiro, Souza j\u00e1 esteve \u00e0 frente de outros grandes bancos. &#8220;Meu compromisso \u00e9 defender o BRB e trabalhar junto com os mais de [&hellip;]<\/p>\n","protected":false},"author":21,"featured_media":372464,"comment_status":"closed","ping_status":"closed","sticky":false,"template":"","format":"standard","meta":{"_acf_changed":false,"footnotes":""},"categories":[161],"tags":[],"class_list":["post-372463","post","type-post","status-publish","format-standard","has-post-thumbnail","hentry","category-quadradinho-em-foco"],"acf":[],"_links":{"self":[{"href":"https:\/\/www.notibras.com\/site\/wp-json\/wp\/v2\/posts\/372463","targetHints":{"allow":["GET"]}}],"collection":[{"href":"https:\/\/www.notibras.com\/site\/wp-json\/wp\/v2\/posts"}],"about":[{"href":"https:\/\/www.notibras.com\/site\/wp-json\/wp\/v2\/types\/post"}],"author":[{"embeddable":true,"href":"https:\/\/www.notibras.com\/site\/wp-json\/wp\/v2\/users\/21"}],"replies":[{"embeddable":true,"href":"https:\/\/www.notibras.com\/site\/wp-json\/wp\/v2\/comments?post=372463"}],"version-history":[{"count":6,"href":"https:\/\/www.notibras.com\/site\/wp-json\/wp\/v2\/posts\/372463\/revisions"}],"predecessor-version":[{"id":372524,"href":"https:\/\/www.notibras.com\/site\/wp-json\/wp\/v2\/posts\/372463\/revisions\/372524"}],"wp:featuredmedia":[{"embeddable":true,"href":"https:\/\/www.notibras.com\/site\/wp-json\/wp\/v2\/media\/372464"}],"wp:attachment":[{"href":"https:\/\/www.notibras.com\/site\/wp-json\/wp\/v2\/media?parent=372463"}],"wp:term":[{"taxonomy":"category","embeddable":true,"href":"https:\/\/www.notibras.com\/site\/wp-json\/wp\/v2\/categories?post=372463"},{"taxonomy":"post_tag","embeddable":true,"href":"https:\/\/www.notibras.com\/site\/wp-json\/wp\/v2\/tags?post=372463"}],"curies":[{"name":"wp","href":"https:\/\/api.w.org\/{rel}","templated":true}]}}